{"id":57123,"date":"2023-09-14T09:09:00","date_gmt":"2023-09-14T12:09:00","guid":{"rendered":"https:\/\/blogopara.com.br\/?p=57123"},"modified":"2023-09-13T22:12:00","modified_gmt":"2023-09-14T01:12:00","slug":"prefeita-suzana-ramos-acompanha-obras-na-regiao-do-salitre","status":"publish","type":"post","link":"https:\/\/blogopara.com.br\/index.php\/2023\/09\/14\/prefeita-suzana-ramos-acompanha-obras-na-regiao-do-salitre","title":{"rendered":"Prefeita Suzana Ramos acompanha obras na regi\u00e3o do Salitre"},"content":{"rendered":"<p class=\"x_MsoNormal\" style=\"text-align: justify;\">A prefeita Suzana Ramos acompanhou nesta quarta-feira (13), o andamento das obras que est\u00e3o acontecendo na regi\u00e3o do Salitre, distrito de Junco. A gestora visitou as obras da Escola municipal L\u00facia Carmen Sobreira, na comunidade de Horto; da UBS de Capim de Raiz, que ser\u00e1 reformada; al\u00e9m das estradas vicinais que est\u00e3o sendo patroladas.<\/p>\n<p class=\"x_MsoNormal\" style=\"text-align: justify;\">\u201cTiramos o dia para fazer uma visita ao Salitre, temos aqui h\u00e1 mais de 5 meses m\u00e1quinas fazendo patrolamento em toda essa regi\u00e3o, e ao chegar aqui hoje o que vimos foi alegria no rosto da popula\u00e7\u00e3o. Aproveitamos tamb\u00e9m para visitar as obras em andamento da escola do Horto e tamb\u00e9m a UBS de Capim de Raiz, que daremos ordem de servi\u00e7o para a reforma em breve. Vamos continuar trabalhando por essa regi\u00e3o e toda Juazeiro\u201d, destacou a prefeita Suzana Ramos.<\/p>\n<p class=\"x_MsoNormal\" style=\"text-align: justify;\">O morador da comunidade de Marru\u00e1, Z\u00e9 Carlos Barros agradeceu a prefeita Suzana Ramos pelas benfeitorias na regi\u00e3o. \u201cAqui n\u00f3s temos produtores que precisam transitar por essas estradas para exportarem suas frutas e agora contam com uma estrada digna, temos escola na regi\u00e3o, e a UBS de Capim de Raiz que tamb\u00e9m ser\u00e1 reformada, gra\u00e7as a prefeita Suzana Ramos que n\u00e3o tem medido esfor\u00e7os para trazer melhorias para nossa regi\u00e3o\u201d, disse o morador.<\/p>\n<p class=\"x_MsoNormal\" style=\"text-align: justify;\">O comunit\u00e1rio Pedro Almeida, tamb\u00e9m agradeceu a gest\u00e3o municipal. \u201cAgrade\u00e7o toda a equipe da gest\u00e3o municipal, em nome da prefeita Suzana Ramos, pelas obras que est\u00e3o sendo realizadas aqui no Salitre, e tamb\u00e9m ao secret\u00e1rio Charles Leal pelo patrolamento hist\u00f3rico em nossa regi\u00e3o, essas estradas nunca foram feitas como est\u00e3o sendo agora\u201d, disse o comunit\u00e1rio.<\/p>\n<p class=\"x_MsoNormal\" style=\"text-align: justify;\">Acompanharam a prefeita Suzana Ramos durante as visitas o vereador Assis da Apolo; o secret\u00e1rio de Servi\u00e7os P\u00fablicos, Charles Leal; o assessor especial do governo, Clesio Alexandre e lideran\u00e7as do Salitre.<\/p>\n<p class=\"x_MsoNormal\" style=\"text-align: justify;\"><b>\u00a0<\/b><b>Outras obras<\/b><\/p>\n<p class=\"x_MsoNormal\" style=\"text-align: justify;\">A gest\u00e3o Suzana Ramos j\u00e1 entregou na regi\u00e3o do Salitre a requalifica\u00e7\u00e3o das escolas municipais Manoel Nunes Amorim (Junco), Am\u00e9rico Tanuri (Goiabeira 1) e Maria Monteiro Bacelar (Rodeadouro). Nos \u00faltimos meses mais de 50 Km de estradas vicinais foram patrolados no distrito de Junco (regi\u00e3o do baixo Salitre), beneficiando comunidades como: S\u00edtio Lima, Canto da Barra, Divina Gra\u00e7a, Sabi\u00e1 2, Curral Novo, Sabi\u00e1 1, Alto de Pedra, Horto, Ilhota, Capim de Raiz, Planalto, Campos dos Cavalos, Assentamento S\u00e3o Francisco, Carna\u00faba Torta, Barreiras entre outros.<\/p>\n<p class=\"x_MsoNormal\" style=\"text-align: justify;\">\n","protected":false},"excerpt":{"rendered":"<p>A prefeita Suzana Ramos acompanhou nesta quarta-feira (13), o andamento das obras que est\u00e3o acontecendo na regi\u00e3o do Salitre, distrito de Junco. A gestora visitou as obras da Escola municipal L\u00facia Carmen Sobreira, na comunidade de Horto; da UBS de Capim de Raiz, que ser\u00e1 reformada; al\u00e9m das estradas vicinais que est\u00e3o sendo patroladas. \u201cTiramos [&hellip;]<\/p>\n","protected":false},"author":1,"featured_media":57124,"comment_status":"closed","ping_status":"open","sticky":false,"template":"","format":"standard","meta":{"_uag_custom_page_level_css":"","_monsterinsights_skip_tracking":false,"_monsterinsights_sitenote_active":false,"_monsterinsights_sitenote_note":"","_monsterinsights_sitenote_category":0,"jetpack_post_was_ever_published":false,"_jetpack_newsletter_access":"","_jetpack_dont_email_post_to_subs":false,"_jetpack_newsletter_tier_id":0,"_jetpack_memberships_contains_paywalled_content":false,"_jetpack_memberships_contains_paid_content":false,"footnotes":"","jetpack_publicize_message":"","jetpack_publicize_feature_enabled":true,"jetpack_social_post_already_shared":true,"jetpack_social_options":{"image_generator_settings":{"template":"highway","default_image_id":0,"font":"","enabled":false},"version":2}},"categories":[203],"tags":[],"class_list":["post-57123","post","type-post","status-publish","format-standard","has-post-thumbnail","hentry","category-juazeiro"],"jetpack_publicize_connections":[],"jetpack_featured_media_url":"https:\/\/blogopara.com.br\/wp-content\/uploads\/2023\/09\/thumbnail_143A1836.jpg","uagb_featured_image_src":{"full":["https:\/\/blogopara.com.br\/wp-content\/uploads\/2023\/09\/thumbnail_143A1836.jpg",500,312,false],"thumbnail":["https:\/\/blogopara.com.br\/wp-content\/uploads\/2023\/09\/thumbnail_143A1836-150x150.jpg",150,150,true],"medium":["https:\/\/blogopara.com.br\/wp-content\/uploads\/2023\/09\/thumbnail_143A1836-300x187.jpg",300,187,true],"medium_large":["https:\/\/blogopara.com.br\/wp-content\/uploads\/2023\/09\/thumbnail_143A1836.jpg",500,312,false],"large":["https:\/\/blogopara.com.br\/wp-content\/uploads\/2023\/09\/thumbnail_143A1836.jpg",500,312,false],"1536x1536":["https:\/\/blogopara.com.br\/wp-content\/uploads\/2023\/09\/thumbnail_143A1836.jpg",500,312,false],"2048x2048":["https:\/\/blogopara.com.br\/wp-content\/uploads\/2023\/09\/thumbnail_143A1836.jpg",500,312,false],"mantranews-slider-large":["https:\/\/blogopara.com.br\/wp-content\/uploads\/2023\/09\/thumbnail_143A1836.jpg",500,312,false],"mantranews-featured-medium":["https:\/\/blogopara.com.br\/wp-content\/uploads\/2023\/09\/thumbnail_143A1836-420x307.jpg",420,307,true],"mantranews-featured-long":["https:\/\/blogopara.com.br\/wp-content\/uploads\/2023\/09\/thumbnail_143A1836-300x312.jpg",300,312,true],"mantranews-block-medium":["https:\/\/blogopara.com.br\/wp-content\/uploads\/2023\/09\/thumbnail_143A1836-464x290.jpg",464,290,true],"mantranews-carousel-image":["https:\/\/blogopara.com.br\/wp-content\/uploads\/2023\/09\/thumbnail_143A1836.jpg",500,312,false],"mantranews-block-thumb":["https:\/\/blogopara.com.br\/wp-content\/uploads\/2023\/09\/thumbnail_143A1836-322x230.jpg",322,230,true],"mantranews-single-large":["https:\/\/blogopara.com.br\/wp-content\/uploads\/2023\/09\/thumbnail_143A1836.jpg",500,312,false]},"uagb_author_info":{"display_name":"Reda\u00e7\u00e3o geral","author_link":"https:\/\/blogopara.com.br\/index.php\/author\/blogopara"},"uagb_comment_info":0,"uagb_excerpt":"A prefeita Suzana Ramos acompanhou nesta quarta-feira (13), o andamento das obras que est\u00e3o acontecendo na regi\u00e3o do Salitre, distrito de Junco. A gestora visitou as obras da Escola municipal L\u00facia Carmen Sobreira, na comunidade de Horto; da UBS de Capim de Raiz, que ser\u00e1 reformada; al\u00e9m das estradas vicinais que est\u00e3o sendo patroladas. \u201cTiramos&hellip;","jetpack_sharing_enabled":true,"jetpack_likes_enabled":true,"_links":{"self":[{"href":"https:\/\/blogopara.com.br\/index.php\/wp-json\/wp\/v2\/posts\/57123","targetHints":{"allow":["GET"]}}],"collection":[{"href":"https:\/\/blogopara.com.br\/index.php\/wp-json\/wp\/v2\/posts"}],"about":[{"href":"https:\/\/blogopara.com.br\/index.php\/wp-json\/wp\/v2\/types\/post"}],"author":[{"embeddable":true,"href":"https:\/\/blogopara.com.br\/index.php\/wp-json\/wp\/v2\/users\/1"}],"replies":[{"embeddable":true,"href":"https:\/\/blogopara.com.br\/index.php\/wp-json\/wp\/v2\/comments?post=57123"}],"version-history":[{"count":1,"href":"https:\/\/blogopara.com.br\/index.php\/wp-json\/wp\/v2\/posts\/57123\/revisions"}],"predecessor-version":[{"id":57125,"href":"https:\/\/blogopara.com.br\/index.php\/wp-json\/wp\/v2\/posts\/57123\/revisions\/57125"}],"wp:featuredmedia":[{"embeddable":true,"href":"https:\/\/blogopara.com.br\/index.php\/wp-json\/wp\/v2\/media\/57124"}],"wp:attachment":[{"href":"https:\/\/blogopara.com.br\/index.php\/wp-json\/wp\/v2\/media?parent=57123"}],"wp:term":[{"taxonomy":"category","embeddable":true,"href":"https:\/\/blogopara.com.br\/index.php\/wp-json\/wp\/v2\/categories?post=57123"},{"taxonomy":"post_tag","embeddable":true,"href":"https:\/\/blogopara.com.br\/index.php\/wp-json\/wp\/v2\/tags?post=57123"}],"curies":[{"name":"wp","href":"https:\/\/api.w.org\/{rel}","templated":true}]}}