{"id":57132,"date":"2023-09-14T14:15:00","date_gmt":"2023-09-14T17:15:00","guid":{"rendered":"https:\/\/blogopara.com.br\/?p=57132"},"modified":"2023-09-13T22:17:19","modified_gmt":"2023-09-14T01:17:19","slug":"semana-nacional-de-transito-prefeitura-de-juazeiro-divulga-programacao-que-inicia-na-proxima-segunda-18","status":"publish","type":"post","link":"https:\/\/blogopara.com.br\/index.php\/2023\/09\/14\/semana-nacional-de-transito-prefeitura-de-juazeiro-divulga-programacao-que-inicia-na-proxima-segunda-18","title":{"rendered":"Semana Nacional de Tr\u00e2nsito: Prefeitura de Juazeiro divulga programa\u00e7\u00e3o que inicia na pr\u00f3xima segunda (18)"},"content":{"rendered":"<p class=\"x_MsoNormal\" style=\"text-align: justify;\">A Prefeitura de Juazeiro, por meio da Companhia de Seguran\u00e7a, Tr\u00e2nsito e Transporte (CSTT), inicia as atividades e a\u00e7\u00f5es da Semana Nacional de Tr\u00e2nsito 2023 na pr\u00f3xima segunda-feira (18). Dentro da programa\u00e7\u00e3o, a CSTT realizar\u00e1 junto a outros \u00f3rg\u00e3os de seguran\u00e7a, Observat\u00f3rio de Seguran\u00e7a Vi\u00e1ria e \u00f3rg\u00e3os do Sistema Nacional de Tr\u00e2nsito local, diversas atividades voltadas \u00e0 seguran\u00e7a no tr\u00e2nsito.<\/p>\n<p class=\"x_MsoNormal\" style=\"text-align: justify;\">\u201cPreparamos uma programa\u00e7\u00e3o especial para a semana nacional de tr\u00e2nsito, junto a diversos parceiros que v\u00e3o nos ajudar nessa causa t\u00e3o importante que \u00e9 a seguran\u00e7a no tr\u00e2nsito\u201d, disse o diretor presidente da CSTT, Ten\u00f3rio Filho.<\/p>\n<p class=\"x_MsoNormal\" style=\"text-align: justify;\">Este ano o tema da campanha em Juazeiro \u00e9 \u201cNo tr\u00e2nsito, escolha a vida\u201d, e vai contar com palestras, a\u00e7\u00f5es educativas, debate sobre o tr\u00e2nsito local e passeio cicl\u00edstico. As atividades ser\u00e3o desenvolvidas at\u00e9 o dia 24, com o objetivo de conscientizar todos os envolvidos no dia a dia do tr\u00e2nsito \u2013 motoristas, passageiros, motociclistas, ciclistas ou pedestres \u2013 sobre a import\u00e2ncia de respeitar as regras de tr\u00e2nsito para garantir a seguran\u00e7a de todos.<\/p>\n<p class=\"x_MsoNormal\" style=\"text-align: justify;\">Semana Nacional de Tr\u00e2nsito<\/p>\n<p class=\"x_MsoNormal\" style=\"text-align: justify;\">A Semana Nacional de Tr\u00e2nsito \u00e9 comemorada anualmente entre os dias 18 e 25 de setembro, de acordo com o artigo 326 do C\u00f3digo de Tr\u00e2nsito Brasileiro. O objetivo da iniciativa \u00e9 promover a\u00e7\u00f5es educativas e de conscientiza\u00e7\u00e3o para motoristas, motociclistas, ciclistas, pedestres e passageiros, a fim de promover um tr\u00e2nsito mais seguro.<\/p>\n<p class=\"x_MsoNormal\" style=\"text-align: justify;\">Confira a programa\u00e7\u00e3o completa:<\/p>\n<p class=\"x_MsoNormal\" style=\"text-align: justify;\">Segunda-feira (18)<\/p>\n<p class=\"x_MsoNormal\" style=\"text-align: justify;\">8h &#8211; Blitz educativa no bairro Dom Jos\u00e9 Rodrigues, nas proximidades da BA-210 com participa\u00e7\u00e3o dos \u00f3rg\u00e3os do Sistema Nacional de Tr\u00e2nsito local<\/p>\n<p class=\"x_MsoNormal\" style=\"text-align: justify;\">15h30 &#8211; Palestra educativa em escola municipal (participa\u00e7\u00e3o do palha\u00e7o Pouquinho com atividades l\u00fadicas).<\/p>\n<p class=\"x_MsoNormal\" style=\"text-align: justify;\">Ter\u00e7a-feira (19)<\/p>\n<p class=\"x_MsoNormal\" style=\"text-align: justify;\">8h &#8211; Blitz educativa na rua Oscar Ribeiro<\/p>\n<p class=\"x_MsoNormal\" style=\"text-align: justify;\">Quarta-feira (20)<\/p>\n<p class=\"x_MsoNormal\" style=\"text-align: justify;\">8h &#8211; F\u00f3rum de debate sobre a Seguran\u00e7a Vi\u00e1ria em parceria com o Observat\u00f3rio de Seguran\u00e7a Vi\u00e1ria, \u00f3rg\u00e3os do Sistema Nacional de Tr\u00e2nsito local e sociedade civil organizada, na Universidade do Estado da Bahia (UNEB)<\/p>\n<p class=\"x_MsoNormal\" style=\"text-align: justify;\">15h &#8211; Palestra educativa em escola municipal (participa\u00e7\u00e3o do palha\u00e7o Pouquinho com atividades l\u00fadicas)<\/p>\n<p class=\"x_MsoNormal\" style=\"text-align: justify;\">Quinta-feira: (21)<\/p>\n<p class=\"x_MsoNormal\" style=\"text-align: justify;\">\u00a07h30 &#8211; Palestra educativa em escola municipal (participa\u00e7\u00e3o do palha\u00e7o Pouquinho com atividades l\u00fadicas)<\/p>\n<p class=\"x_MsoNormal\" style=\"text-align: justify;\">18h &#8211; Blitz educativa na Av. Carmela Dutra (Orla I)<\/p>\n<p class=\"x_MsoNormal\" style=\"text-align: justify;\">Sexta feira (22)<\/p>\n<p class=\"x_MsoNormal\" style=\"text-align: justify;\">8h &#8211; Palestra educativa em escola municipal (participa\u00e7\u00e3o do palha\u00e7o Pouquinho com atividades l\u00fadicas).<\/p>\n<p class=\"x_MsoNormal\" style=\"text-align: justify;\">Domingo (24)<\/p>\n<p class=\"x_MsoNormal\" style=\"text-align: justify;\">7h &#8211; Passeio cicl\u00edstico da Lagoa do Calu para a Orla II, em parceria com o Observat\u00f3rio de Seguran\u00e7a Vi\u00e1ria, Secretaria de Educa\u00e7\u00e3o e demais \u00f3rg\u00e3o do Sistema Nacional de Tr\u00e2nsito local.<\/p>\n<p class=\"x_MsoNormal\" style=\"text-align: justify;\">\n","protected":false},"excerpt":{"rendered":"<p>A Prefeitura de Juazeiro, por meio da Companhia de Seguran\u00e7a, Tr\u00e2nsito e Transporte (CSTT), inicia as atividades e a\u00e7\u00f5es da Semana Nacional de Tr\u00e2nsito 2023 na pr\u00f3xima segunda-feira (18). Dentro da programa\u00e7\u00e3o, a CSTT realizar\u00e1 junto a outros \u00f3rg\u00e3os de seguran\u00e7a, Observat\u00f3rio de Seguran\u00e7a Vi\u00e1ria e \u00f3rg\u00e3os do Sistema Nacional de Tr\u00e2nsito local, diversas atividades [&hellip;]<\/p>\n","protected":false},"author":1,"featured_media":57133,"comment_status":"closed","ping_status":"open","sticky":false,"template":"","format":"standard","meta":{"_uag_custom_page_level_css":"","_monsterinsights_skip_tracking":false,"_monsterinsights_sitenote_active":false,"_monsterinsights_sitenote_note":"","_monsterinsights_sitenote_category":0,"jetpack_post_was_ever_published":false,"_jetpack_newsletter_access":"","_jetpack_dont_email_post_to_subs":false,"_jetpack_newsletter_tier_id":0,"_jetpack_memberships_contains_paywalled_content":false,"_jetpack_memberships_contains_paid_content":false,"footnotes":"","jetpack_publicize_message":"","jetpack_publicize_feature_enabled":true,"jetpack_social_post_already_shared":true,"jetpack_social_options":{"image_generator_settings":{"template":"highway","default_image_id":0,"font":"","enabled":false},"version":2}},"categories":[203],"tags":[],"class_list":["post-57132","post","type-post","status-publish","format-standard","has-post-thumbnail","hentry","category-juazeiro"],"jetpack_publicize_connections":[],"jetpack_featured_media_url":"https:\/\/blogopara.com.br\/wp-content\/uploads\/2023\/09\/thumbnail_52373083535_07dff97ac6_k.jpg","uagb_featured_image_src":{"full":["https:\/\/blogopara.com.br\/wp-content\/uploads\/2023\/09\/thumbnail_52373083535_07dff97ac6_k.jpg",500,333,false],"thumbnail":["https:\/\/blogopara.com.br\/wp-content\/uploads\/2023\/09\/thumbnail_52373083535_07dff97ac6_k-150x150.jpg",150,150,true],"medium":["https:\/\/blogopara.com.br\/wp-content\/uploads\/2023\/09\/thumbnail_52373083535_07dff97ac6_k-300x200.jpg",300,200,true],"medium_large":["https:\/\/blogopara.com.br\/wp-content\/uploads\/2023\/09\/thumbnail_52373083535_07dff97ac6_k.jpg",500,333,false],"large":["https:\/\/blogopara.com.br\/wp-content\/uploads\/2023\/09\/thumbnail_52373083535_07dff97ac6_k.jpg",500,333,false],"1536x1536":["https:\/\/blogopara.com.br\/wp-content\/uploads\/2023\/09\/thumbnail_52373083535_07dff97ac6_k.jpg",500,333,false],"2048x2048":["https:\/\/blogopara.com.br\/wp-content\/uploads\/2023\/09\/thumbnail_52373083535_07dff97ac6_k.jpg",500,333,false],"mantranews-slider-large":["https:\/\/blogopara.com.br\/wp-content\/uploads\/2023\/09\/thumbnail_52373083535_07dff97ac6_k.jpg",500,333,false],"mantranews-featured-medium":["https:\/\/blogopara.com.br\/wp-content\/uploads\/2023\/09\/thumbnail_52373083535_07dff97ac6_k-420x307.jpg",420,307,true],"mantranews-featured-long":["https:\/\/blogopara.com.br\/wp-content\/uploads\/2023\/09\/thumbnail_52373083535_07dff97ac6_k-300x333.jpg",300,333,true],"mantranews-block-medium":["https:\/\/blogopara.com.br\/wp-content\/uploads\/2023\/09\/thumbnail_52373083535_07dff97ac6_k-464x290.jpg",464,290,true],"mantranews-carousel-image":["https:\/\/blogopara.com.br\/wp-content\/uploads\/2023\/09\/thumbnail_52373083535_07dff97ac6_k.jpg",500,333,false],"mantranews-block-thumb":["https:\/\/blogopara.com.br\/wp-content\/uploads\/2023\/09\/thumbnail_52373083535_07dff97ac6_k-322x230.jpg",322,230,true],"mantranews-single-large":["https:\/\/blogopara.com.br\/wp-content\/uploads\/2023\/09\/thumbnail_52373083535_07dff97ac6_k.jpg",500,333,false]},"uagb_author_info":{"display_name":"Reda\u00e7\u00e3o geral","author_link":"https:\/\/blogopara.com.br\/index.php\/author\/blogopara"},"uagb_comment_info":0,"uagb_excerpt":"A Prefeitura de Juazeiro, por meio da Companhia de Seguran\u00e7a, Tr\u00e2nsito e Transporte (CSTT), inicia as atividades e a\u00e7\u00f5es da Semana Nacional de Tr\u00e2nsito 2023 na pr\u00f3xima segunda-feira (18). Dentro da programa\u00e7\u00e3o, a CSTT realizar\u00e1 junto a outros \u00f3rg\u00e3os de seguran\u00e7a, Observat\u00f3rio de Seguran\u00e7a Vi\u00e1ria e \u00f3rg\u00e3os do Sistema Nacional de Tr\u00e2nsito local, diversas atividades&hellip;","jetpack_sharing_enabled":true,"jetpack_likes_enabled":true,"_links":{"self":[{"href":"https:\/\/blogopara.com.br\/index.php\/wp-json\/wp\/v2\/posts\/57132","targetHints":{"allow":["GET"]}}],"collection":[{"href":"https:\/\/blogopara.com.br\/index.php\/wp-json\/wp\/v2\/posts"}],"about":[{"href":"https:\/\/blogopara.com.br\/index.php\/wp-json\/wp\/v2\/types\/post"}],"author":[{"embeddable":true,"href":"https:\/\/blogopara.com.br\/index.php\/wp-json\/wp\/v2\/users\/1"}],"replies":[{"embeddable":true,"href":"https:\/\/blogopara.com.br\/index.php\/wp-json\/wp\/v2\/comments?post=57132"}],"version-history":[{"count":1,"href":"https:\/\/blogopara.com.br\/index.php\/wp-json\/wp\/v2\/posts\/57132\/revisions"}],"predecessor-version":[{"id":57134,"href":"https:\/\/blogopara.com.br\/index.php\/wp-json\/wp\/v2\/posts\/57132\/revisions\/57134"}],"wp:featuredmedia":[{"embeddable":true,"href":"https:\/\/blogopara.com.br\/index.php\/wp-json\/wp\/v2\/media\/57133"}],"wp:attachment":[{"href":"https:\/\/blogopara.com.br\/index.php\/wp-json\/wp\/v2\/media?parent=57132"}],"wp:term":[{"taxonomy":"category","embeddable":true,"href":"https:\/\/blogopara.com.br\/index.php\/wp-json\/wp\/v2\/categories?post=57132"},{"taxonomy":"post_tag","embeddable":true,"href":"https:\/\/blogopara.com.br\/index.php\/wp-json\/wp\/v2\/tags?post=57132"}],"curies":[{"name":"wp","href":"https:\/\/api.w.org\/{rel}","templated":true}]}}