{"id":57146,"date":"2023-09-14T13:28:00","date_gmt":"2023-09-14T16:28:00","guid":{"rendered":"https:\/\/blogopara.com.br\/?p=57146"},"modified":"2023-09-14T08:37:06","modified_gmt":"2023-09-14T11:37:06","slug":"lula-anuncia-r-1-bilhao-do-bndes-para-o-rio-grande-do-sul","status":"publish","type":"post","link":"https:\/\/blogopara.com.br\/index.php\/2023\/09\/14\/lula-anuncia-r-1-bilhao-do-bndes-para-o-rio-grande-do-sul","title":{"rendered":"Lula anuncia R$ 1 bilh\u00e3o do BNDES para o Rio Grande do Sul"},"content":{"rendered":"<p>O presidente Luiz In\u00e1cio Lula da Silva anunciou, na noite desta ter\u00e7a-feira (12), que o governo federal vai conceder R$ 1 bilh\u00e3o em empr\u00e9stimos por meio do Banco Nacional de Desenvolvimento Econ\u00f4mico e Social (BNDES), para ajudar a recuperar a economia do Rio Grande do Sul, que sofre com os efeitos devastadores de um ciclone extratropical que atingiu diversas regi\u00f5es do estado na \u00faltima semana. Al\u00e9m disso, Lula informou que mais 354 mil trabalhadores com carteira assinada poder\u00e3o acessar os recursos depositados nas contas do Fundo de Garantia do Tempo de Servi\u00e7o (FGTS).<\/p>\n<p>&#8220;Tomamos a decis\u00e3o de fazer uma concess\u00e3o de empr\u00e9stimo do BNDES de R$ 1 bilh\u00e3o para ajudar a recuperar a economia de todas as cidades e, ao mesmo tempo, a libera\u00e7\u00e3o de R$ 600 milh\u00f5es do Fundo de Garantia [do Tempo de Servi\u00e7o] para atender 354 mil trabalhadores que t\u00eam Fundo de Garantia&#8221;, disse o presidente em v\u00eddeo postado nas redes sociais ap\u00f3s reuni\u00e3o, no Pal\u00e1cio da Alvorada, com ministros que fazem parte de um grupo de trabalho montado para lidar com a situa\u00e7\u00e3o no estado do Sul do pa\u00eds.<\/p>\n<p>&#8220;O que eu posso garantir ao povo do Rio Grande do Sul, ao povo da regi\u00e3o que foi prejudicada pela chuva, \u00e9 que o governo federal n\u00e3o faltar\u00e1 no atendimento das necessidades do povo da regi\u00e3o, seja pequeno e m\u00e9dio empres\u00e1rio, morador, pessoas que perderam as casas. Vamos cuidar do povo com muito carinho porque o povo n\u00e3o pode sofrer do jeito que est\u00e1 sofrendo&#8221;, completou Lula.<\/p>\n<p>No \u00faltimo domingo (10), o vice-presidente Geraldo Alckmin esteve pessoalmente na regi\u00e3o, quando ocupava interinamente a Presid\u00eancia da Rep\u00fablica em fun\u00e7\u00e3o da viagem de Lula \u00e0 \u00cdndia. Na ocasi\u00e3o, Alckmin anunciou a disponibiliza\u00e7\u00e3o de R$ 741 milh\u00f5es em ajuda ao governo ga\u00facho. Alckmin visitou o munic\u00edpio ga\u00facho de Lajeado, na regi\u00e3o do Vale do Taquari, um dos mais atingidos, onde se reuniu com prefeitos locais, ministros e o governador Eduardo Leite.<\/p>\n","protected":false},"excerpt":{"rendered":"<p>O presidente Luiz In\u00e1cio Lula da Silva anunciou, na noite desta ter\u00e7a-feira (12), que o governo federal vai conceder R$ 1 bilh\u00e3o em empr\u00e9stimos por meio do Banco Nacional de Desenvolvimento Econ\u00f4mico e Social (BNDES), para ajudar a recuperar a economia do Rio Grande do Sul, que sofre com os efeitos devastadores de um ciclone [&hellip;]<\/p>\n","protected":false},"author":1,"featured_media":57148,"comment_status":"closed","ping_status":"open","sticky":false,"template":"","format":"standard","meta":{"_uag_custom_page_level_css":"","_monsterinsights_skip_tracking":false,"_monsterinsights_sitenote_active":false,"_monsterinsights_sitenote_note":"","_monsterinsights_sitenote_category":0,"jetpack_post_was_ever_published":false,"_jetpack_newsletter_access":"","_jetpack_dont_email_post_to_subs":false,"_jetpack_newsletter_tier_id":0,"_jetpack_memberships_contains_paywalled_content":false,"_jetpack_memberships_contains_paid_content":false,"footnotes":"","jetpack_publicize_message":"","jetpack_publicize_feature_enabled":true,"jetpack_social_post_already_shared":true,"jetpack_social_options":{"image_generator_settings":{"template":"highway","default_image_id":0,"font":"","enabled":false},"version":2}},"categories":[203],"tags":[],"class_list":["post-57146","post","type-post","status-publish","format-standard","has-post-thumbnail","hentry","category-juazeiro"],"jetpack_publicize_connections":[],"jetpack_featured_media_url":"https:\/\/blogopara.com.br\/wp-content\/uploads\/2023\/09\/destaque-G.jpg","uagb_featured_image_src":{"full":["https:\/\/blogopara.com.br\/wp-content\/uploads\/2023\/09\/destaque-G.jpg",500,332,false],"thumbnail":["https:\/\/blogopara.com.br\/wp-content\/uploads\/2023\/09\/destaque-G-150x150.jpg",150,150,true],"medium":["https:\/\/blogopara.com.br\/wp-content\/uploads\/2023\/09\/destaque-G-300x199.jpg",300,199,true],"medium_large":["https:\/\/blogopara.com.br\/wp-content\/uploads\/2023\/09\/destaque-G.jpg",500,332,false],"large":["https:\/\/blogopara.com.br\/wp-content\/uploads\/2023\/09\/destaque-G.jpg",500,332,false],"1536x1536":["https:\/\/blogopara.com.br\/wp-content\/uploads\/2023\/09\/destaque-G.jpg",500,332,false],"2048x2048":["https:\/\/blogopara.com.br\/wp-content\/uploads\/2023\/09\/destaque-G.jpg",500,332,false],"mantranews-slider-large":["https:\/\/blogopara.com.br\/wp-content\/uploads\/2023\/09\/destaque-G.jpg",500,332,false],"mantranews-featured-medium":["https:\/\/blogopara.com.br\/wp-content\/uploads\/2023\/09\/destaque-G-420x307.jpg",420,307,true],"mantranews-featured-long":["https:\/\/blogopara.com.br\/wp-content\/uploads\/2023\/09\/destaque-G-300x332.jpg",300,332,true],"mantranews-block-medium":["https:\/\/blogopara.com.br\/wp-content\/uploads\/2023\/09\/destaque-G-464x290.jpg",464,290,true],"mantranews-carousel-image":["https:\/\/blogopara.com.br\/wp-content\/uploads\/2023\/09\/destaque-G.jpg",500,332,false],"mantranews-block-thumb":["https:\/\/blogopara.com.br\/wp-content\/uploads\/2023\/09\/destaque-G-322x230.jpg",322,230,true],"mantranews-single-large":["https:\/\/blogopara.com.br\/wp-content\/uploads\/2023\/09\/destaque-G.jpg",500,332,false]},"uagb_author_info":{"display_name":"Reda\u00e7\u00e3o geral","author_link":"https:\/\/blogopara.com.br\/index.php\/author\/blogopara"},"uagb_comment_info":0,"uagb_excerpt":"O presidente Luiz In\u00e1cio Lula da Silva anunciou, na noite desta ter\u00e7a-feira (12), que o governo federal vai conceder R$ 1 bilh\u00e3o em empr\u00e9stimos por meio do Banco Nacional de Desenvolvimento Econ\u00f4mico e Social (BNDES), para ajudar a recuperar a economia do Rio Grande do Sul, que sofre com os efeitos devastadores de um ciclone&hellip;","jetpack_sharing_enabled":true,"jetpack_likes_enabled":true,"_links":{"self":[{"href":"https:\/\/blogopara.com.br\/index.php\/wp-json\/wp\/v2\/posts\/57146","targetHints":{"allow":["GET"]}}],"collection":[{"href":"https:\/\/blogopara.com.br\/index.php\/wp-json\/wp\/v2\/posts"}],"about":[{"href":"https:\/\/blogopara.com.br\/index.php\/wp-json\/wp\/v2\/types\/post"}],"author":[{"embeddable":true,"href":"https:\/\/blogopara.com.br\/index.php\/wp-json\/wp\/v2\/users\/1"}],"replies":[{"embeddable":true,"href":"https:\/\/blogopara.com.br\/index.php\/wp-json\/wp\/v2\/comments?post=57146"}],"version-history":[{"count":1,"href":"https:\/\/blogopara.com.br\/index.php\/wp-json\/wp\/v2\/posts\/57146\/revisions"}],"predecessor-version":[{"id":57149,"href":"https:\/\/blogopara.com.br\/index.php\/wp-json\/wp\/v2\/posts\/57146\/revisions\/57149"}],"wp:featuredmedia":[{"embeddable":true,"href":"https:\/\/blogopara.com.br\/index.php\/wp-json\/wp\/v2\/media\/57148"}],"wp:attachment":[{"href":"https:\/\/blogopara.com.br\/index.php\/wp-json\/wp\/v2\/media?parent=57146"}],"wp:term":[{"taxonomy":"category","embeddable":true,"href":"https:\/\/blogopara.com.br\/index.php\/wp-json\/wp\/v2\/categories?post=57146"},{"taxonomy":"post_tag","embeddable":true,"href":"https:\/\/blogopara.com.br\/index.php\/wp-json\/wp\/v2\/tags?post=57146"}],"curies":[{"name":"wp","href":"https:\/\/api.w.org\/{rel}","templated":true}]}}