{"id":57150,"date":"2023-09-14T16:39:00","date_gmt":"2023-09-14T19:39:00","guid":{"rendered":"https:\/\/blogopara.com.br\/?p=57150"},"modified":"2023-09-14T08:40:56","modified_gmt":"2023-09-14T11:40:56","slug":"prefeitura-de-juazeiro-inicia-inscricoes-para-casamento-coletivo","status":"publish","type":"post","link":"https:\/\/blogopara.com.br\/index.php\/2023\/09\/14\/prefeitura-de-juazeiro-inicia-inscricoes-para-casamento-coletivo","title":{"rendered":"Prefeitura de Juazeiro inicia inscri\u00e7\u00f5es para casamento coletivo"},"content":{"rendered":"<p class=\"x_MsoNormal\" style=\"text-align: justify;\">A Prefeitura de Juazeiro, atrav\u00e9s da Secretaria de Desenvolvimento Social, Mulher e Diversidade (Sedes), inicia as inscri\u00e7\u00f5es, nesta segunda-feira (18), para casais que queiram participar do casamento coletivo. A a\u00e7\u00e3o vai unir oficialmente 100 casais h\u00e9tero e homoafetivos. As inscri\u00e7\u00f5es seguem at\u00e9 o dia 29 de setembro.<\/p>\n<p class=\"x_MsoNormal\" style=\"text-align: justify;\">Podem participar pessoas a partir de 16 anos. Menores de idade precisam de autoriza\u00e7\u00e3o e presen\u00e7a dos respons\u00e1veis. As inscri\u00e7\u00f5es podem realizadas nos Centros de Refer\u00eancia em Assist\u00eancia Social (CRAS) Malhada da Areia, Jo\u00e3o Paulo II, Tabuleiro, Quid\u00e9 e Itaberaba, das 8h \u00e0s 17h; ou no pr\u00e9dio da Superintend\u00eancia de Pol\u00edticas Sociais, que fica anexo \u00e0 Sedes, na Orla I, das 8h \u00e0s 14h.<\/p>\n<p class=\"x_MsoNormal\" style=\"text-align: justify;\"><b>Documentos necess\u00e1rios<\/b><\/p>\n<p class=\"x_MsoNormal\" style=\"text-align: justify;\">Para fazer a inscri\u00e7\u00e3o, \u00e9 preciso apresentar os seguintes documentos: Certid\u00e3o de nascimento expedida no m\u00e1ximo, h\u00e1 90 dias (para solteiros) ou certid\u00e3o de Casamento constando a averba\u00e7\u00e3o do div\u00f3rcio expedida no m\u00e1ximo h\u00e1 90 dias (para divorciados); ou a Certid\u00e3o de Casamento constando a averba\u00e7\u00e3o do \u00f3bito expedida no m\u00e1ximo h\u00e1 90 dias (para vi\u00favos). Al\u00e9m da certid\u00e3o, \u00e9 preciso o documento de identifica\u00e7\u00e3o civil do casal, comprovante de resid\u00eancia de Juazeiro-BA e documento oficial de duas testemunhas. Os interessados dever\u00e3o preencher a ficha de inscri\u00e7\u00e3o do casamento coletivo e o Termo de Ci\u00eancia e Comprometimento, que est\u00e3o dispon\u00edveis nos CRAS.<\/p>\n<p class=\"x_MsoNormal\" style=\"text-align: justify;\">O casamento ser\u00e1 no dia 8 de dezembro na Orla II de Juazeiro.<\/p>\n","protected":false},"excerpt":{"rendered":"<p>A Prefeitura de Juazeiro, atrav\u00e9s da Secretaria de Desenvolvimento Social, Mulher e Diversidade (Sedes), inicia as inscri\u00e7\u00f5es, nesta segunda-feira (18), para casais que queiram participar do casamento coletivo. A a\u00e7\u00e3o vai unir oficialmente 100 casais h\u00e9tero e homoafetivos. As inscri\u00e7\u00f5es seguem at\u00e9 o dia 29 de setembro. Podem participar pessoas a partir de 16 anos. [&hellip;]<\/p>\n","protected":false},"author":1,"featured_media":57151,"comment_status":"closed","ping_status":"open","sticky":false,"template":"","format":"standard","meta":{"_uag_custom_page_level_css":"","_monsterinsights_skip_tracking":false,"_monsterinsights_sitenote_active":false,"_monsterinsights_sitenote_note":"","_monsterinsights_sitenote_category":0,"jetpack_post_was_ever_published":false,"_jetpack_newsletter_access":"","_jetpack_dont_email_post_to_subs":false,"_jetpack_newsletter_tier_id":0,"_jetpack_memberships_contains_paywalled_content":false,"_jetpack_memberships_contains_paid_content":false,"footnotes":"","jetpack_publicize_message":"","jetpack_publicize_feature_enabled":true,"jetpack_social_post_already_shared":true,"jetpack_social_options":{"image_generator_settings":{"template":"highway","default_image_id":0,"font":"","enabled":false},"version":2}},"categories":[203],"tags":[],"class_list":["post-57150","post","type-post","status-publish","format-standard","has-post-thumbnail","hentry","category-juazeiro"],"jetpack_publicize_connections":[],"jetpack_featured_media_url":"https:\/\/blogopara.com.br\/wp-content\/uploads\/2023\/09\/thumbnail_casamento-coletivo-1.jpg","uagb_featured_image_src":{"full":["https:\/\/blogopara.com.br\/wp-content\/uploads\/2023\/09\/thumbnail_casamento-coletivo-1.jpg",500,333,false],"thumbnail":["https:\/\/blogopara.com.br\/wp-content\/uploads\/2023\/09\/thumbnail_casamento-coletivo-1-150x150.jpg",150,150,true],"medium":["https:\/\/blogopara.com.br\/wp-content\/uploads\/2023\/09\/thumbnail_casamento-coletivo-1-300x200.jpg",300,200,true],"medium_large":["https:\/\/blogopara.com.br\/wp-content\/uploads\/2023\/09\/thumbnail_casamento-coletivo-1.jpg",500,333,false],"large":["https:\/\/blogopara.com.br\/wp-content\/uploads\/2023\/09\/thumbnail_casamento-coletivo-1.jpg",500,333,false],"1536x1536":["https:\/\/blogopara.com.br\/wp-content\/uploads\/2023\/09\/thumbnail_casamento-coletivo-1.jpg",500,333,false],"2048x2048":["https:\/\/blogopara.com.br\/wp-content\/uploads\/2023\/09\/thumbnail_casamento-coletivo-1.jpg",500,333,false],"mantranews-slider-large":["https:\/\/blogopara.com.br\/wp-content\/uploads\/2023\/09\/thumbnail_casamento-coletivo-1.jpg",500,333,false],"mantranews-featured-medium":["https:\/\/blogopara.com.br\/wp-content\/uploads\/2023\/09\/thumbnail_casamento-coletivo-1-420x307.jpg",420,307,true],"mantranews-featured-long":["https:\/\/blogopara.com.br\/wp-content\/uploads\/2023\/09\/thumbnail_casamento-coletivo-1-300x333.jpg",300,333,true],"mantranews-block-medium":["https:\/\/blogopara.com.br\/wp-content\/uploads\/2023\/09\/thumbnail_casamento-coletivo-1-464x290.jpg",464,290,true],"mantranews-carousel-image":["https:\/\/blogopara.com.br\/wp-content\/uploads\/2023\/09\/thumbnail_casamento-coletivo-1.jpg",500,333,false],"mantranews-block-thumb":["https:\/\/blogopara.com.br\/wp-content\/uploads\/2023\/09\/thumbnail_casamento-coletivo-1-322x230.jpg",322,230,true],"mantranews-single-large":["https:\/\/blogopara.com.br\/wp-content\/uploads\/2023\/09\/thumbnail_casamento-coletivo-1.jpg",500,333,false]},"uagb_author_info":{"display_name":"Reda\u00e7\u00e3o geral","author_link":"https:\/\/blogopara.com.br\/index.php\/author\/blogopara"},"uagb_comment_info":0,"uagb_excerpt":"A Prefeitura de Juazeiro, atrav\u00e9s da Secretaria de Desenvolvimento Social, Mulher e Diversidade (Sedes), inicia as inscri\u00e7\u00f5es, nesta segunda-feira (18), para casais que queiram participar do casamento coletivo. A a\u00e7\u00e3o vai unir oficialmente 100 casais h\u00e9tero e homoafetivos. As inscri\u00e7\u00f5es seguem at\u00e9 o dia 29 de setembro. Podem participar pessoas a partir de 16 anos.&hellip;","jetpack_sharing_enabled":true,"jetpack_likes_enabled":true,"_links":{"self":[{"href":"https:\/\/blogopara.com.br\/index.php\/wp-json\/wp\/v2\/posts\/57150","targetHints":{"allow":["GET"]}}],"collection":[{"href":"https:\/\/blogopara.com.br\/index.php\/wp-json\/wp\/v2\/posts"}],"about":[{"href":"https:\/\/blogopara.com.br\/index.php\/wp-json\/wp\/v2\/types\/post"}],"author":[{"embeddable":true,"href":"https:\/\/blogopara.com.br\/index.php\/wp-json\/wp\/v2\/users\/1"}],"replies":[{"embeddable":true,"href":"https:\/\/blogopara.com.br\/index.php\/wp-json\/wp\/v2\/comments?post=57150"}],"version-history":[{"count":1,"href":"https:\/\/blogopara.com.br\/index.php\/wp-json\/wp\/v2\/posts\/57150\/revisions"}],"predecessor-version":[{"id":57152,"href":"https:\/\/blogopara.com.br\/index.php\/wp-json\/wp\/v2\/posts\/57150\/revisions\/57152"}],"wp:featuredmedia":[{"embeddable":true,"href":"https:\/\/blogopara.com.br\/index.php\/wp-json\/wp\/v2\/media\/57151"}],"wp:attachment":[{"href":"https:\/\/blogopara.com.br\/index.php\/wp-json\/wp\/v2\/media?parent=57150"}],"wp:term":[{"taxonomy":"category","embeddable":true,"href":"https:\/\/blogopara.com.br\/index.php\/wp-json\/wp\/v2\/categories?post=57150"},{"taxonomy":"post_tag","embeddable":true,"href":"https:\/\/blogopara.com.br\/index.php\/wp-json\/wp\/v2\/tags?post=57150"}],"curies":[{"name":"wp","href":"https:\/\/api.w.org\/{rel}","templated":true}]}}