{"id":57157,"date":"2023-09-14T11:52:50","date_gmt":"2023-09-14T14:52:50","guid":{"rendered":"https:\/\/blogopara.com.br\/?p=57157"},"modified":"2023-09-14T11:52:54","modified_gmt":"2023-09-14T14:52:54","slug":"prtb-de-juazeiroba-anuncia-nova-lideranca-municipal-em-preparacao-para-eleicoes-de-2024","status":"publish","type":"post","link":"https:\/\/blogopara.com.br\/index.php\/2023\/09\/14\/prtb-de-juazeiroba-anuncia-nova-lideranca-municipal-em-preparacao-para-eleicoes-de-2024","title":{"rendered":"PRTB de Juazeiro(BA) anuncia nova lideran\u00e7a municipal em prepara\u00e7\u00e3o para elei\u00e7\u00f5es de 2024"},"content":{"rendered":"<p style=\"text-align: justify;\"><span style=\"font-size: revert; color: initial;\">Em uma reuni\u00e3o partid\u00e1ria realizada na \u00faltima quarta-feira, 14 de setembro, a diretoria local do Partido Renovador Trabalhista Brasileiro (PRTB) anunciou sua nova lideran\u00e7a municipal, em prepara\u00e7\u00e3o para as elei\u00e7\u00f5es de 2024. O evento contou com a ilustre presen\u00e7a do presidente estadual do partido, Rog\u00e9rio Tadeu da Luz, que parabenizou a nova lideran\u00e7a. Em sua fala, Andr\u00e9 destacou a import\u00e2ncia do partido na constru\u00e7\u00e3o de uma alian\u00e7a partid\u00e1ria s\u00f3lida e inclusiva, com vista a um futuro promissor para a cidade. Ele enfatizou a necessidade de unir for\u00e7as e ideias para ressignificar os desafios que Juazeiro enfrenta e para garantir um desenvolvimento sustent\u00e1vel e inclusivo.<\/span><\/p>\n<p style=\"text-align: justify;\">A composi\u00e7\u00e3o da nova diretoria municipal do PRTB em Juazeiro \u00e9 a seguinte:<\/p>\n<p style=\"text-align: justify;\">Presidente: Andr\u00e9 Rapadura<br \/>\nVice-Presidente: Jackson Silva<br \/>\nSecret\u00e1rio: Anderson Mateus<br \/>\nTesoureiro: Chiquinho da Suacan<br \/>\nMembro Vocal: Ten\u00f3rio Filho<\/p>\n<p style=\"text-align: justify;\">A escolha deste time reflete a diversidade de ideias e experi\u00eancias que a nova lideran\u00e7a pretende trazer para o partido. Com uma equipe comprometida e engajada, o PRTB em Juazeiro est\u00e1 determinado a se tornar uma for\u00e7a significativa nas pr\u00f3ximas elei\u00e7\u00f5es e a contribuir para o progresso da cidade.<\/p>\n<p style=\"text-align: justify;\">Manoel Ten\u00f3rio, Secret\u00e1rio da Companhia de Seguran\u00e7a, Tr\u00e2nsito e Transporte (CSTT), expressou seu apoio \u00e0 nova lideran\u00e7a, enfatizando a import\u00e2ncia da colabora\u00e7\u00e3o entre os setores p\u00fablico e pol\u00edtico para atender \u00e0s necessidades da comunidade.<\/p>\n<p style=\"text-align: justify;\">Com a nova diretoria municipal em vigor, o PRTB em Juazeiro se prepara para um per\u00edodo de intensa atividade pol\u00edtica, buscando solu\u00e7\u00f5es e oportunidades que beneficiem a popula\u00e7\u00e3o local.<\/p>\n<p style=\"text-align: justify;\">Guilherme Teixeira<br \/>\nSBR Comunica\u00e7\u00e3o<\/p>\n","protected":false},"excerpt":{"rendered":"<p>Em uma reuni\u00e3o partid\u00e1ria realizada na \u00faltima quarta-feira, 14 de setembro, a diretoria local do Partido Renovador Trabalhista Brasileiro (PRTB) anunciou sua nova lideran\u00e7a municipal, em prepara\u00e7\u00e3o para as elei\u00e7\u00f5es de 2024. O evento contou com a ilustre presen\u00e7a do presidente estadual do partido, Rog\u00e9rio Tadeu da Luz, que parabenizou a nova lideran\u00e7a. Em sua [&hellip;]<\/p>\n","protected":false},"author":1,"featured_media":57158,"comment_status":"closed","ping_status":"open","sticky":false,"template":"","format":"standard","meta":{"_uag_custom_page_level_css":"","_monsterinsights_skip_tracking":false,"_monsterinsights_sitenote_active":false,"_monsterinsights_sitenote_note":"","_monsterinsights_sitenote_category":0,"jetpack_post_was_ever_published":false,"_jetpack_newsletter_access":"","_jetpack_dont_email_post_to_subs":false,"_jetpack_newsletter_tier_id":0,"_jetpack_memberships_contains_paywalled_content":false,"_jetpack_memberships_contains_paid_content":false,"footnotes":"","jetpack_publicize_message":"","jetpack_publicize_feature_enabled":true,"jetpack_social_post_already_shared":true,"jetpack_social_options":{"image_generator_settings":{"template":"highway","default_image_id":0,"font":"","enabled":false},"version":2}},"categories":[197],"tags":[2185,11051],"class_list":["post-57157","post","type-post","status-publish","format-standard","has-post-thumbnail","hentry","category-politica","tag-eleicao-2024","tag-rapadura"],"jetpack_publicize_connections":[],"jetpack_featured_media_url":"https:\/\/blogopara.com.br\/wp-content\/uploads\/2023\/09\/IMG-20230914-WA0069.jpg","uagb_featured_image_src":{"full":["https:\/\/blogopara.com.br\/wp-content\/uploads\/2023\/09\/IMG-20230914-WA0069.jpg",500,395,false],"thumbnail":["https:\/\/blogopara.com.br\/wp-content\/uploads\/2023\/09\/IMG-20230914-WA0069-150x150.jpg",150,150,true],"medium":["https:\/\/blogopara.com.br\/wp-content\/uploads\/2023\/09\/IMG-20230914-WA0069-300x237.jpg",300,237,true],"medium_large":["https:\/\/blogopara.com.br\/wp-content\/uploads\/2023\/09\/IMG-20230914-WA0069.jpg",500,395,false],"large":["https:\/\/blogopara.com.br\/wp-content\/uploads\/2023\/09\/IMG-20230914-WA0069.jpg",500,395,false],"1536x1536":["https:\/\/blogopara.com.br\/wp-content\/uploads\/2023\/09\/IMG-20230914-WA0069.jpg",500,395,false],"2048x2048":["https:\/\/blogopara.com.br\/wp-content\/uploads\/2023\/09\/IMG-20230914-WA0069.jpg",500,395,false],"mantranews-slider-large":["https:\/\/blogopara.com.br\/wp-content\/uploads\/2023\/09\/IMG-20230914-WA0069.jpg",500,395,false],"mantranews-featured-medium":["https:\/\/blogopara.com.br\/wp-content\/uploads\/2023\/09\/IMG-20230914-WA0069-420x307.jpg",420,307,true],"mantranews-featured-long":["https:\/\/blogopara.com.br\/wp-content\/uploads\/2023\/09\/IMG-20230914-WA0069-300x395.jpg",300,395,true],"mantranews-block-medium":["https:\/\/blogopara.com.br\/wp-content\/uploads\/2023\/09\/IMG-20230914-WA0069-464x290.jpg",464,290,true],"mantranews-carousel-image":["https:\/\/blogopara.com.br\/wp-content\/uploads\/2023\/09\/IMG-20230914-WA0069.jpg",500,395,false],"mantranews-block-thumb":["https:\/\/blogopara.com.br\/wp-content\/uploads\/2023\/09\/IMG-20230914-WA0069-322x230.jpg",322,230,true],"mantranews-single-large":["https:\/\/blogopara.com.br\/wp-content\/uploads\/2023\/09\/IMG-20230914-WA0069.jpg",500,395,false]},"uagb_author_info":{"display_name":"Reda\u00e7\u00e3o geral","author_link":"https:\/\/blogopara.com.br\/index.php\/author\/blogopara"},"uagb_comment_info":0,"uagb_excerpt":"Em uma reuni\u00e3o partid\u00e1ria realizada na \u00faltima quarta-feira, 14 de setembro, a diretoria local do Partido Renovador Trabalhista Brasileiro (PRTB) anunciou sua nova lideran\u00e7a municipal, em prepara\u00e7\u00e3o para as elei\u00e7\u00f5es de 2024. O evento contou com a ilustre presen\u00e7a do presidente estadual do partido, Rog\u00e9rio Tadeu da Luz, que parabenizou a nova lideran\u00e7a. Em sua&hellip;","jetpack_sharing_enabled":true,"jetpack_likes_enabled":true,"_links":{"self":[{"href":"https:\/\/blogopara.com.br\/index.php\/wp-json\/wp\/v2\/posts\/57157","targetHints":{"allow":["GET"]}}],"collection":[{"href":"https:\/\/blogopara.com.br\/index.php\/wp-json\/wp\/v2\/posts"}],"about":[{"href":"https:\/\/blogopara.com.br\/index.php\/wp-json\/wp\/v2\/types\/post"}],"author":[{"embeddable":true,"href":"https:\/\/blogopara.com.br\/index.php\/wp-json\/wp\/v2\/users\/1"}],"replies":[{"embeddable":true,"href":"https:\/\/blogopara.com.br\/index.php\/wp-json\/wp\/v2\/comments?post=57157"}],"version-history":[{"count":1,"href":"https:\/\/blogopara.com.br\/index.php\/wp-json\/wp\/v2\/posts\/57157\/revisions"}],"predecessor-version":[{"id":57159,"href":"https:\/\/blogopara.com.br\/index.php\/wp-json\/wp\/v2\/posts\/57157\/revisions\/57159"}],"wp:featuredmedia":[{"embeddable":true,"href":"https:\/\/blogopara.com.br\/index.php\/wp-json\/wp\/v2\/media\/57158"}],"wp:attachment":[{"href":"https:\/\/blogopara.com.br\/index.php\/wp-json\/wp\/v2\/media?parent=57157"}],"wp:term":[{"taxonomy":"category","embeddable":true,"href":"https:\/\/blogopara.com.br\/index.php\/wp-json\/wp\/v2\/categories?post=57157"},{"taxonomy":"post_tag","embeddable":true,"href":"https:\/\/blogopara.com.br\/index.php\/wp-json\/wp\/v2\/tags?post=57157"}],"curies":[{"name":"wp","href":"https:\/\/api.w.org\/{rel}","templated":true}]}}