{"id":57160,"date":"2023-09-14T13:56:01","date_gmt":"2023-09-14T16:56:01","guid":{"rendered":"https:\/\/blogopara.com.br\/?p=57160"},"modified":"2023-09-14T13:56:03","modified_gmt":"2023-09-14T16:56:03","slug":"fieis-da-paroquia-sao-cosme-e-sao-damiao-em-juazeiro-se-preparam-para-o-novenario-de-seus-padroeiros","status":"publish","type":"post","link":"https:\/\/blogopara.com.br\/index.php\/2023\/09\/14\/fieis-da-paroquia-sao-cosme-e-sao-damiao-em-juazeiro-se-preparam-para-o-novenario-de-seus-padroeiros","title":{"rendered":"Fi\u00e9is da Par\u00f3quia S\u00e3o Cosme e S\u00e3o Dami\u00e3o, em Juazeiro, se preparam para o Noven\u00e1rio de seus Padroeiros"},"content":{"rendered":"<p style=\"text-align: justify;\">Os fi\u00e9is da Par\u00f3quia S\u00e3o Cosme e S\u00e3o Dami\u00e3o, com sede no Bairro Alagadi\u00e7o, em Juazeiro, j\u00e1 come\u00e7am a contar os dias para o in\u00edcio do Noven\u00e1rio dos seus padroeiros. A abertura dos festejos em homenagem aos santos m\u00e1rtires ser\u00e1 domingo (17), \u00e0s 19h30, na Igreja matriz da Par\u00f3quia, tamb\u00e9m conhecida como Igreja do Cosminho.<\/p>\n<p style=\"text-align: justify;\">O Noven\u00e1rio segue at\u00e9 o dia 25 de setembro, com celebra\u00e7\u00f5es sempre \u00e0s 19h30, contando ainda com Quermesses e atra\u00e7\u00f5es musicais ap\u00f3s as Missas. A programa\u00e7\u00e3o culminar\u00e1 no dia 26 de setembro, data em que a Igreja cat\u00f3lica celebra a Festa dos santos irm\u00e3os.<\/p>\n<p style=\"text-align: justify;\">Segundo o P\u00e1roco Pe. Bruno Lima, o tema refletido esse ano tem como inspira\u00e7\u00e3o o 3\u00ba Ano Vocacional Nacional: \u201cS\u00e3o Cosme e S\u00e3o Dami\u00e3o, vocacionados ao Amor\u201d. De acordo com o padre, cada noite do Noven\u00e1rio haver\u00e1 um tema espec\u00edfico, inspirado no tema central, que ser\u00e1 refletido por um sacerdote convidado.<\/p>\n<p style=\"text-align: justify;\">No dia 26, festa dos santos Cosme e Dami\u00e3o, a programa\u00e7\u00e3o come\u00e7a mais cedo: \u00e0s 18h com a concentra\u00e7\u00e3o para a Prociss\u00e3o, que sair\u00e1 tamb\u00e9m da Igreja do Cosminho, culminando com a Missa Solene, presidida pelo Bispo diocesano Dom Beto Breis.<\/p>\n<p style=\"text-align: justify;\">Quermesses, Feijoada e Transmiss\u00e3o ao vivo<\/p>\n<p style=\"text-align: justify;\">Entre as novidades dos festejos esse ano est\u00e1 o retorno das Quermesses, sempre ao final das Novenas, contando com a venda de lanches e m\u00fasica ao vivo, com a presen\u00e7a de artistas da regi\u00e3o. No dia 24 de setembro, domingo, haver\u00e1 ainda a Tradicional \u201cFeijoada do Cosminho\u201d, realizada todos os anos durante a programa\u00e7\u00e3o do Noven\u00e1rio \u2013 esse ano com o objetivo de angariar fundos para a reforma do sal\u00e3o da par\u00f3quia e das salas de catequese.<\/p>\n<p style=\"text-align: justify;\">E quem n\u00e3o puder participar presencialmente do Noven\u00e1rio e da Festa de S\u00e3o Cosme e S\u00e3o Dami\u00e3o, tamb\u00e9m poder\u00e1 acompanhar toda a programa\u00e7\u00e3o atrav\u00e9s das redes sociais. Todas as noites do Noven\u00e1rio ser\u00e3o transmitidas ao vivo pelo Canal do YouTube \u201cPar\u00f3quia S\u00e3o Cosme e S\u00e3o Dami\u00e3o\u201d. E os demais momentos ter\u00e3o tamb\u00e9m cobertura com fotos e v\u00eddeos, atrav\u00e9s do instagram e do Facebook @paroquiasaocosmeesaodamiao.<\/p>\n<p style=\"text-align: justify;\">Saiba mais sobre os Santos Cosme e Dami\u00e3o<\/p>\n<p style=\"text-align: justify;\">Os santos Cosme e Dami\u00e3o (s\u00e9c. II) foram irm\u00e3os g\u00eameos, m\u00e9dicos de profiss\u00e3o. Segundo a tradi\u00e7\u00e3o cat\u00f3lica, viveram na \u00c1sia Menor (atual S\u00edria) e desde jovens eram habilidosos m\u00e9dicos. Convertidos ao cristianismo, passaram a ser tamb\u00e9m mission\u00e1rios. Unindo a ci\u00eancia com a confian\u00e7a no poder da ora\u00e7\u00e3o levavam a muitos \u00e0 sa\u00fade do corpo e da alma.<\/p>\n<p style=\"text-align: justify;\">Durante a persegui\u00e7\u00e3o do imperador Diocleciano aos crist\u00e3os, no ano 300 d.C., foram presos, pois eram considerados inimigos dos deuses pag\u00e3os cultuados por Roma. Jamais abandonaram a f\u00e9 e foram decapitados em 303. S\u00e3o considerados padroeiros dos farmac\u00eauticos, dos m\u00e9dicos e das faculdades de medicina.<\/p>\n<p style=\"text-align: justify;\">PROGRAMA\u00c7\u00c3O:<\/p>\n<p style=\"text-align: justify;\">Noven\u00e1rio de S\u00e3o Cosme e S\u00e3o Dami\u00e3o (todos os dias \u00e0s 19h30):<\/p>\n<p style=\"text-align: justify;\">17\/09 \u2013 Tema: \u201cChamados \u00e0 vida: gra\u00e7a e miss\u00e3o\u201d \u2013 Pe. Marcos Silva (Par\u00f3quia Santo Ant\u00f4nio \u2013 Juazeiro)<\/p>\n<p style=\"text-align: justify;\">18\/09 \u2013 Tema: \u201cBatismo: fonte de todas as voca\u00e7\u00f5es\u201d \u2013 Pe. Diego Monteiro (Par\u00f3quia N. Sra. Aparecida \u2013 Juazeiro)<\/p>\n<p style=\"text-align: justify;\">19\/09 \u2013 Tema: \u201cVida consagrada, express\u00e3o da perten\u00e7a total ao Senhor\u201d \u2013 Pe. Gilvan R\u00e9gio (\u00c1rea Pastoral S\u00e3o Geraldo \u2013 Juazeiro)<\/p>\n<p style=\"text-align: justify;\">20\/09 \u2013 \u201cA Eucaristia, alimento dos vocacionados\u201d \u2013 Pe. Carlos Lima (Par\u00f3quia Sta. Teresinha \u2013 Diocese de Petrolina)<\/p>\n<p style=\"text-align: justify;\">21\/09 \u2013 Tema: \u201cMinist\u00e9rios Leigos: sal da terra, luz do mundo\u201d \u2013 Pe. Isael Brito (Par\u00f3quia Sta. Teresinha de Lisieux \u2013 Carna\u00edba do Sert\u00e3o)<\/p>\n<p style=\"text-align: justify;\">22\/09 \u2013 Tema: \u201cAmor familiar, voca\u00e7\u00e3o e caminho de santidade\u201d \u2013 Pe. Jodean Am\u00e2ncio (Par\u00f3quia Catedral-Santu\u00e1rio N. Sra. das Grotas)<\/p>\n<p style=\"text-align: justify;\">23\/09 \u2013 Tema: \u201cVoca\u00e7\u00e3o catequ\u00e9tica, formando disc\u00edpulos mission\u00e1rios\u201d \u2013 Pe. \u00cdbis C\u00e1ssius (Par\u00f3quia S\u00e3o Francisco \u2013 Sobradinho)<\/p>\n<p style=\"text-align: justify;\">24\/09 \u2013 Tema: \u201cO sacerdote \u00e9 o amor do cora\u00e7\u00e3o de Jesus\u201d \u2013 Pe. Laerth Ferreira (Par\u00f3quia Sagrado Cora\u00e7\u00e3o de Jesus \u2013 Diocese de Bonfim)<\/p>\n<p style=\"text-align: justify;\">25\/09 \u2013 Tema: \u201cMaria, vocacionada do Pai, ensina-nos em tudo a servir\u201d \u2013 Pe. Jos\u00e9 Erimat\u00e9ia (Par\u00f3quia Sant\u2019Ana \u2013 Santana do Sobrado)<\/p>\n<p style=\"text-align: justify;\">Missa com os Idosos e Enfermos: 23\/09, \u00e0s 16h<\/p>\n<p style=\"text-align: justify;\">Feijoada Beneficente: 24\/09 \u2013 das 11h30 \u00e0s 14h<\/p>\n<p style=\"text-align: justify;\">Dia da Festa:<\/p>\n<p style=\"text-align: justify;\">26\/09 \u2013 Prociss\u00e3o e Missa Solene \u2013 Dom Beto Breis (Bispo diocesano) \u2013 concentra\u00e7\u00e3o \u00e0s 18h para a Prociss\u00e3o<\/p>\n<p style=\"text-align: justify;\">Texto: Mirrail Menezes &#8211; PASCOM Diocese de Juazeiro\/BA<\/p>\n","protected":false},"excerpt":{"rendered":"<p>Os fi\u00e9is da Par\u00f3quia S\u00e3o Cosme e S\u00e3o Dami\u00e3o, com sede no Bairro Alagadi\u00e7o, em Juazeiro, j\u00e1 come\u00e7am a contar os dias para o in\u00edcio do Noven\u00e1rio dos seus padroeiros. A abertura dos festejos em homenagem aos santos m\u00e1rtires ser\u00e1 domingo (17), \u00e0s 19h30, na Igreja matriz da Par\u00f3quia, tamb\u00e9m conhecida como Igreja do Cosminho. [&hellip;]<\/p>\n","protected":false},"author":1,"featured_media":57162,"comment_status":"closed","ping_status":"open","sticky":false,"template":"","format":"standard","meta":{"_uag_custom_page_level_css":"","_monsterinsights_skip_tracking":false,"_monsterinsights_sitenote_active":false,"_monsterinsights_sitenote_note":"","_monsterinsights_sitenote_category":0,"jetpack_post_was_ever_published":false,"_jetpack_newsletter_access":"","_jetpack_dont_email_post_to_subs":false,"_jetpack_newsletter_tier_id":0,"_jetpack_memberships_contains_paywalled_content":false,"_jetpack_memberships_contains_paid_content":false,"footnotes":"","jetpack_publicize_message":"","jetpack_publicize_feature_enabled":true,"jetpack_social_post_already_shared":true,"jetpack_social_options":{"image_generator_settings":{"template":"highway","default_image_id":0,"font":"","enabled":false},"version":2}},"categories":[1666],"tags":[],"class_list":["post-57160","post","type-post","status-publish","format-standard","has-post-thumbnail","hentry","category-religiao"],"jetpack_publicize_connections":[],"jetpack_featured_media_url":"https:\/\/blogopara.com.br\/wp-content\/uploads\/2023\/09\/WhatsApp-Image-2023-09-14-at-13.53.22.jpeg","uagb_featured_image_src":{"full":["https:\/\/blogopara.com.br\/wp-content\/uploads\/2023\/09\/WhatsApp-Image-2023-09-14-at-13.53.22.jpeg",500,333,false],"thumbnail":["https:\/\/blogopara.com.br\/wp-content\/uploads\/2023\/09\/WhatsApp-Image-2023-09-14-at-13.53.22-150x150.jpeg",150,150,true],"medium":["https:\/\/blogopara.com.br\/wp-content\/uploads\/2023\/09\/WhatsApp-Image-2023-09-14-at-13.53.22-300x200.jpeg",300,200,true],"medium_large":["https:\/\/blogopara.com.br\/wp-content\/uploads\/2023\/09\/WhatsApp-Image-2023-09-14-at-13.53.22.jpeg",500,333,false],"large":["https:\/\/blogopara.com.br\/wp-content\/uploads\/2023\/09\/WhatsApp-Image-2023-09-14-at-13.53.22.jpeg",500,333,false],"1536x1536":["https:\/\/blogopara.com.br\/wp-content\/uploads\/2023\/09\/WhatsApp-Image-2023-09-14-at-13.53.22.jpeg",500,333,false],"2048x2048":["https:\/\/blogopara.com.br\/wp-content\/uploads\/2023\/09\/WhatsApp-Image-2023-09-14-at-13.53.22.jpeg",500,333,false],"mantranews-slider-large":["https:\/\/blogopara.com.br\/wp-content\/uploads\/2023\/09\/WhatsApp-Image-2023-09-14-at-13.53.22.jpeg",500,333,false],"mantranews-featured-medium":["https:\/\/blogopara.com.br\/wp-content\/uploads\/2023\/09\/WhatsApp-Image-2023-09-14-at-13.53.22-420x307.jpeg",420,307,true],"mantranews-featured-long":["https:\/\/blogopara.com.br\/wp-content\/uploads\/2023\/09\/WhatsApp-Image-2023-09-14-at-13.53.22-300x333.jpeg",300,333,true],"mantranews-block-medium":["https:\/\/blogopara.com.br\/wp-content\/uploads\/2023\/09\/WhatsApp-Image-2023-09-14-at-13.53.22-464x290.jpeg",464,290,true],"mantranews-carousel-image":["https:\/\/blogopara.com.br\/wp-content\/uploads\/2023\/09\/WhatsApp-Image-2023-09-14-at-13.53.22.jpeg",500,333,false],"mantranews-block-thumb":["https:\/\/blogopara.com.br\/wp-content\/uploads\/2023\/09\/WhatsApp-Image-2023-09-14-at-13.53.22-322x230.jpeg",322,230,true],"mantranews-single-large":["https:\/\/blogopara.com.br\/wp-content\/uploads\/2023\/09\/WhatsApp-Image-2023-09-14-at-13.53.22.jpeg",500,333,false]},"uagb_author_info":{"display_name":"Reda\u00e7\u00e3o geral","author_link":"https:\/\/blogopara.com.br\/index.php\/author\/blogopara"},"uagb_comment_info":0,"uagb_excerpt":"Os fi\u00e9is da Par\u00f3quia S\u00e3o Cosme e S\u00e3o Dami\u00e3o, com sede no Bairro Alagadi\u00e7o, em Juazeiro, j\u00e1 come\u00e7am a contar os dias para o in\u00edcio do Noven\u00e1rio dos seus padroeiros. A abertura dos festejos em homenagem aos santos m\u00e1rtires ser\u00e1 domingo (17), \u00e0s 19h30, na Igreja matriz da Par\u00f3quia, tamb\u00e9m conhecida como Igreja do Cosminho.&hellip;","jetpack_sharing_enabled":true,"jetpack_likes_enabled":true,"_links":{"self":[{"href":"https:\/\/blogopara.com.br\/index.php\/wp-json\/wp\/v2\/posts\/57160","targetHints":{"allow":["GET"]}}],"collection":[{"href":"https:\/\/blogopara.com.br\/index.php\/wp-json\/wp\/v2\/posts"}],"about":[{"href":"https:\/\/blogopara.com.br\/index.php\/wp-json\/wp\/v2\/types\/post"}],"author":[{"embeddable":true,"href":"https:\/\/blogopara.com.br\/index.php\/wp-json\/wp\/v2\/users\/1"}],"replies":[{"embeddable":true,"href":"https:\/\/blogopara.com.br\/index.php\/wp-json\/wp\/v2\/comments?post=57160"}],"version-history":[{"count":2,"href":"https:\/\/blogopara.com.br\/index.php\/wp-json\/wp\/v2\/posts\/57160\/revisions"}],"predecessor-version":[{"id":57163,"href":"https:\/\/blogopara.com.br\/index.php\/wp-json\/wp\/v2\/posts\/57160\/revisions\/57163"}],"wp:featuredmedia":[{"embeddable":true,"href":"https:\/\/blogopara.com.br\/index.php\/wp-json\/wp\/v2\/media\/57162"}],"wp:attachment":[{"href":"https:\/\/blogopara.com.br\/index.php\/wp-json\/wp\/v2\/media?parent=57160"}],"wp:term":[{"taxonomy":"category","embeddable":true,"href":"https:\/\/blogopara.com.br\/index.php\/wp-json\/wp\/v2\/categories?post=57160"},{"taxonomy":"post_tag","embeddable":true,"href":"https:\/\/blogopara.com.br\/index.php\/wp-json\/wp\/v2\/tags?post=57160"}],"curies":[{"name":"wp","href":"https:\/\/api.w.org\/{rel}","templated":true}]}}