{"id":57179,"date":"2023-09-15T12:00:00","date_gmt":"2023-09-15T15:00:00","guid":{"rendered":"https:\/\/blogopara.com.br\/?p=57179"},"modified":"2023-09-15T08:32:57","modified_gmt":"2023-09-15T11:32:57","slug":"mae-e-filho-pulam-do-4-andar-para-fugir-de-ataque-a-tiros-na-bahia","status":"publish","type":"post","link":"https:\/\/blogopara.com.br\/index.php\/2023\/09\/15\/mae-e-filho-pulam-do-4-andar-para-fugir-de-ataque-a-tiros-na-bahia","title":{"rendered":"M\u00e3e e filho pulam do 4\u00b0 andar para fugir de ataque a tiros na Bahia"},"content":{"rendered":"<div class=\"mdc-layout-grid__cell mdc-layout-grid__cell--span-6-desktop mdc-layout-grid__cell--span-8-tablet comp paragrafo cXenseParse\">\n<p style=\"text-align: justify;\">Uma mulher e o filho, um adolescente de 13 anos, pularam da janela do 4\u00b0 andar de um pr\u00e9dio para fugir de um ataque a tiros. em Feira de Santana. O caso aconteceu na noite desta quarta-feira (13), no condom\u00ednio Parque dos Coqueiros, no bairro Asa Branca.<\/p>\n<p>A Pol\u00edcia Civil informou \u00e0 TV Bahia que dois homens armados e encapuzados invadiram o apartamento da fam\u00edlia em busca do companheiro da mulher. Os suspeitos fizeram disparos, mas n\u00e3o encontraram o alvo no im\u00f3vel.<\/p>\n<\/div>\n<div class=\"mdc-layout-grid__cell mdc-layout-grid__cell--span-6-desktop mdc-layout-grid__cell--span-8-tablet comp paragrafo cXenseParse\">\n<p style=\"text-align: justify;\">Com medo e para escapar dos tiros, m\u00e3e e filho pulou de uma altura de 12 metros. Eles foram socorridos por uma ambul\u00e2ncia do Servi\u00e7o de Atendimento M\u00f3vel de Urg\u00eancia (Samu) e levados para um hospital da cidade. O estado de sa\u00fade das v\u00edtimas n\u00e3o foi divulgado.<\/p>\n<p style=\"text-align: justify;\"><em>Fonte: Jornal Correio<\/em><\/p>\n<\/div>\n","protected":false},"excerpt":{"rendered":"<p>Uma mulher e o filho, um adolescente de 13 anos, pularam da janela do 4\u00b0 andar de um pr\u00e9dio para fugir de um ataque a tiros. em Feira de Santana. O caso aconteceu na noite desta quarta-feira (13), no condom\u00ednio Parque dos Coqueiros, no bairro Asa Branca. A Pol\u00edcia Civil informou \u00e0 TV Bahia que [&hellip;]<\/p>\n","protected":false},"author":1,"featured_media":57180,"comment_status":"closed","ping_status":"open","sticky":false,"template":"","format":"standard","meta":{"_uag_custom_page_level_css":"","_monsterinsights_skip_tracking":false,"_monsterinsights_sitenote_active":false,"_monsterinsights_sitenote_note":"","_monsterinsights_sitenote_category":0,"jetpack_post_was_ever_published":false,"_jetpack_newsletter_access":"","_jetpack_dont_email_post_to_subs":false,"_jetpack_newsletter_tier_id":0,"_jetpack_memberships_contains_paywalled_content":false,"_jetpack_memberships_contains_paid_content":false,"footnotes":"","jetpack_publicize_message":"","jetpack_publicize_feature_enabled":true,"jetpack_social_post_already_shared":true,"jetpack_social_options":{"image_generator_settings":{"template":"highway","default_image_id":0,"font":"","enabled":false},"version":2}},"categories":[199,202],"tags":[11,1472,1213],"class_list":["post-57179","post","type-post","status-publish","format-standard","has-post-thumbnail","hentry","category-bahia","category-policia","tag-bahia","tag-feira-de-santana","tag-tiroteio"],"jetpack_publicize_connections":[],"jetpack_featured_media_url":"https:\/\/blogopara.com.br\/wp-content\/uploads\/2023\/09\/6cb63cec-51b2-42d1-9234-3cace70d5bfe-e1694777568791.png","uagb_featured_image_src":{"full":["https:\/\/blogopara.com.br\/wp-content\/uploads\/2023\/09\/6cb63cec-51b2-42d1-9234-3cace70d5bfe-e1694777568791.png",500,333,false],"thumbnail":["https:\/\/blogopara.com.br\/wp-content\/uploads\/2023\/09\/6cb63cec-51b2-42d1-9234-3cace70d5bfe-150x150.png",150,150,true],"medium":["https:\/\/blogopara.com.br\/wp-content\/uploads\/2023\/09\/6cb63cec-51b2-42d1-9234-3cace70d5bfe-300x200.png",300,200,true],"medium_large":["https:\/\/blogopara.com.br\/wp-content\/uploads\/2023\/09\/6cb63cec-51b2-42d1-9234-3cace70d5bfe-768x512.png",640,427,true],"large":["https:\/\/blogopara.com.br\/wp-content\/uploads\/2023\/09\/6cb63cec-51b2-42d1-9234-3cace70d5bfe-1024x683.png",640,427,true],"1536x1536":["https:\/\/blogopara.com.br\/wp-content\/uploads\/2023\/09\/6cb63cec-51b2-42d1-9234-3cace70d5bfe-e1694777568791.png",500,333,false],"2048x2048":["https:\/\/blogopara.com.br\/wp-content\/uploads\/2023\/09\/6cb63cec-51b2-42d1-9234-3cace70d5bfe-e1694777568791.png",500,333,false],"mantranews-slider-large":["https:\/\/blogopara.com.br\/wp-content\/uploads\/2023\/09\/6cb63cec-51b2-42d1-9234-3cace70d5bfe-1020x741.png",1020,741,true],"mantranews-featured-medium":["https:\/\/blogopara.com.br\/wp-content\/uploads\/2023\/09\/6cb63cec-51b2-42d1-9234-3cace70d5bfe-420x307.png",420,307,true],"mantranews-featured-long":["https:\/\/blogopara.com.br\/wp-content\/uploads\/2023\/09\/6cb63cec-51b2-42d1-9234-3cace70d5bfe-300x443.png",300,443,true],"mantranews-block-medium":["https:\/\/blogopara.com.br\/wp-content\/uploads\/2023\/09\/6cb63cec-51b2-42d1-9234-3cace70d5bfe-464x290.png",464,290,true],"mantranews-carousel-image":["https:\/\/blogopara.com.br\/wp-content\/uploads\/2023\/09\/6cb63cec-51b2-42d1-9234-3cace70d5bfe-600x500.png",600,500,true],"mantranews-block-thumb":["https:\/\/blogopara.com.br\/wp-content\/uploads\/2023\/09\/6cb63cec-51b2-42d1-9234-3cace70d5bfe-322x230.png",322,230,true],"mantranews-single-large":["https:\/\/blogopara.com.br\/wp-content\/uploads\/2023\/09\/6cb63cec-51b2-42d1-9234-3cace70d5bfe-1200x642.png",1200,642,true]},"uagb_author_info":{"display_name":"Reda\u00e7\u00e3o geral","author_link":"https:\/\/blogopara.com.br\/index.php\/author\/blogopara"},"uagb_comment_info":0,"uagb_excerpt":"Uma mulher e o filho, um adolescente de 13 anos, pularam da janela do 4\u00b0 andar de um pr\u00e9dio para fugir de um ataque a tiros. em Feira de Santana. O caso aconteceu na noite desta quarta-feira (13), no condom\u00ednio Parque dos Coqueiros, no bairro Asa Branca. A Pol\u00edcia Civil informou \u00e0 TV Bahia que&hellip;","jetpack_sharing_enabled":true,"jetpack_likes_enabled":true,"_links":{"self":[{"href":"https:\/\/blogopara.com.br\/index.php\/wp-json\/wp\/v2\/posts\/57179","targetHints":{"allow":["GET"]}}],"collection":[{"href":"https:\/\/blogopara.com.br\/index.php\/wp-json\/wp\/v2\/posts"}],"about":[{"href":"https:\/\/blogopara.com.br\/index.php\/wp-json\/wp\/v2\/types\/post"}],"author":[{"embeddable":true,"href":"https:\/\/blogopara.com.br\/index.php\/wp-json\/wp\/v2\/users\/1"}],"replies":[{"embeddable":true,"href":"https:\/\/blogopara.com.br\/index.php\/wp-json\/wp\/v2\/comments?post=57179"}],"version-history":[{"count":1,"href":"https:\/\/blogopara.com.br\/index.php\/wp-json\/wp\/v2\/posts\/57179\/revisions"}],"predecessor-version":[{"id":57181,"href":"https:\/\/blogopara.com.br\/index.php\/wp-json\/wp\/v2\/posts\/57179\/revisions\/57181"}],"wp:featuredmedia":[{"embeddable":true,"href":"https:\/\/blogopara.com.br\/index.php\/wp-json\/wp\/v2\/media\/57180"}],"wp:attachment":[{"href":"https:\/\/blogopara.com.br\/index.php\/wp-json\/wp\/v2\/media?parent=57179"}],"wp:term":[{"taxonomy":"category","embeddable":true,"href":"https:\/\/blogopara.com.br\/index.php\/wp-json\/wp\/v2\/categories?post=57179"},{"taxonomy":"post_tag","embeddable":true,"href":"https:\/\/blogopara.com.br\/index.php\/wp-json\/wp\/v2\/tags?post=57179"}],"curies":[{"name":"wp","href":"https:\/\/api.w.org\/{rel}","templated":true}]}}