{"id":57188,"date":"2023-09-16T07:53:14","date_gmt":"2023-09-16T10:53:14","guid":{"rendered":"https:\/\/blogopara.com.br\/?p=57188"},"modified":"2023-09-16T07:53:17","modified_gmt":"2023-09-16T10:53:17","slug":"prefeitura-de-juazeiro-constroi-parceria-com-liderancas-comunitarias-para-realizacao-do-ideba-e-ideb-2023","status":"publish","type":"post","link":"https:\/\/blogopara.com.br\/index.php\/2023\/09\/16\/prefeitura-de-juazeiro-constroi-parceria-com-liderancas-comunitarias-para-realizacao-do-ideba-e-ideb-2023","title":{"rendered":"Prefeitura de Juazeiro constr\u00f3i parceria com lideran\u00e7as comunit\u00e1rias para realiza\u00e7\u00e3o do Ideba e Ideb 2023"},"content":{"rendered":"<div style=\"text-align: justify;\">Com o tema \u2018Construindo parcerias para alcan\u00e7armos o Ideba e Ideb 2023\u2019, a Prefeitura de Juazeiro, por meio da Secretaria de Educa\u00e7\u00e3o e Juventude (Seduc), reuniu na manh\u00e3 desta quinta-feira (14), no audit\u00f3rio da Seduc, cerca de 25 lideran\u00e7as comunit\u00e1rias do munic\u00edpio, com o objetivo de mobilizar a popula\u00e7\u00e3o para contribuir com as estrat\u00e9gias educacionais que visam refor\u00e7ar o alcance de melhores \u00edndices de aprendizagem na avalia\u00e7\u00e3o de Desenvolvimento da Educa\u00e7\u00e3o B\u00e1sica (Ideb), e no \u00cdndice de Desenvolvimento da Educa\u00e7\u00e3o da Bahia (Ideba) de 2023.<\/div>\n<div style=\"text-align: justify;\"><\/div>\n<div style=\"text-align: justify;\">Presente na ocasi\u00e3o, o secret\u00e1rio de Educa\u00e7\u00e3o e Juventude, Wank Medrado, falou sobre a parceria entre gest\u00e3o e lideran\u00e7as comunit\u00e1rias, destacando o projeto pol\u00edtico municipal que defende e prioriza os interesses p\u00fablicos. \u201cContar com uma gest\u00e3o que investe e aposta na educa\u00e7\u00e3o como bem coletivo para a popula\u00e7\u00e3o, \u00e9 poder consolidar uma trajet\u00f3ria de conquistas, como tem feito a prefeita Suzana Ramos. Atrav\u00e9s da parceria entre administra\u00e7\u00e3o p\u00fablica e comunidade, temos consolidado um modelo de projeto pol\u00edtico municipal que \u00e9 pensado e executado exclusivamente, para atender o interesse p\u00fablico\u201d, declarou o secret\u00e1rio de Educa\u00e7\u00e3o e Juventude, Wank Medrado.<\/div>\n<div style=\"text-align: justify;\"><\/div>\n<div style=\"text-align: justify;\">O l\u00edder comunit\u00e1rio do bairro Quid\u00e9, Anecino Pereira de Ata\u00eddes, mais conhecido como Sr. Nelsinho, participou da programa\u00e7\u00e3o e avaliou a iniciativa. \u201cEsse \u00e9 um momento muito positivo, e acredito que a Secretaria de Educa\u00e7\u00e3o acertou bastante nos reunindo nessa ocasi\u00e3o. \u00c9 a \u00fanica sa\u00edda para a realiza\u00e7\u00e3o de uma educa\u00e7\u00e3o efetiva, que envolve gest\u00e3o municipal, escola e comunidade. A popula\u00e7\u00e3o precisa estar diretamente envolvida nas iniciativas que buscam melhorar o desenvolvimento da nossa cidade, principalmente no que se refere \u00e0 educa\u00e7\u00e3o, e como bem disse o secret\u00e1rio Wank em sua fala, n\u00f3s precisamos tamb\u00e9m, nos tornarmos sujeitos respons\u00e1veis pela transforma\u00e7\u00e3o social\u201d, disse Anecino.<\/div>\n<div style=\"text-align: justify;\"><\/div>\n<div style=\"text-align: justify;\">A superintendente Pedag\u00f3gica da Seduc, Willany Cunha, falou sobre as estrat\u00e9gias desenvolvidas para alcance da meta no Ideb 2023. \u201cA Seduc tem acompanhado por meio de estudo focal, o Ideb das unidades de ensino do munic\u00edpio, e a partir dos resultados identificados, temos oferecido estrat\u00e9gias educacionais de interven\u00e7\u00e3o e melhoria dos \u00edndices. Dividimos a equipe gestora em quatro grupos correspondentes a situa\u00e7\u00e3o dos resultados atuais, considerando as escolas em alerta, engajadas, pr\u00f3ximas a meta, na meta ou acima da meta, e a partir dessas classifica\u00e7\u00f5es, temos orientado o caminho eficaz para a conquista da meta ideal estabelecida, de 6.0 para o Ideb de 2024\u201d, explicou Willany Cunha.<\/div>\n<div style=\"text-align: justify;\"><\/div>\n<div style=\"text-align: justify;\">O Ideb<\/div>\n<div style=\"text-align: justify;\">Foi criado em 2007 e re\u00fane, em um s\u00f3 indicador, os resultados de dois conceitos igualmente importantes para a qualidade da educa\u00e7\u00e3o: o fluxo escolar e as m\u00e9dias de desempenho nas avalia\u00e7\u00f5es. O Ideb \u00e9 calculado a partir dos dados sobre aprova\u00e7\u00e3o escolar, obtidos no Censo Escolar, e das m\u00e9dias de desempenho no Sistema de Avalia\u00e7\u00e3o da Educa\u00e7\u00e3o B\u00e1sica (Saeb).<\/div>\n","protected":false},"excerpt":{"rendered":"<p>Com o tema \u2018Construindo parcerias para alcan\u00e7armos o Ideba e Ideb 2023\u2019, a Prefeitura de Juazeiro, por meio da Secretaria de Educa\u00e7\u00e3o e Juventude (Seduc), reuniu na manh\u00e3 desta quinta-feira (14), no audit\u00f3rio da Seduc, cerca de 25 lideran\u00e7as comunit\u00e1rias do munic\u00edpio, com o objetivo de mobilizar a popula\u00e7\u00e3o para contribuir com as estrat\u00e9gias educacionais [&hellip;]<\/p>\n","protected":false},"author":1,"featured_media":57189,"comment_status":"closed","ping_status":"open","sticky":false,"template":"","format":"standard","meta":{"_uag_custom_page_level_css":"","_monsterinsights_skip_tracking":false,"_monsterinsights_sitenote_active":false,"_monsterinsights_sitenote_note":"","_monsterinsights_sitenote_category":0,"jetpack_post_was_ever_published":false,"_jetpack_newsletter_access":"","_jetpack_dont_email_post_to_subs":false,"_jetpack_newsletter_tier_id":0,"_jetpack_memberships_contains_paywalled_content":false,"_jetpack_memberships_contains_paid_content":false,"footnotes":"","jetpack_publicize_message":"","jetpack_publicize_feature_enabled":true,"jetpack_social_post_already_shared":true,"jetpack_social_options":{"image_generator_settings":{"template":"highway","default_image_id":0,"font":"","enabled":false},"version":2}},"categories":[203],"tags":[],"class_list":["post-57188","post","type-post","status-publish","format-standard","has-post-thumbnail","hentry","category-juazeiro"],"jetpack_publicize_connections":[],"jetpack_featured_media_url":"https:\/\/blogopara.com.br\/wp-content\/uploads\/2023\/09\/thumbnail_WhatsApp-Image-2023-09-14-at-13.41.35.jpg","uagb_featured_image_src":{"full":["https:\/\/blogopara.com.br\/wp-content\/uploads\/2023\/09\/thumbnail_WhatsApp-Image-2023-09-14-at-13.41.35.jpg",500,333,false],"thumbnail":["https:\/\/blogopara.com.br\/wp-content\/uploads\/2023\/09\/thumbnail_WhatsApp-Image-2023-09-14-at-13.41.35-150x150.jpg",150,150,true],"medium":["https:\/\/blogopara.com.br\/wp-content\/uploads\/2023\/09\/thumbnail_WhatsApp-Image-2023-09-14-at-13.41.35-300x200.jpg",300,200,true],"medium_large":["https:\/\/blogopara.com.br\/wp-content\/uploads\/2023\/09\/thumbnail_WhatsApp-Image-2023-09-14-at-13.41.35.jpg",500,333,false],"large":["https:\/\/blogopara.com.br\/wp-content\/uploads\/2023\/09\/thumbnail_WhatsApp-Image-2023-09-14-at-13.41.35.jpg",500,333,false],"1536x1536":["https:\/\/blogopara.com.br\/wp-content\/uploads\/2023\/09\/thumbnail_WhatsApp-Image-2023-09-14-at-13.41.35.jpg",500,333,false],"2048x2048":["https:\/\/blogopara.com.br\/wp-content\/uploads\/2023\/09\/thumbnail_WhatsApp-Image-2023-09-14-at-13.41.35.jpg",500,333,false],"mantranews-slider-large":["https:\/\/blogopara.com.br\/wp-content\/uploads\/2023\/09\/thumbnail_WhatsApp-Image-2023-09-14-at-13.41.35.jpg",500,333,false],"mantranews-featured-medium":["https:\/\/blogopara.com.br\/wp-content\/uploads\/2023\/09\/thumbnail_WhatsApp-Image-2023-09-14-at-13.41.35-420x307.jpg",420,307,true],"mantranews-featured-long":["https:\/\/blogopara.com.br\/wp-content\/uploads\/2023\/09\/thumbnail_WhatsApp-Image-2023-09-14-at-13.41.35-300x333.jpg",300,333,true],"mantranews-block-medium":["https:\/\/blogopara.com.br\/wp-content\/uploads\/2023\/09\/thumbnail_WhatsApp-Image-2023-09-14-at-13.41.35-464x290.jpg",464,290,true],"mantranews-carousel-image":["https:\/\/blogopara.com.br\/wp-content\/uploads\/2023\/09\/thumbnail_WhatsApp-Image-2023-09-14-at-13.41.35.jpg",500,333,false],"mantranews-block-thumb":["https:\/\/blogopara.com.br\/wp-content\/uploads\/2023\/09\/thumbnail_WhatsApp-Image-2023-09-14-at-13.41.35-322x230.jpg",322,230,true],"mantranews-single-large":["https:\/\/blogopara.com.br\/wp-content\/uploads\/2023\/09\/thumbnail_WhatsApp-Image-2023-09-14-at-13.41.35.jpg",500,333,false]},"uagb_author_info":{"display_name":"Reda\u00e7\u00e3o geral","author_link":"https:\/\/blogopara.com.br\/index.php\/author\/blogopara"},"uagb_comment_info":0,"uagb_excerpt":"Com o tema \u2018Construindo parcerias para alcan\u00e7armos o Ideba e Ideb 2023\u2019, a Prefeitura de Juazeiro, por meio da Secretaria de Educa\u00e7\u00e3o e Juventude (Seduc), reuniu na manh\u00e3 desta quinta-feira (14), no audit\u00f3rio da Seduc, cerca de 25 lideran\u00e7as comunit\u00e1rias do munic\u00edpio, com o objetivo de mobilizar a popula\u00e7\u00e3o para contribuir com as estrat\u00e9gias educacionais&hellip;","jetpack_sharing_enabled":true,"jetpack_likes_enabled":true,"_links":{"self":[{"href":"https:\/\/blogopara.com.br\/index.php\/wp-json\/wp\/v2\/posts\/57188","targetHints":{"allow":["GET"]}}],"collection":[{"href":"https:\/\/blogopara.com.br\/index.php\/wp-json\/wp\/v2\/posts"}],"about":[{"href":"https:\/\/blogopara.com.br\/index.php\/wp-json\/wp\/v2\/types\/post"}],"author":[{"embeddable":true,"href":"https:\/\/blogopara.com.br\/index.php\/wp-json\/wp\/v2\/users\/1"}],"replies":[{"embeddable":true,"href":"https:\/\/blogopara.com.br\/index.php\/wp-json\/wp\/v2\/comments?post=57188"}],"version-history":[{"count":1,"href":"https:\/\/blogopara.com.br\/index.php\/wp-json\/wp\/v2\/posts\/57188\/revisions"}],"predecessor-version":[{"id":57190,"href":"https:\/\/blogopara.com.br\/index.php\/wp-json\/wp\/v2\/posts\/57188\/revisions\/57190"}],"wp:featuredmedia":[{"embeddable":true,"href":"https:\/\/blogopara.com.br\/index.php\/wp-json\/wp\/v2\/media\/57189"}],"wp:attachment":[{"href":"https:\/\/blogopara.com.br\/index.php\/wp-json\/wp\/v2\/media?parent=57188"}],"wp:term":[{"taxonomy":"category","embeddable":true,"href":"https:\/\/blogopara.com.br\/index.php\/wp-json\/wp\/v2\/categories?post=57188"},{"taxonomy":"post_tag","embeddable":true,"href":"https:\/\/blogopara.com.br\/index.php\/wp-json\/wp\/v2\/tags?post=57188"}],"curies":[{"name":"wp","href":"https:\/\/api.w.org\/{rel}","templated":true}]}}