{"id":57203,"date":"2023-09-16T16:03:00","date_gmt":"2023-09-16T19:03:00","guid":{"rendered":"https:\/\/blogopara.com.br\/?p=57203"},"modified":"2023-09-16T08:05:40","modified_gmt":"2023-09-16T11:05:40","slug":"escola-municipal-de-juazeiro-recebe-exposicao-do-espaco-arte-ciencia-e-cultura-da-univasf","status":"publish","type":"post","link":"https:\/\/blogopara.com.br\/index.php\/2023\/09\/16\/escola-municipal-de-juazeiro-recebe-exposicao-do-espaco-arte-ciencia-e-cultura-da-univasf","title":{"rendered":"Escola Municipal de Juazeiro recebe exposi\u00e7\u00e3o do Espa\u00e7o Arte, Ci\u00eancia e Cultura da Univasf"},"content":{"rendered":"<p class=\"x_MsoNormal\" style=\"text-align: justify;\">A Escola Municipal Jos\u00e9 de Amorim, localizada na Lagoa do Salitre, recebeu, nesta sexta-feira (15), a exposi\u00e7\u00e3o de instala\u00e7\u00f5es interativas do Espa\u00e7o Arte, Ci\u00eancia e Cultura (EACC), da Universidade Federal do Vale do S\u00e3o Francisco (Univasf). No p\u00e1tio da escola, os estudantes tiveram a oportunidade de interagir com os materiais e aprender mais sobre ci\u00eancias.<\/p>\n<p class=\"x_MsoNormal\" style=\"text-align: justify;\">A gerente do EACC, M\u00f4nica Sberze, falou sobre o projeto que, desde agosto, leva para as escolas um pouco do Espa\u00e7o Arte, Ci\u00eancia e Cultura. \u201cNormalmente, o nosso trabalho \u00e9 receber as escolas, mas percebemos a dificuldade das escolas em irem at\u00e9 o nosso espa\u00e7o. O projeto vem acontecendo desde agosto e uma semana por m\u00eas levamos essa exposi\u00e7\u00e3o at\u00e9 as escolas que n\u00e3o est\u00e3o conseguindo ir at\u00e9 o nosso espa\u00e7o. Nessa visita, oferecemos instala\u00e7\u00f5es interativas, onde as crian\u00e7as puderam interagir com as instala\u00e7\u00f5es e aprender sobre energia e \u00f3ptica. Tudo de um jeito bem divertido, na pr\u00e1tica\u201d, contou M\u00f4nica.<\/p>\n<p class=\"x_MsoNormal\" style=\"text-align: justify;\">Professor na Escola Municipal Jos\u00e9 de Amorim, Cleiton Gualter, destacou a import\u00e2ncia da visita como um complemento \u00e0 rotina da sala de aula. \u201cAproveitamos esses momentos como espa\u00e7os de aprendizagens concretas, geralmente da disciplina de ci\u00eancia. De imediato, as experi\u00eancias que o EACC traz com as instala\u00e7\u00f5es concretizam o que a gente trabalha teoricamente em sala de aula, ou seja, o EACC mostra na pr\u00e1tica o conte\u00fado que eles aprenderam, ampliando o conhecimento de uma forma bem potente\u201d, disse o professor.<\/p>\n<p class=\"x_MsoNormal\" style=\"text-align: justify;\">Para a estudante do 5\u00ba ano do Ensino Fundamental, Jenifer Graziele Maia, 10 anos, a exposi\u00e7\u00e3o trouxe a oportunidade de aprender coisas novas. \u201cEu achei muito legal esses materiais que vieram para a escola. \u00c9 uma experi\u00eancia diferente, onde as pessoas podem aprender coisas novas\u201d, frisou a estudante enquanto interagia com as instala\u00e7\u00f5es.<\/p>\n","protected":false},"excerpt":{"rendered":"<p>A Escola Municipal Jos\u00e9 de Amorim, localizada na Lagoa do Salitre, recebeu, nesta sexta-feira (15), a exposi\u00e7\u00e3o de instala\u00e7\u00f5es interativas do Espa\u00e7o Arte, Ci\u00eancia e Cultura (EACC), da Universidade Federal do Vale do S\u00e3o Francisco (Univasf). No p\u00e1tio da escola, os estudantes tiveram a oportunidade de interagir com os materiais e aprender mais sobre ci\u00eancias. [&hellip;]<\/p>\n","protected":false},"author":1,"featured_media":57204,"comment_status":"closed","ping_status":"open","sticky":false,"template":"","format":"standard","meta":{"_uag_custom_page_level_css":"","_monsterinsights_skip_tracking":false,"_monsterinsights_sitenote_active":false,"_monsterinsights_sitenote_note":"","_monsterinsights_sitenote_category":0,"jetpack_post_was_ever_published":false,"_jetpack_newsletter_access":"","_jetpack_dont_email_post_to_subs":false,"_jetpack_newsletter_tier_id":0,"_jetpack_memberships_contains_paywalled_content":false,"_jetpack_memberships_contains_paid_content":false,"footnotes":"","jetpack_publicize_message":"","jetpack_publicize_feature_enabled":true,"jetpack_social_post_already_shared":true,"jetpack_social_options":{"image_generator_settings":{"template":"highway","default_image_id":0,"font":"","enabled":false},"version":2}},"categories":[203],"tags":[],"class_list":["post-57203","post","type-post","status-publish","format-standard","has-post-thumbnail","hentry","category-juazeiro"],"jetpack_publicize_connections":[],"jetpack_featured_media_url":"https:\/\/blogopara.com.br\/wp-content\/uploads\/2023\/09\/thumbnail_53189395940_2d96a5474b_c.jpg","uagb_featured_image_src":{"full":["https:\/\/blogopara.com.br\/wp-content\/uploads\/2023\/09\/thumbnail_53189395940_2d96a5474b_c.jpg",500,333,false],"thumbnail":["https:\/\/blogopara.com.br\/wp-content\/uploads\/2023\/09\/thumbnail_53189395940_2d96a5474b_c-150x150.jpg",150,150,true],"medium":["https:\/\/blogopara.com.br\/wp-content\/uploads\/2023\/09\/thumbnail_53189395940_2d96a5474b_c-300x200.jpg",300,200,true],"medium_large":["https:\/\/blogopara.com.br\/wp-content\/uploads\/2023\/09\/thumbnail_53189395940_2d96a5474b_c.jpg",500,333,false],"large":["https:\/\/blogopara.com.br\/wp-content\/uploads\/2023\/09\/thumbnail_53189395940_2d96a5474b_c.jpg",500,333,false],"1536x1536":["https:\/\/blogopara.com.br\/wp-content\/uploads\/2023\/09\/thumbnail_53189395940_2d96a5474b_c.jpg",500,333,false],"2048x2048":["https:\/\/blogopara.com.br\/wp-content\/uploads\/2023\/09\/thumbnail_53189395940_2d96a5474b_c.jpg",500,333,false],"mantranews-slider-large":["https:\/\/blogopara.com.br\/wp-content\/uploads\/2023\/09\/thumbnail_53189395940_2d96a5474b_c.jpg",500,333,false],"mantranews-featured-medium":["https:\/\/blogopara.com.br\/wp-content\/uploads\/2023\/09\/thumbnail_53189395940_2d96a5474b_c-420x307.jpg",420,307,true],"mantranews-featured-long":["https:\/\/blogopara.com.br\/wp-content\/uploads\/2023\/09\/thumbnail_53189395940_2d96a5474b_c-300x333.jpg",300,333,true],"mantranews-block-medium":["https:\/\/blogopara.com.br\/wp-content\/uploads\/2023\/09\/thumbnail_53189395940_2d96a5474b_c-464x290.jpg",464,290,true],"mantranews-carousel-image":["https:\/\/blogopara.com.br\/wp-content\/uploads\/2023\/09\/thumbnail_53189395940_2d96a5474b_c.jpg",500,333,false],"mantranews-block-thumb":["https:\/\/blogopara.com.br\/wp-content\/uploads\/2023\/09\/thumbnail_53189395940_2d96a5474b_c-322x230.jpg",322,230,true],"mantranews-single-large":["https:\/\/blogopara.com.br\/wp-content\/uploads\/2023\/09\/thumbnail_53189395940_2d96a5474b_c.jpg",500,333,false]},"uagb_author_info":{"display_name":"Reda\u00e7\u00e3o geral","author_link":"https:\/\/blogopara.com.br\/index.php\/author\/blogopara"},"uagb_comment_info":0,"uagb_excerpt":"A Escola Municipal Jos\u00e9 de Amorim, localizada na Lagoa do Salitre, recebeu, nesta sexta-feira (15), a exposi\u00e7\u00e3o de instala\u00e7\u00f5es interativas do Espa\u00e7o Arte, Ci\u00eancia e Cultura (EACC), da Universidade Federal do Vale do S\u00e3o Francisco (Univasf). No p\u00e1tio da escola, os estudantes tiveram a oportunidade de interagir com os materiais e aprender mais sobre ci\u00eancias.&hellip;","jetpack_sharing_enabled":true,"jetpack_likes_enabled":true,"_links":{"self":[{"href":"https:\/\/blogopara.com.br\/index.php\/wp-json\/wp\/v2\/posts\/57203","targetHints":{"allow":["GET"]}}],"collection":[{"href":"https:\/\/blogopara.com.br\/index.php\/wp-json\/wp\/v2\/posts"}],"about":[{"href":"https:\/\/blogopara.com.br\/index.php\/wp-json\/wp\/v2\/types\/post"}],"author":[{"embeddable":true,"href":"https:\/\/blogopara.com.br\/index.php\/wp-json\/wp\/v2\/users\/1"}],"replies":[{"embeddable":true,"href":"https:\/\/blogopara.com.br\/index.php\/wp-json\/wp\/v2\/comments?post=57203"}],"version-history":[{"count":1,"href":"https:\/\/blogopara.com.br\/index.php\/wp-json\/wp\/v2\/posts\/57203\/revisions"}],"predecessor-version":[{"id":57205,"href":"https:\/\/blogopara.com.br\/index.php\/wp-json\/wp\/v2\/posts\/57203\/revisions\/57205"}],"wp:featuredmedia":[{"embeddable":true,"href":"https:\/\/blogopara.com.br\/index.php\/wp-json\/wp\/v2\/media\/57204"}],"wp:attachment":[{"href":"https:\/\/blogopara.com.br\/index.php\/wp-json\/wp\/v2\/media?parent=57203"}],"wp:term":[{"taxonomy":"category","embeddable":true,"href":"https:\/\/blogopara.com.br\/index.php\/wp-json\/wp\/v2\/categories?post=57203"},{"taxonomy":"post_tag","embeddable":true,"href":"https:\/\/blogopara.com.br\/index.php\/wp-json\/wp\/v2\/tags?post=57203"}],"curies":[{"name":"wp","href":"https:\/\/api.w.org\/{rel}","templated":true}]}}