{"id":57218,"date":"2023-09-16T09:17:00","date_gmt":"2023-09-16T12:17:00","guid":{"rendered":"https:\/\/blogopara.com.br\/?p=57218"},"modified":"2023-09-16T08:19:28","modified_gmt":"2023-09-16T11:19:28","slug":"momento-solene-sindsemp-realiza-plenaria-com-presidente-do-cnte-para-debater-avanco-na-pauta-dos-precatorios-do-fundef","status":"publish","type":"post","link":"https:\/\/blogopara.com.br\/index.php\/2023\/09\/16\/momento-solene-sindsemp-realiza-plenaria-com-presidente-do-cnte-para-debater-avanco-na-pauta-dos-precatorios-do-fundef","title":{"rendered":"Momento solene: Sindsemp realiza plen\u00e1ria com presidente do CNTE  para debater avan\u00e7o na pauta dos precat\u00f3rios do Fundef"},"content":{"rendered":"<p style=\"text-align: justify;\">Atento \u00e0s d\u00favidas presentes entre os profissionais da educa\u00e7\u00e3o de Petrolina sobre as verbas e precat\u00f3rios do Fundef, o Sindicato dos Servidores P\u00fablicos Municipais de Petrolina realizou nesta sexta-feira (15) uma plen\u00e1ria com os servidores da \u00e1rea, ministrada pelo ilustre\u00a0presidente da Confedera\u00e7\u00e3o Nacional dos Trabalhadores em Educa\u00e7\u00e3o (CNTE), Heleno Ara\u00fajo.\u00a0O encontro foi realizado no Clube de Campo do sindicato e contou com a presen\u00e7a de toda a diretoria executiva do Sindsemp, al\u00e9m de outras representa\u00e7\u00f5es \u00a0 \u00a0sindicais.<br aria-hidden=\"true\" \/><br aria-hidden=\"true\" \/>Como convidado e palestrante, Heleno Ara\u00fajo comp\u00f4s a mesa da plen\u00e1ria, juntamente com o presidente do Sindsemp, Walber Lins; a vice-presidente, In\u00eas Silva; a diretora de assuntos extraordin\u00e1rios, Katiane Santos; o secret\u00e1rio geral, Carlos Odair; o coordenador regional do Sindicato dos Trabalhadores e Trabalhadoras em Educa\u00e7\u00e3o de Pernambuco (Sintepe), Robson Nascimento e a diretora do Sintepe, Cristina Costa.<br aria-hidden=\"true\" \/><br aria-hidden=\"true\" \/>Ao longo da plen\u00e1ria, a diretora do Sintepe, Cristina Costa, abordou o processo burocr\u00e1tico de inscri\u00e7\u00e3o para os professores que t\u00eam direito ao precat\u00f3rio. Al\u00e9m disso, ela refor\u00e7ou ainda a import\u00e2ncia da uni\u00e3o da categoria no fortalecimento da luta pela manuten\u00e7\u00e3o e garantia de direitos. &#8220;N\u00e3o \u00e9 o Sindicato que d\u00e1 for\u00e7a para a categoria, \u00e9 a categoria que d\u00e1 for\u00e7a ao sindicato. Por isso que eu acho muito importante dizer para voc\u00eas que estejam firmes, n\u00e3o abram m\u00e3o&#8221;.<\/p>\n<div style=\"text-align: justify;\"><br aria-hidden=\"true\" \/>O coordenador regional do Sintepe, Robson Nascimento tamb\u00e9m conversou com os servidores e destacou a preocupa\u00e7\u00e3o em discutir com o Poder Executivo, como ser\u00e1 feita a distribui\u00e7\u00e3o do rateio do precat\u00f3rio, levando em conta os juros de morat\u00f3ria.<br aria-hidden=\"true\" \/><br aria-hidden=\"true\" \/>A vice-presidente do Sindsemp, In\u00eas Silva, tamb\u00e9m se pronunciou sobre a pauta e afirmou que o sindicato est\u00e1 acompanhando de perto todos os tr\u00e2mites dos precat\u00f3rios. \u201cEstamos cuidando disso de perto para que possamos colocar a m\u00e3o, ainda no primeiro semestre de 2024, nessa verba indenizat\u00f3ria\u201d, destaca.<br aria-hidden=\"true\" \/><br aria-hidden=\"true\" \/>Logo ap\u00f3s as falas dos membros da mesa, o presidente do CNTE, Heleno Ara\u00fajo, realizou uma palestra sobre a trajet\u00f3ria de luta da educa\u00e7\u00e3o atrav\u00e9s do Fundef, trazendo um contexto hist\u00f3rico e tirando d\u00favidas dos servidores que estavam presentes.<\/div>\n<div style=\"text-align: justify;\"><br aria-hidden=\"true\" \/>Ao final, o presidente do CNTE explicou que agora \u00e9 necess\u00e1ria uma articula\u00e7\u00e3o do Sindsemp com o Poder Executivo e Legislativo para a cria\u00e7\u00e3o de uma Lei Municipal, que possa regulamentar o repasse desses precat\u00f3rios, com base na Emenda Constitucional N\u00ba 114\/2021 e na Lei 14.325\/2022.\u00a0<br aria-hidden=\"true\" \/><br aria-hidden=\"true\" \/>\u201c\u00c9 importante que as pessoas entendam que o processo \u00e9 da prefeitura e que o sindicato est\u00e1 atento, acompanhando todo o andamento. E nessa ajuda que estamos fazendo mutuamente, o sindicato e a CNTE est\u00e3o identificando que o processo foi redistribu\u00eddo ao Tribunal Regional Federal &#8211; 5 (TRF-5) e, provavelmente, deve entrar em julgamento no final deste ano. Ent\u00e3o, h\u00e1 grande possibilidade de libera\u00e7\u00e3o dos recursos para 2024. Liberar os recursos significa ter uma Lei Municipal regrando todo esse processo. Por isso, \u00e9 importante tamb\u00e9m a rela\u00e7\u00e3o do sindicato com a prefeitura, para manter um di\u00e1logo na perspectiva de elabora\u00e7\u00e3o de um Projeto de Lei, que deve ser de autoria do Poder Executivo, e na rela\u00e7\u00e3o com a C\u00e2mara Municipal, que \u00e9 quem vai aprovar o projeto, autorizando o repasse desses recursos\u201d.<br aria-hidden=\"true\" \/><br aria-hidden=\"true\" \/>Como mensagem final, os participantes da plen\u00e1ria realizada, nesta sexta-feira, \u00a0refor\u00e7aram que \u00e9 preciso unidade jur\u00eddica, sindical e amplitude para lutar.<\/div>\n<div>\u00a0<br aria-hidden=\"true\" \/>&#8220;\u00c9 importante lembrar que essa luta n\u00e3o come\u00e7ou agora, e o SINDSEMP ir\u00e1 at\u00e9 o final para garantir todos os direitos da categoria porque estamos juntos&#8221;, afirmou a diretora de assuntos extraordin\u00e1rios, Katiane Santos.<br aria-hidden=\"true\" \/><\/p>\n<div style=\"text-align: justify;\"><\/div>\n<div style=\"text-align: justify;\"><\/div>\n<div style=\"text-align: justify;\">Assessoria de Comunica\u00e7\u00e3o do Sindsemp<\/div>\n<\/div>\n","protected":false},"excerpt":{"rendered":"<p>Atento \u00e0s d\u00favidas presentes entre os profissionais da educa\u00e7\u00e3o de Petrolina sobre as verbas e precat\u00f3rios do Fundef, o Sindicato dos Servidores P\u00fablicos Municipais de Petrolina realizou nesta sexta-feira (15) uma plen\u00e1ria com os servidores da \u00e1rea, ministrada pelo ilustre\u00a0presidente da Confedera\u00e7\u00e3o Nacional dos Trabalhadores em Educa\u00e7\u00e3o (CNTE), Heleno Ara\u00fajo.\u00a0O encontro foi realizado no Clube [&hellip;]<\/p>\n","protected":false},"author":1,"featured_media":57219,"comment_status":"closed","ping_status":"open","sticky":false,"template":"","format":"standard","meta":{"_uag_custom_page_level_css":"","_monsterinsights_skip_tracking":false,"_monsterinsights_sitenote_active":false,"_monsterinsights_sitenote_note":"","_monsterinsights_sitenote_category":0,"jetpack_post_was_ever_published":false,"_jetpack_newsletter_access":"","_jetpack_dont_email_post_to_subs":false,"_jetpack_newsletter_tier_id":0,"_jetpack_memberships_contains_paywalled_content":false,"_jetpack_memberships_contains_paid_content":false,"footnotes":"","jetpack_publicize_message":"","jetpack_publicize_feature_enabled":true,"jetpack_social_post_already_shared":true,"jetpack_social_options":{"image_generator_settings":{"template":"highway","default_image_id":0,"font":"","enabled":false},"version":2}},"categories":[851],"tags":[],"class_list":["post-57218","post","type-post","status-publish","format-standard","has-post-thumbnail","hentry","category-petrolina"],"jetpack_publicize_connections":[],"jetpack_featured_media_url":"https:\/\/blogopara.com.br\/wp-content\/uploads\/2023\/09\/thumbnail_Sindsemp-realiza-plenaria-com-presidente-do-CNTE-para-debater-avanco-na-pauta-dos-precatorios-do-Fundef-2.jpg","uagb_featured_image_src":{"full":["https:\/\/blogopara.com.br\/wp-content\/uploads\/2023\/09\/thumbnail_Sindsemp-realiza-plenaria-com-presidente-do-CNTE-para-debater-avanco-na-pauta-dos-precatorios-do-Fundef-2.jpg",500,375,false],"thumbnail":["https:\/\/blogopara.com.br\/wp-content\/uploads\/2023\/09\/thumbnail_Sindsemp-realiza-plenaria-com-presidente-do-CNTE-para-debater-avanco-na-pauta-dos-precatorios-do-Fundef-2-150x150.jpg",150,150,true],"medium":["https:\/\/blogopara.com.br\/wp-content\/uploads\/2023\/09\/thumbnail_Sindsemp-realiza-plenaria-com-presidente-do-CNTE-para-debater-avanco-na-pauta-dos-precatorios-do-Fundef-2-300x225.jpg",300,225,true],"medium_large":["https:\/\/blogopara.com.br\/wp-content\/uploads\/2023\/09\/thumbnail_Sindsemp-realiza-plenaria-com-presidente-do-CNTE-para-debater-avanco-na-pauta-dos-precatorios-do-Fundef-2.jpg",500,375,false],"large":["https:\/\/blogopara.com.br\/wp-content\/uploads\/2023\/09\/thumbnail_Sindsemp-realiza-plenaria-com-presidente-do-CNTE-para-debater-avanco-na-pauta-dos-precatorios-do-Fundef-2.jpg",500,375,false],"1536x1536":["https:\/\/blogopara.com.br\/wp-content\/uploads\/2023\/09\/thumbnail_Sindsemp-realiza-plenaria-com-presidente-do-CNTE-para-debater-avanco-na-pauta-dos-precatorios-do-Fundef-2.jpg",500,375,false],"2048x2048":["https:\/\/blogopara.com.br\/wp-content\/uploads\/2023\/09\/thumbnail_Sindsemp-realiza-plenaria-com-presidente-do-CNTE-para-debater-avanco-na-pauta-dos-precatorios-do-Fundef-2.jpg",500,375,false],"mantranews-slider-large":["https:\/\/blogopara.com.br\/wp-content\/uploads\/2023\/09\/thumbnail_Sindsemp-realiza-plenaria-com-presidente-do-CNTE-para-debater-avanco-na-pauta-dos-precatorios-do-Fundef-2.jpg",500,375,false],"mantranews-featured-medium":["https:\/\/blogopara.com.br\/wp-content\/uploads\/2023\/09\/thumbnail_Sindsemp-realiza-plenaria-com-presidente-do-CNTE-para-debater-avanco-na-pauta-dos-precatorios-do-Fundef-2-420x307.jpg",420,307,true],"mantranews-featured-long":["https:\/\/blogopara.com.br\/wp-content\/uploads\/2023\/09\/thumbnail_Sindsemp-realiza-plenaria-com-presidente-do-CNTE-para-debater-avanco-na-pauta-dos-precatorios-do-Fundef-2-300x375.jpg",300,375,true],"mantranews-block-medium":["https:\/\/blogopara.com.br\/wp-content\/uploads\/2023\/09\/thumbnail_Sindsemp-realiza-plenaria-com-presidente-do-CNTE-para-debater-avanco-na-pauta-dos-precatorios-do-Fundef-2-464x290.jpg",464,290,true],"mantranews-carousel-image":["https:\/\/blogopara.com.br\/wp-content\/uploads\/2023\/09\/thumbnail_Sindsemp-realiza-plenaria-com-presidente-do-CNTE-para-debater-avanco-na-pauta-dos-precatorios-do-Fundef-2.jpg",500,375,false],"mantranews-block-thumb":["https:\/\/blogopara.com.br\/wp-content\/uploads\/2023\/09\/thumbnail_Sindsemp-realiza-plenaria-com-presidente-do-CNTE-para-debater-avanco-na-pauta-dos-precatorios-do-Fundef-2-322x230.jpg",322,230,true],"mantranews-single-large":["https:\/\/blogopara.com.br\/wp-content\/uploads\/2023\/09\/thumbnail_Sindsemp-realiza-plenaria-com-presidente-do-CNTE-para-debater-avanco-na-pauta-dos-precatorios-do-Fundef-2.jpg",500,375,false]},"uagb_author_info":{"display_name":"Reda\u00e7\u00e3o geral","author_link":"https:\/\/blogopara.com.br\/index.php\/author\/blogopara"},"uagb_comment_info":0,"uagb_excerpt":"Atento \u00e0s d\u00favidas presentes entre os profissionais da educa\u00e7\u00e3o de Petrolina sobre as verbas e precat\u00f3rios do Fundef, o Sindicato dos Servidores P\u00fablicos Municipais de Petrolina realizou nesta sexta-feira (15) uma plen\u00e1ria com os servidores da \u00e1rea, ministrada pelo ilustre\u00a0presidente da Confedera\u00e7\u00e3o Nacional dos Trabalhadores em Educa\u00e7\u00e3o (CNTE), Heleno Ara\u00fajo.\u00a0O encontro foi realizado no Clube&hellip;","jetpack_sharing_enabled":true,"jetpack_likes_enabled":true,"_links":{"self":[{"href":"https:\/\/blogopara.com.br\/index.php\/wp-json\/wp\/v2\/posts\/57218","targetHints":{"allow":["GET"]}}],"collection":[{"href":"https:\/\/blogopara.com.br\/index.php\/wp-json\/wp\/v2\/posts"}],"about":[{"href":"https:\/\/blogopara.com.br\/index.php\/wp-json\/wp\/v2\/types\/post"}],"author":[{"embeddable":true,"href":"https:\/\/blogopara.com.br\/index.php\/wp-json\/wp\/v2\/users\/1"}],"replies":[{"embeddable":true,"href":"https:\/\/blogopara.com.br\/index.php\/wp-json\/wp\/v2\/comments?post=57218"}],"version-history":[{"count":1,"href":"https:\/\/blogopara.com.br\/index.php\/wp-json\/wp\/v2\/posts\/57218\/revisions"}],"predecessor-version":[{"id":57220,"href":"https:\/\/blogopara.com.br\/index.php\/wp-json\/wp\/v2\/posts\/57218\/revisions\/57220"}],"wp:featuredmedia":[{"embeddable":true,"href":"https:\/\/blogopara.com.br\/index.php\/wp-json\/wp\/v2\/media\/57219"}],"wp:attachment":[{"href":"https:\/\/blogopara.com.br\/index.php\/wp-json\/wp\/v2\/media?parent=57218"}],"wp:term":[{"taxonomy":"category","embeddable":true,"href":"https:\/\/blogopara.com.br\/index.php\/wp-json\/wp\/v2\/categories?post=57218"},{"taxonomy":"post_tag","embeddable":true,"href":"https:\/\/blogopara.com.br\/index.php\/wp-json\/wp\/v2\/tags?post=57218"}],"curies":[{"name":"wp","href":"https:\/\/api.w.org\/{rel}","templated":true}]}}