{"id":57221,"date":"2023-09-16T11:20:00","date_gmt":"2023-09-16T14:20:00","guid":{"rendered":"https:\/\/blogopara.com.br\/?p=57221"},"modified":"2023-09-16T08:35:20","modified_gmt":"2023-09-16T11:35:20","slug":"operadores-do-pcc-que-movimentaram-r-100-milhoes-sao-presos-em-sp","status":"publish","type":"post","link":"https:\/\/blogopara.com.br\/index.php\/2023\/09\/16\/operadores-do-pcc-que-movimentaram-r-100-milhoes-sao-presos-em-sp","title":{"rendered":"Operadores do PCC que movimentaram R$ 100 milh\u00f5es s\u00e3o presos em SP"},"content":{"rendered":"<p style=\"text-align: justify;\"><strong>S\u00e3o Paulo<\/strong>\u00a0\u2013 Dois suspeitos de realizar opera\u00e7\u00f5es financeiras para o\u00a0Primeiro Comando da Capital (PCC)\u00a0foram presos, na manh\u00e3 desta ter\u00e7a-feira (12\\9), em\u00a0S\u00e3o Paulo, na segunda fase da opera\u00e7\u00e3o Sharks, do\u00a0Minist\u00e9rio P\u00fablico (MPSP).<\/p>\n<p style=\"text-align: justify;\" data-gtm-vis-recent-on-screen-104869357_94=\"190248\" data-gtm-vis-first-on-screen-104869357_94=\"190248\" data-gtm-vis-total-visible-time-104869357_94=\"100\" data-gtm-vis-has-fired-104869357_94=\"1\">Os suspeitos, identificados como D\u00e1rio Pereira Alencar e M\u00e1rcio Roberto de Souza Costa, estariam envolvidos na movimenta\u00e7\u00e3o de R$ 100 milh\u00f5es para a fac\u00e7\u00e3o criminosa nos \u00faltimos tr\u00eas anos. Segundo o MP, eles fazem parte dos n\u00facleos comandados pelos chef\u00f5es\u00a0Marcos Roberto de Almeida, o Tuta, e Odair Lopes Mazzi Junior, o Dezinho.<\/p>\n<p style=\"text-align: justify;\">Dezinho, preso em um resort de luxo no Nordeste, em julho, tamb\u00e9m foi alvo de um mandado de pris\u00e3o preventiva, cumprido no Centro de Deten\u00e7\u00e3o Provis\u00f3ria (CDP) de Pinheiros, zona oeste, nesta ter\u00e7a-feira.<\/p>\n<p style=\"text-align: justify;\">Apontado com um dos membros da c\u00fapula da fac\u00e7\u00e3o, Dezinho ser\u00e1 transferido para o pres\u00eddio de Presidente Venceslau, interior paulista, segundo o promotor Lincoln Gakiya, do Gaeco.<\/p>\n<p style=\"text-align: justify;\">Um quarto suspeito, cujo nome n\u00e3o foi informado, foi preso em flagrante, por porte ilegal de arma de fogo, durante o cumprimento de um dos 22 mandados de busca e apreens\u00e3o, tamb\u00e9m nesta ter\u00e7a, na capital e Praia Grande.<\/p>\n<h4 style=\"text-align: justify;\">Rel\u00f3gios de luxo<\/h4>\n<p style=\"text-align: justify;\">Outros quatro mandados de busca foram cumpridos na Bahia. Foram apreendidos, em S\u00e3o Paulo e no Nordeste, documentos, celulares, computadores e 35 rel\u00f3gios de luxo, avaliados em R$ 2 milh\u00f5es, de acordo com Gakiya.<\/p>\n<p style=\"text-align: justify;\">Tuta, o outro suspeito de movimentar os R$ 100 milh\u00f5es, foi expulso do PCC, por suspeita de desvio de dinheiro. Ele \u00e9 considerado desaparecido oficialmente, mas o MPSP acredita que o criminoso foi assassinado.<\/p>\n<div class=\"m-banner-wrap m-banner-rectangle m-publicity-content-middle\" style=\"text-align: justify;\">\n<div id=\"div-gpt-ad-sao-paulo-quadrado-3\" class=\"ad-displayed\" data-google-query-id=\"COzF_-qCr4EDFYaFlQIdx70Ikg\">\n<div id=\"google_ads_iframe_\/123935210\/sao-paulo-quadrado-3_0__container__\">\n<p><strong>S\u00e3o Paulo<\/strong>\u00a0\u2013 Dois suspeitos de realizar opera\u00e7\u00f5es financeiras para o\u00a0Primeiro Comando da Capital (PCC)\u00a0foram presos, na manh\u00e3 desta ter\u00e7a-feira (12\\9), em\u00a0S\u00e3o Paulo, na segunda fase da opera\u00e7\u00e3o Sharks, do\u00a0Minist\u00e9rio P\u00fablico (MPSP).<\/p>\n<p data-gtm-vis-recent-on-screen-104869357_94=\"190248\" data-gtm-vis-first-on-screen-104869357_94=\"190248\" data-gtm-vis-total-visible-time-104869357_94=\"100\" data-gtm-vis-has-fired-104869357_94=\"1\">Os suspeitos, identificados como D\u00e1rio Pereira Alencar e M\u00e1rcio Roberto de Souza Costa, estariam envolvidos na movimenta\u00e7\u00e3o de R$ 100 milh\u00f5es para a fac\u00e7\u00e3o criminosa nos \u00faltimos tr\u00eas anos. Segundo o MP, eles fazem parte dos n\u00facleos comandados pelos chef\u00f5es\u00a0Marcos Roberto de Almeida, o Tuta, e Odair Lopes Mazzi Junior, o Dezinho.<\/p>\n<p>Dezinho, preso em um resort de luxo no Nordeste, em julho, tamb\u00e9m foi alvo de um mandado de pris\u00e3o preventiva, cumprido no Centro de Deten\u00e7\u00e3o Provis\u00f3ria (CDP) de Pinheiros, zona oeste, nesta ter\u00e7a-feira.<\/p>\n<p>Apontado com um dos membros da c\u00fapula da fac\u00e7\u00e3o, Dezinho ser\u00e1 transferido para o pres\u00eddio de Presidente Venceslau, interior paulista, segundo o promotor Lincoln Gakiya, do Gaeco.<\/p>\n<p>Um quarto suspeito, cujo nome n\u00e3o foi informado, foi preso em flagrante, por porte ilegal de arma de fogo, durante o cumprimento de um dos 22 mandados de busca e apreens\u00e3o, tamb\u00e9m nesta ter\u00e7a, na capital e Praia Grande.<\/p>\n<h4>Rel\u00f3gios de luxo<\/h4>\n<p>Outros quatro mandados de busca foram cumpridos na Bahia. Foram apreendidos, em S\u00e3o Paulo e no Nordeste, documentos, celulares, computadores e 35 rel\u00f3gios de luxo, avaliados em R$ 2 milh\u00f5es, de acordo com Gakiya.<\/p>\n<p>Tuta, o outro suspeito de movimentar os R$ 100 milh\u00f5es, foi expulso do PCC, por suspeita de desvio de dinheiro. Ele \u00e9 considerado desaparecido oficialmente, mas o MPSP acredita que o criminoso foi assassinado.<\/p>\n<div class=\"m-banner-wrap m-banner-rectangle m-publicity-content-middle\">\n<div id=\"div-gpt-ad-sao-paulo-quadrado-1\" class=\"ad-displayed\" data-google-query-id=\"COrF_-qCr4EDFYaFlQIdx70Ikg\">\n<p>Os cumprimentos dos mandados de busca e apreens\u00e3o e de pris\u00e3o contaram com o apoio de 108 policiais das Rondas Ostensivas Tobias Aguiar (Rota).<\/p>\n<div class=\"m-banner-wrap m-banner-rectangle m-publicity-content-middle\">\n<div id=\"div-gpt-ad-sao-paulo-quadrado-4\" class=\"ad-displayed\" data-google-query-id=\"CO3F_-qCr4EDFYaFlQIdx70Ikg\">\n<div id=\"google_ads_iframe_\/123935210\/sao-paulo-quadrado-4_0__container__\"><\/div>\n<\/div>\n<\/div>\n<\/div>\n<\/div>\n<\/div>\n<\/div>\n<\/div>\n<div class=\"m-banner-wrap m-banner-rectangle m-publicity-content-middle\">\n<div id=\"div-gpt-ad-sao-paulo-quadrado-1\" class=\"ad-displayed\" style=\"text-align: justify;\" data-google-query-id=\"COrF_-qCr4EDFYaFlQIdx70Ikg\"><\/div>\n<\/div>\n","protected":false},"excerpt":{"rendered":"<p>S\u00e3o Paulo\u00a0\u2013 Dois suspeitos de realizar opera\u00e7\u00f5es financeiras para o\u00a0Primeiro Comando da Capital (PCC)\u00a0foram presos, na manh\u00e3 desta ter\u00e7a-feira (12\\9), em\u00a0S\u00e3o Paulo, na segunda fase da opera\u00e7\u00e3o Sharks, do\u00a0Minist\u00e9rio P\u00fablico (MPSP). Os suspeitos, identificados como D\u00e1rio Pereira Alencar e M\u00e1rcio Roberto de Souza Costa, estariam envolvidos na movimenta\u00e7\u00e3o de R$ 100 milh\u00f5es para a fac\u00e7\u00e3o [&hellip;]<\/p>\n","protected":false},"author":1,"featured_media":57222,"comment_status":"closed","ping_status":"open","sticky":false,"template":"","format":"standard","meta":{"_uag_custom_page_level_css":"","_monsterinsights_skip_tracking":false,"_monsterinsights_sitenote_active":false,"_monsterinsights_sitenote_note":"","_monsterinsights_sitenote_category":0,"jetpack_post_was_ever_published":false,"_jetpack_newsletter_access":"","_jetpack_dont_email_post_to_subs":false,"_jetpack_newsletter_tier_id":0,"_jetpack_memberships_contains_paywalled_content":false,"_jetpack_memberships_contains_paid_content":false,"footnotes":"","jetpack_publicize_message":"","jetpack_publicize_feature_enabled":true,"jetpack_social_post_already_shared":true,"jetpack_social_options":{"image_generator_settings":{"template":"highway","default_image_id":0,"font":"","enabled":false},"version":2}},"categories":[203],"tags":[],"class_list":["post-57221","post","type-post","status-publish","format-standard","has-post-thumbnail","hentry","category-juazeiro"],"jetpack_publicize_connections":[],"jetpack_featured_media_url":"https:\/\/blogopara.com.br\/wp-content\/uploads\/2023\/09\/74055.jpg","uagb_featured_image_src":{"full":["https:\/\/blogopara.com.br\/wp-content\/uploads\/2023\/09\/74055.jpg",500,268,false],"thumbnail":["https:\/\/blogopara.com.br\/wp-content\/uploads\/2023\/09\/74055-150x150.jpg",150,150,true],"medium":["https:\/\/blogopara.com.br\/wp-content\/uploads\/2023\/09\/74055-300x161.jpg",300,161,true],"medium_large":["https:\/\/blogopara.com.br\/wp-content\/uploads\/2023\/09\/74055.jpg",500,268,false],"large":["https:\/\/blogopara.com.br\/wp-content\/uploads\/2023\/09\/74055.jpg",500,268,false],"1536x1536":["https:\/\/blogopara.com.br\/wp-content\/uploads\/2023\/09\/74055.jpg",500,268,false],"2048x2048":["https:\/\/blogopara.com.br\/wp-content\/uploads\/2023\/09\/74055.jpg",500,268,false],"mantranews-slider-large":["https:\/\/blogopara.com.br\/wp-content\/uploads\/2023\/09\/74055.jpg",500,268,false],"mantranews-featured-medium":["https:\/\/blogopara.com.br\/wp-content\/uploads\/2023\/09\/74055-420x268.jpg",420,268,true],"mantranews-featured-long":["https:\/\/blogopara.com.br\/wp-content\/uploads\/2023\/09\/74055-300x268.jpg",300,268,true],"mantranews-block-medium":["https:\/\/blogopara.com.br\/wp-content\/uploads\/2023\/09\/74055-464x268.jpg",464,268,true],"mantranews-carousel-image":["https:\/\/blogopara.com.br\/wp-content\/uploads\/2023\/09\/74055.jpg",500,268,false],"mantranews-block-thumb":["https:\/\/blogopara.com.br\/wp-content\/uploads\/2023\/09\/74055-322x230.jpg",322,230,true],"mantranews-single-large":["https:\/\/blogopara.com.br\/wp-content\/uploads\/2023\/09\/74055.jpg",500,268,false]},"uagb_author_info":{"display_name":"Reda\u00e7\u00e3o geral","author_link":"https:\/\/blogopara.com.br\/index.php\/author\/blogopara"},"uagb_comment_info":0,"uagb_excerpt":"S\u00e3o Paulo\u00a0\u2013 Dois suspeitos de realizar opera\u00e7\u00f5es financeiras para o\u00a0Primeiro Comando da Capital (PCC)\u00a0foram presos, na manh\u00e3 desta ter\u00e7a-feira (12\\9), em\u00a0S\u00e3o Paulo, na segunda fase da opera\u00e7\u00e3o Sharks, do\u00a0Minist\u00e9rio P\u00fablico (MPSP). Os suspeitos, identificados como D\u00e1rio Pereira Alencar e M\u00e1rcio Roberto de Souza Costa, estariam envolvidos na movimenta\u00e7\u00e3o de R$ 100 milh\u00f5es para a fac\u00e7\u00e3o&hellip;","jetpack_sharing_enabled":true,"jetpack_likes_enabled":true,"_links":{"self":[{"href":"https:\/\/blogopara.com.br\/index.php\/wp-json\/wp\/v2\/posts\/57221","targetHints":{"allow":["GET"]}}],"collection":[{"href":"https:\/\/blogopara.com.br\/index.php\/wp-json\/wp\/v2\/posts"}],"about":[{"href":"https:\/\/blogopara.com.br\/index.php\/wp-json\/wp\/v2\/types\/post"}],"author":[{"embeddable":true,"href":"https:\/\/blogopara.com.br\/index.php\/wp-json\/wp\/v2\/users\/1"}],"replies":[{"embeddable":true,"href":"https:\/\/blogopara.com.br\/index.php\/wp-json\/wp\/v2\/comments?post=57221"}],"version-history":[{"count":1,"href":"https:\/\/blogopara.com.br\/index.php\/wp-json\/wp\/v2\/posts\/57221\/revisions"}],"predecessor-version":[{"id":57223,"href":"https:\/\/blogopara.com.br\/index.php\/wp-json\/wp\/v2\/posts\/57221\/revisions\/57223"}],"wp:featuredmedia":[{"embeddable":true,"href":"https:\/\/blogopara.com.br\/index.php\/wp-json\/wp\/v2\/media\/57222"}],"wp:attachment":[{"href":"https:\/\/blogopara.com.br\/index.php\/wp-json\/wp\/v2\/media?parent=57221"}],"wp:term":[{"taxonomy":"category","embeddable":true,"href":"https:\/\/blogopara.com.br\/index.php\/wp-json\/wp\/v2\/categories?post=57221"},{"taxonomy":"post_tag","embeddable":true,"href":"https:\/\/blogopara.com.br\/index.php\/wp-json\/wp\/v2\/tags?post=57221"}],"curies":[{"name":"wp","href":"https:\/\/api.w.org\/{rel}","templated":true}]}}