{"id":57244,"date":"2023-09-17T14:58:00","date_gmt":"2023-09-17T17:58:00","guid":{"rendered":"https:\/\/blogopara.com.br\/?p=57244"},"modified":"2023-09-16T21:01:18","modified_gmt":"2023-09-17T00:01:18","slug":"desfiles-civicos-movimentam-final-de-semana-na-sede-e-interior-de-juazeiro","status":"publish","type":"post","link":"https:\/\/blogopara.com.br\/index.php\/2023\/09\/17\/desfiles-civicos-movimentam-final-de-semana-na-sede-e-interior-de-juazeiro","title":{"rendered":"Desfiles c\u00edvicos movimentam final de semana na sede e interior de Juazeiro"},"content":{"rendered":"<div style=\"text-align: justify;\">Integrando a programa\u00e7\u00e3o da Festa dos Colonos, no Projeto Cura\u00e7\u00e1 NH03, do distrito de Itamotinga, a Escola Municipal Santo Ant\u00f4nio, levou na manh\u00e3 deste s\u00e1bado (16), para as ruas da localidade, o tradicional desfile c\u00edvico da unidade de ensino, reunindo alunos, familiares, comunidades escolar e local, para celebrar a valoriza\u00e7\u00e3o da cultura e homenagear os agricultores do campo e, os 201 anos de Independ\u00eancia do Brasil, celebrado nacionalmente no dia 7 de setembro.<\/div>\n<div style=\"text-align: justify;\"><\/div>\n<div style=\"text-align: justify;\">Abrilhantado pelas bandas e fanfarras, e abordando o tema, \u2018Entrela\u00e7o: M\u00e3os que se unem, amor que se cultiva \u2013 Diversidade e Inclus\u00e3o\u2019, o desfile foi realizado pela Prefeitura de Juazeiro, por meio da Secretaria de Educa\u00e7\u00e3o e Juventude (Seduc), e faz parte do calend\u00e1rio de atividades pedag\u00f3gicas e culturais do munic\u00edpio.<\/div>\n<div style=\"text-align: justify;\"><\/div>\n<div style=\"text-align: justify;\">\u201cAcreditamos que conviver em um ambiente plural em diversidade e inclus\u00e3o possibilita que diversas realidades e ideias se encontrem, se entrelacem e se unam permitindo uma troca positiva entre as pessoas na sociedade. A pr\u00e1tica da diversidade e inclus\u00e3o refletem os valores familiares, escolar, social, pol\u00edtico e cultural, buscando a constru\u00e7\u00e3o de uma hist\u00f3ria repleta de amor, respeito e igualdade. Nesse novo contexto, a sociedade reconhece cada ser como pe\u00e7a importante, de direitos iguais e inclusivos\u201d, explicou a gestora da Escola Municipal Santo Ant\u00f4nio, Adalgisa Coelho.<\/div>\n<div style=\"text-align: justify;\"><\/div>\n<div style=\"text-align: justify;\">A estudante Vit\u00f3ria Suedi Pereira Ventura, de 15 anos, compartilhou o sentimento de participar da iniciativa. \u201cEu gostei muito do desfile porque englobou a diversidade, principalmente para n\u00f3s jovens, j\u00e1 que convivemos com gays e l\u00e9sbicas, cadeirantes, pessoas de religi\u00f5es e culturas diferentes, na escola. Isso foi muito importante para essas pessoas se sentirem representadas no desfile da Santo Ant\u00f4nio este ano\u201d, contou Vit\u00f3ria.<\/div>\n<div style=\"text-align: justify;\"><\/div>\n<div style=\"text-align: justify;\">\u201cO desfile foi muito bom. Considero o melhor que eu j\u00e1 participei\u201d, declarou o estudante do 8\u00b0 ano, Gabriel.<\/div>\n<div style=\"text-align: justify;\"><\/div>\n<div style=\"text-align: justify;\">Concordando com as considera\u00e7\u00f5es dos colegas de escola, a estudante Ariele, do 9\u00b0 ano, refor\u00e7ou o sentimento de satisfa\u00e7\u00e3o em participar da a\u00e7\u00e3o. \u201cComo sou do 9\u00b0 ano, esta \u00e9 minha \u00faltima participa\u00e7\u00e3o no desfile, ent\u00e3o foi muito especial, e a sensa\u00e7\u00e3o j\u00e1 \u00e9 de saudade. O tema deste ano foi bastante interessante, o que fez o evento ser muito legal, abordando a inclus\u00e3o, a diversidade e o respeito\u201d, concluiu Ariele.<\/div>\n<div style=\"text-align: justify;\"><\/div>\n<div style=\"text-align: justify;\">A Escola Municipal Centro Social Urbano, localizada no bairro Castelo Branco, tamb\u00e9m levou muita anima\u00e7\u00e3o para as ruas da comunidade com a participa\u00e7\u00e3o da fanfarra do Col\u00e9gio Modelo Lu\u00eds Eduardo Magalh\u00e3es. Al\u00e9m de compartilhar mensagens de amor e respeito, com pelot\u00f5es que retratavam a paz, os estudantes da unidade de ensino refor\u00e7aram o pedido de paz nas escolas, fam\u00edlias, na\u00e7\u00f5es, religi\u00f5es, esporte, fauna e flora.<\/div>\n<div style=\"text-align: justify;\"><\/div>\n<div style=\"text-align: justify;\">\u201cEstamos durante todo ano trabalhando sentimentos que tragam harmonia no espa\u00e7o escolar, e a paz sempre foi incentivada para que cada um cuide do outro e trate com amor e respeito\u201d, disse a gestora da Escola Municipal Centro Social Urbano, Mar\u00edlia C\u00e9lia Ramos Santos.<\/div>\n<div style=\"text-align: justify;\"><\/div>\n","protected":false},"excerpt":{"rendered":"<p>Integrando a programa\u00e7\u00e3o da Festa dos Colonos, no Projeto Cura\u00e7\u00e1 NH03, do distrito de Itamotinga, a Escola Municipal Santo Ant\u00f4nio, levou na manh\u00e3 deste s\u00e1bado (16), para as ruas da localidade, o tradicional desfile c\u00edvico da unidade de ensino, reunindo alunos, familiares, comunidades escolar e local, para celebrar a valoriza\u00e7\u00e3o da cultura e homenagear os [&hellip;]<\/p>\n","protected":false},"author":1,"featured_media":0,"comment_status":"closed","ping_status":"open","sticky":false,"template":"","format":"standard","meta":{"_uag_custom_page_level_css":"","_monsterinsights_skip_tracking":false,"_monsterinsights_sitenote_active":false,"_monsterinsights_sitenote_note":"","_monsterinsights_sitenote_category":0,"jetpack_post_was_ever_published":false,"_jetpack_newsletter_access":"","_jetpack_dont_email_post_to_subs":false,"_jetpack_newsletter_tier_id":0,"_jetpack_memberships_contains_paywalled_content":false,"_jetpack_memberships_contains_paid_content":false,"footnotes":"","jetpack_publicize_message":"","jetpack_publicize_feature_enabled":true,"jetpack_social_post_already_shared":true,"jetpack_social_options":{"image_generator_settings":{"template":"highway","default_image_id":0,"font":"","enabled":false},"version":2}},"categories":[203],"tags":[],"class_list":["post-57244","post","type-post","status-publish","format-standard","hentry","category-juazeiro"],"jetpack_publicize_connections":[],"jetpack_featured_media_url":"","uagb_featured_image_src":{"full":false,"thumbnail":false,"medium":false,"medium_large":false,"large":false,"1536x1536":false,"2048x2048":false,"mantranews-slider-large":false,"mantranews-featured-medium":false,"mantranews-featured-long":false,"mantranews-block-medium":false,"mantranews-carousel-image":false,"mantranews-block-thumb":false,"mantranews-single-large":false},"uagb_author_info":{"display_name":"Reda\u00e7\u00e3o geral","author_link":"https:\/\/blogopara.com.br\/index.php\/author\/blogopara"},"uagb_comment_info":0,"uagb_excerpt":"Integrando a programa\u00e7\u00e3o da Festa dos Colonos, no Projeto Cura\u00e7\u00e1 NH03, do distrito de Itamotinga, a Escola Municipal Santo Ant\u00f4nio, levou na manh\u00e3 deste s\u00e1bado (16), para as ruas da localidade, o tradicional desfile c\u00edvico da unidade de ensino, reunindo alunos, familiares, comunidades escolar e local, para celebrar a valoriza\u00e7\u00e3o da cultura e homenagear os&hellip;","jetpack_sharing_enabled":true,"jetpack_likes_enabled":true,"_links":{"self":[{"href":"https:\/\/blogopara.com.br\/index.php\/wp-json\/wp\/v2\/posts\/57244","targetHints":{"allow":["GET"]}}],"collection":[{"href":"https:\/\/blogopara.com.br\/index.php\/wp-json\/wp\/v2\/posts"}],"about":[{"href":"https:\/\/blogopara.com.br\/index.php\/wp-json\/wp\/v2\/types\/post"}],"author":[{"embeddable":true,"href":"https:\/\/blogopara.com.br\/index.php\/wp-json\/wp\/v2\/users\/1"}],"replies":[{"embeddable":true,"href":"https:\/\/blogopara.com.br\/index.php\/wp-json\/wp\/v2\/comments?post=57244"}],"version-history":[{"count":1,"href":"https:\/\/blogopara.com.br\/index.php\/wp-json\/wp\/v2\/posts\/57244\/revisions"}],"predecessor-version":[{"id":57245,"href":"https:\/\/blogopara.com.br\/index.php\/wp-json\/wp\/v2\/posts\/57244\/revisions\/57245"}],"wp:attachment":[{"href":"https:\/\/blogopara.com.br\/index.php\/wp-json\/wp\/v2\/media?parent=57244"}],"wp:term":[{"taxonomy":"category","embeddable":true,"href":"https:\/\/blogopara.com.br\/index.php\/wp-json\/wp\/v2\/categories?post=57244"},{"taxonomy":"post_tag","embeddable":true,"href":"https:\/\/blogopara.com.br\/index.php\/wp-json\/wp\/v2\/tags?post=57244"}],"curies":[{"name":"wp","href":"https:\/\/api.w.org\/{rel}","templated":true}]}}