{"id":57246,"date":"2023-09-17T16:13:00","date_gmt":"2023-09-17T19:13:00","guid":{"rendered":"https:\/\/blogopara.com.br\/?p=57246"},"modified":"2023-09-16T21:16:04","modified_gmt":"2023-09-17T00:16:04","slug":"menina-baleada-por-policial-rodoviario-federal-morre-no-rio","status":"publish","type":"post","link":"https:\/\/blogopara.com.br\/index.php\/2023\/09\/17\/menina-baleada-por-policial-rodoviario-federal-morre-no-rio","title":{"rendered":"Menina baleada por policial rodovi\u00e1rio federal morre no Rio"},"content":{"rendered":"<p style=\"text-align: justify;\">A menina Helo\u00edsa dos Santos Silva, de 3 anos, baleada por um policial rodovi\u00e1rio federal em 7 de setembro, morreu na manh\u00e3 deste s\u00e1bado (16). Ela estava internada h\u00e1 oito dias no Hospital Ad\u00e3o Pereira Nunes (Saracuruna), em Duque de Caxias, na Baixada Fluminense. A morte foi confirmada pela prefeitura de Caxias.<\/p>\n<p style=\"text-align: justify;\">A crian\u00e7a foi baleada quando passava pelo Arco Metropolitano com a fam\u00edlia. Segundo o pai de Helo\u00edsa, William da Silva, o carro onde eles estavam foi alvo de tiros que partiram de uma viatura da\u00a0 Pol\u00edcia Rodovi\u00e1ria Federal (PRF).<\/p>\n<p style=\"text-align: justify;\">A menina foi atingida por tiro que atingiu sua cabe\u00e7a e pesco\u00e7o. Segundo a prefeitura de Duque de Caxias, ela teve uma parada cardiorrespirat\u00f3ria e morreu \u00e0s 9h22.<\/p>\n<p style=\"text-align: justify;\">Em nota, a PRF informou que se solidariza com a fam\u00edlia de Helo\u00edsa e que sua Comiss\u00e3o de Direitos Humanos est\u00e1 acompanhando a fam\u00edlia para acolhimento e apoio psicol\u00f3gico. O caso est\u00e1 sendo investigado pela Pol\u00edcia Federal (PF) e pelo Minist\u00e9rio P\u00fablico Federal (MPF).<\/p>\n<p style=\"text-align: justify;\">\n","protected":false},"excerpt":{"rendered":"<p>A menina Helo\u00edsa dos Santos Silva, de 3 anos, baleada por um policial rodovi\u00e1rio federal em 7 de setembro, morreu na manh\u00e3 deste s\u00e1bado (16). Ela estava internada h\u00e1 oito dias no Hospital Ad\u00e3o Pereira Nunes (Saracuruna), em Duque de Caxias, na Baixada Fluminense. A morte foi confirmada pela prefeitura de Caxias. A crian\u00e7a foi [&hellip;]<\/p>\n","protected":false},"author":1,"featured_media":57247,"comment_status":"closed","ping_status":"open","sticky":false,"template":"","format":"standard","meta":{"_uag_custom_page_level_css":"","_monsterinsights_skip_tracking":false,"_monsterinsights_sitenote_active":false,"_monsterinsights_sitenote_note":"","_monsterinsights_sitenote_category":0,"jetpack_post_was_ever_published":false,"_jetpack_newsletter_access":"","_jetpack_dont_email_post_to_subs":false,"_jetpack_newsletter_tier_id":0,"_jetpack_memberships_contains_paywalled_content":false,"_jetpack_memberships_contains_paid_content":false,"footnotes":"","jetpack_publicize_message":"","jetpack_publicize_feature_enabled":true,"jetpack_social_post_already_shared":true,"jetpack_social_options":{"image_generator_settings":{"template":"highway","default_image_id":0,"font":"","enabled":false},"version":2}},"categories":[203],"tags":[],"class_list":["post-57246","post","type-post","status-publish","format-standard","has-post-thumbnail","hentry","category-juazeiro"],"jetpack_publicize_connections":[],"jetpack_featured_media_url":"https:\/\/blogopara.com.br\/wp-content\/uploads\/2023\/09\/8a2ce48208a06423a299f61d8f9e5b55.jpg","uagb_featured_image_src":{"full":["https:\/\/blogopara.com.br\/wp-content\/uploads\/2023\/09\/8a2ce48208a06423a299f61d8f9e5b55.jpg",500,327,false],"thumbnail":["https:\/\/blogopara.com.br\/wp-content\/uploads\/2023\/09\/8a2ce48208a06423a299f61d8f9e5b55-150x150.jpg",150,150,true],"medium":["https:\/\/blogopara.com.br\/wp-content\/uploads\/2023\/09\/8a2ce48208a06423a299f61d8f9e5b55-300x196.jpg",300,196,true],"medium_large":["https:\/\/blogopara.com.br\/wp-content\/uploads\/2023\/09\/8a2ce48208a06423a299f61d8f9e5b55.jpg",500,327,false],"large":["https:\/\/blogopara.com.br\/wp-content\/uploads\/2023\/09\/8a2ce48208a06423a299f61d8f9e5b55.jpg",500,327,false],"1536x1536":["https:\/\/blogopara.com.br\/wp-content\/uploads\/2023\/09\/8a2ce48208a06423a299f61d8f9e5b55.jpg",500,327,false],"2048x2048":["https:\/\/blogopara.com.br\/wp-content\/uploads\/2023\/09\/8a2ce48208a06423a299f61d8f9e5b55.jpg",500,327,false],"mantranews-slider-large":["https:\/\/blogopara.com.br\/wp-content\/uploads\/2023\/09\/8a2ce48208a06423a299f61d8f9e5b55.jpg",500,327,false],"mantranews-featured-medium":["https:\/\/blogopara.com.br\/wp-content\/uploads\/2023\/09\/8a2ce48208a06423a299f61d8f9e5b55-420x307.jpg",420,307,true],"mantranews-featured-long":["https:\/\/blogopara.com.br\/wp-content\/uploads\/2023\/09\/8a2ce48208a06423a299f61d8f9e5b55-300x327.jpg",300,327,true],"mantranews-block-medium":["https:\/\/blogopara.com.br\/wp-content\/uploads\/2023\/09\/8a2ce48208a06423a299f61d8f9e5b55-464x290.jpg",464,290,true],"mantranews-carousel-image":["https:\/\/blogopara.com.br\/wp-content\/uploads\/2023\/09\/8a2ce48208a06423a299f61d8f9e5b55.jpg",500,327,false],"mantranews-block-thumb":["https:\/\/blogopara.com.br\/wp-content\/uploads\/2023\/09\/8a2ce48208a06423a299f61d8f9e5b55-322x230.jpg",322,230,true],"mantranews-single-large":["https:\/\/blogopara.com.br\/wp-content\/uploads\/2023\/09\/8a2ce48208a06423a299f61d8f9e5b55.jpg",500,327,false]},"uagb_author_info":{"display_name":"Reda\u00e7\u00e3o geral","author_link":"https:\/\/blogopara.com.br\/index.php\/author\/blogopara"},"uagb_comment_info":0,"uagb_excerpt":"A menina Helo\u00edsa dos Santos Silva, de 3 anos, baleada por um policial rodovi\u00e1rio federal em 7 de setembro, morreu na manh\u00e3 deste s\u00e1bado (16). Ela estava internada h\u00e1 oito dias no Hospital Ad\u00e3o Pereira Nunes (Saracuruna), em Duque de Caxias, na Baixada Fluminense. A morte foi confirmada pela prefeitura de Caxias. A crian\u00e7a foi&hellip;","jetpack_sharing_enabled":true,"jetpack_likes_enabled":true,"_links":{"self":[{"href":"https:\/\/blogopara.com.br\/index.php\/wp-json\/wp\/v2\/posts\/57246","targetHints":{"allow":["GET"]}}],"collection":[{"href":"https:\/\/blogopara.com.br\/index.php\/wp-json\/wp\/v2\/posts"}],"about":[{"href":"https:\/\/blogopara.com.br\/index.php\/wp-json\/wp\/v2\/types\/post"}],"author":[{"embeddable":true,"href":"https:\/\/blogopara.com.br\/index.php\/wp-json\/wp\/v2\/users\/1"}],"replies":[{"embeddable":true,"href":"https:\/\/blogopara.com.br\/index.php\/wp-json\/wp\/v2\/comments?post=57246"}],"version-history":[{"count":1,"href":"https:\/\/blogopara.com.br\/index.php\/wp-json\/wp\/v2\/posts\/57246\/revisions"}],"predecessor-version":[{"id":57248,"href":"https:\/\/blogopara.com.br\/index.php\/wp-json\/wp\/v2\/posts\/57246\/revisions\/57248"}],"wp:featuredmedia":[{"embeddable":true,"href":"https:\/\/blogopara.com.br\/index.php\/wp-json\/wp\/v2\/media\/57247"}],"wp:attachment":[{"href":"https:\/\/blogopara.com.br\/index.php\/wp-json\/wp\/v2\/media?parent=57246"}],"wp:term":[{"taxonomy":"category","embeddable":true,"href":"https:\/\/blogopara.com.br\/index.php\/wp-json\/wp\/v2\/categories?post=57246"},{"taxonomy":"post_tag","embeddable":true,"href":"https:\/\/blogopara.com.br\/index.php\/wp-json\/wp\/v2\/tags?post=57246"}],"curies":[{"name":"wp","href":"https:\/\/api.w.org\/{rel}","templated":true}]}}