{"id":57267,"date":"2023-09-18T16:18:00","date_gmt":"2023-09-18T19:18:00","guid":{"rendered":"https:\/\/blogopara.com.br\/?p=57267"},"modified":"2023-09-18T14:21:20","modified_gmt":"2023-09-18T17:21:20","slug":"primeira-noite-do-projeto-canta-baixinho-para-ouvir-melhor-conquista-o-publico","status":"publish","type":"post","link":"https:\/\/blogopara.com.br\/index.php\/2023\/09\/18\/primeira-noite-do-projeto-canta-baixinho-para-ouvir-melhor-conquista-o-publico","title":{"rendered":"Primeira noite do projeto \u201cCanta Baixinho para Ouvir Melhor\u201d conquista o p\u00fablico"},"content":{"rendered":"<p class=\"x_MsoNormal\" style=\"text-align: justify;\">A noite de abertura do projeto \u201cCanta Baixinho para Ouvir Melhor\u201d conquistou o p\u00fablico que compareceu \u00e0 sala 1 do Centro de Cultura Jo\u00e3o Gilberto, em Juazeiro (BA), neste s\u00e1bado (16), para prestigiar o show \u201cEscudo e Flor\u201d, da cantora e compositora Joyce Guirra. O projeto, idealizado pelo coletivo cultural Indiv\u00edduo Coletivo, est\u00e1 em sua primeira temporada e visa possibilitar ao p\u00fablico a aprecia\u00e7\u00e3o de performances autorais de artistas da regi\u00e3o do Vale do S\u00e3o Francisco.<\/p>\n<p class=\"x_MsoNormal\" style=\"text-align: justify;\">Um dos membros do Indiv\u00edduo Coletivo, Moesio Belfort, avaliou a estreia do projeto. \u201cNosso objetivo \u00e9 apresentar ao p\u00fablico um show intimista, para que as pessoas possam vivenciar a experi\u00eancia de aprecia\u00e7\u00e3o musical sem as distra\u00e7\u00f5es dos bares e restaurante ou dos grandes shows, al\u00e9m de valorizar os artistas regionais e as suas produ\u00e7\u00f5es. Acho que conseguimos alcan\u00e7ar esse objetivo. Joyce fez um grande show, com um repert\u00f3rio autoral bem diverso e deixou o p\u00fablico concentrado do in\u00edcio ao fim\u201d, disse Moesio, lembrando que o projeto conta com apoio da Secretaria de Cultura do Estado da Bahia (Secult), atrav\u00e9s do edital \u201cOcupe seu Espa\u00e7o\u201d.<\/p>\n<p class=\"x_MsoNormal\" style=\"text-align: justify;\">Com uma plateia lotada, Joyce apresentou can\u00e7\u00f5es do seu primeiro EP, \u201cComo um P\u00f4r do Sol\u201d, lan\u00e7ado em 2021, e can\u00e7\u00f5es in\u00e9ditas, que estar\u00e3o em seu novo EP \u201cEscudo e Flor\u201d. \u201cA apresenta\u00e7\u00e3o superou as minhas expectativas. Acho que o p\u00fablico abra\u00e7ou, comprou a ideia do formato do show, da proposta de trazer um repert\u00f3rio autoral. Tanto que o pessoal compareceu e prestigiou. Eu me sinto imensamente lisonjeada por essa oportunidade de apresentar a esse p\u00fablico t\u00e3o atento, t\u00e3o generoso, as minhas can\u00e7\u00f5es, e de uma forma t\u00e3o pr\u00f3xima, de poder perceber a forma como as can\u00e7\u00f5es chegaram \u00e0s pessoas. Estou muito feliz com o que a gente conseguiu entregar e imensamente grata pelo convite, por abrir essa primeira temporada do \u2018Canta Baixinho para Ouvir Melhor\u2019\u201d.<\/p>\n<p class=\"x_MsoNormal\" style=\"text-align: justify;\">Na plateia, a professora Francilene Souza, apreciou atentamente todas as can\u00e7\u00f5es. \u201cO show de Joyce foi magn\u00edfico. Eu j\u00e1 tinha escutado algumas m\u00fasicas, por\u00e9m ouvi-la ao vivo foi gratificante. Acho que participar do projeto tamb\u00e9m foi uma oportunidade \u00edmpar de valoriza\u00e7\u00e3o da cultura, em um espa\u00e7o que valoriza a arte. Foi maravilhoso\u201d, frisou Francilene.<\/p>\n<p class=\"x_MsoNormal\" style=\"text-align: justify;\">A antrop\u00f3loga e historiadora, Odomaria Bandeira, tamb\u00e9m falou sobre a apresenta\u00e7\u00e3o. \u201cEu conhecia algumas m\u00fasicas de Joyce, dos festivais de m\u00fasica, mas o show foi outra realidade. O que achei mais interessante foi a vincula\u00e7\u00e3o do que ela escreve, produz e canta com o cotidiano dela. Estar em um espa\u00e7o menor, mais aconchegante, nos permite perceber as nuances que perpassam a produ\u00e7\u00e3o dessa cantora. Ent\u00e3o, \u00e9 muito bom saber que temos um projeto que est\u00e1 acolhendo e abrindo espa\u00e7o para autores e compositores, como Joyce Guirra\u201d, pontuou Odomaria.<\/p>\n<p class=\"x_MsoNormal\" style=\"text-align: justify;\">No show, Joyce foi acompanhada pelos m\u00fasicos Eug\u00eanio Cruz, no viol\u00e3o, e Silvino Junior, na percuss\u00e3o. A cenografia e Ilumina\u00e7\u00e3o foram assinados por Cristiane Crispim, Janete Rodrigues e Ant\u00f4nio Veronaldo.<\/p>\n<p class=\"x_MsoNormal\" style=\"text-align: justify;\"><b>Pr\u00f3xima atra\u00e7\u00e3o<\/b><\/p>\n<p class=\"x_MsoNormal\" style=\"text-align: justify;\">Nesta primeira temporada, o projeto contar\u00e1, ainda, com mais tr\u00eas shows, um por m\u00eas, at\u00e9 dezembro. A pr\u00f3xima atra\u00e7\u00e3o ser\u00e1 o cantor, compositor e instrumentista, Moesio Belfort, no dia 21 de outubro, no Centro de Cultura Jo\u00e3o Gilberto, \u00e0s 20h, com o show \u201cNa Medida do Improv\u00e1vel\u201d.<\/p>\n","protected":false},"excerpt":{"rendered":"<p>A noite de abertura do projeto \u201cCanta Baixinho para Ouvir Melhor\u201d conquistou o p\u00fablico que compareceu \u00e0 sala 1 do Centro de Cultura Jo\u00e3o Gilberto, em Juazeiro (BA), neste s\u00e1bado (16), para prestigiar o show \u201cEscudo e Flor\u201d, da cantora e compositora Joyce Guirra. O projeto, idealizado pelo coletivo cultural Indiv\u00edduo Coletivo, est\u00e1 em sua [&hellip;]<\/p>\n","protected":false},"author":1,"featured_media":57269,"comment_status":"closed","ping_status":"open","sticky":false,"template":"","format":"standard","meta":{"_uag_custom_page_level_css":"","_monsterinsights_skip_tracking":false,"_monsterinsights_sitenote_active":false,"_monsterinsights_sitenote_note":"","_monsterinsights_sitenote_category":0,"jetpack_post_was_ever_published":false,"_jetpack_newsletter_access":"","_jetpack_dont_email_post_to_subs":false,"_jetpack_newsletter_tier_id":0,"_jetpack_memberships_contains_paywalled_content":false,"_jetpack_memberships_contains_paid_content":false,"footnotes":"","jetpack_publicize_message":"","jetpack_publicize_feature_enabled":true,"jetpack_social_post_already_shared":true,"jetpack_social_options":{"image_generator_settings":{"template":"highway","default_image_id":0,"font":"","enabled":false},"version":2}},"categories":[1784],"tags":[11056],"class_list":["post-57267","post","type-post","status-publish","format-standard","has-post-thumbnail","hentry","category-cultura-2","tag-joice-guirra"],"jetpack_publicize_connections":[],"jetpack_featured_media_url":"https:\/\/blogopara.com.br\/wp-content\/uploads\/2023\/09\/Canta-Baixinho-02_Foto-Moesio-Belfort.jpeg","uagb_featured_image_src":{"full":["https:\/\/blogopara.com.br\/wp-content\/uploads\/2023\/09\/Canta-Baixinho-02_Foto-Moesio-Belfort.jpeg",500,666,false],"thumbnail":["https:\/\/blogopara.com.br\/wp-content\/uploads\/2023\/09\/Canta-Baixinho-02_Foto-Moesio-Belfort-150x150.jpeg",150,150,true],"medium":["https:\/\/blogopara.com.br\/wp-content\/uploads\/2023\/09\/Canta-Baixinho-02_Foto-Moesio-Belfort-225x300.jpeg",225,300,true],"medium_large":["https:\/\/blogopara.com.br\/wp-content\/uploads\/2023\/09\/Canta-Baixinho-02_Foto-Moesio-Belfort.jpeg",500,666,false],"large":["https:\/\/blogopara.com.br\/wp-content\/uploads\/2023\/09\/Canta-Baixinho-02_Foto-Moesio-Belfort.jpeg",500,666,false],"1536x1536":["https:\/\/blogopara.com.br\/wp-content\/uploads\/2023\/09\/Canta-Baixinho-02_Foto-Moesio-Belfort.jpeg",500,666,false],"2048x2048":["https:\/\/blogopara.com.br\/wp-content\/uploads\/2023\/09\/Canta-Baixinho-02_Foto-Moesio-Belfort.jpeg",500,666,false],"mantranews-slider-large":["https:\/\/blogopara.com.br\/wp-content\/uploads\/2023\/09\/Canta-Baixinho-02_Foto-Moesio-Belfort.jpeg",500,666,false],"mantranews-featured-medium":["https:\/\/blogopara.com.br\/wp-content\/uploads\/2023\/09\/Canta-Baixinho-02_Foto-Moesio-Belfort-420x307.jpeg",420,307,true],"mantranews-featured-long":["https:\/\/blogopara.com.br\/wp-content\/uploads\/2023\/09\/Canta-Baixinho-02_Foto-Moesio-Belfort-300x443.jpeg",300,443,true],"mantranews-block-medium":["https:\/\/blogopara.com.br\/wp-content\/uploads\/2023\/09\/Canta-Baixinho-02_Foto-Moesio-Belfort-464x290.jpeg",464,290,true],"mantranews-carousel-image":["https:\/\/blogopara.com.br\/wp-content\/uploads\/2023\/09\/Canta-Baixinho-02_Foto-Moesio-Belfort-500x500.jpeg",500,500,true],"mantranews-block-thumb":["https:\/\/blogopara.com.br\/wp-content\/uploads\/2023\/09\/Canta-Baixinho-02_Foto-Moesio-Belfort-322x230.jpeg",322,230,true],"mantranews-single-large":["https:\/\/blogopara.com.br\/wp-content\/uploads\/2023\/09\/Canta-Baixinho-02_Foto-Moesio-Belfort-500x642.jpeg",500,642,true]},"uagb_author_info":{"display_name":"Reda\u00e7\u00e3o geral","author_link":"https:\/\/blogopara.com.br\/index.php\/author\/blogopara"},"uagb_comment_info":0,"uagb_excerpt":"A noite de abertura do projeto \u201cCanta Baixinho para Ouvir Melhor\u201d conquistou o p\u00fablico que compareceu \u00e0 sala 1 do Centro de Cultura Jo\u00e3o Gilberto, em Juazeiro (BA), neste s\u00e1bado (16), para prestigiar o show \u201cEscudo e Flor\u201d, da cantora e compositora Joyce Guirra. O projeto, idealizado pelo coletivo cultural Indiv\u00edduo Coletivo, est\u00e1 em sua&hellip;","jetpack_sharing_enabled":true,"jetpack_likes_enabled":true,"_links":{"self":[{"href":"https:\/\/blogopara.com.br\/index.php\/wp-json\/wp\/v2\/posts\/57267","targetHints":{"allow":["GET"]}}],"collection":[{"href":"https:\/\/blogopara.com.br\/index.php\/wp-json\/wp\/v2\/posts"}],"about":[{"href":"https:\/\/blogopara.com.br\/index.php\/wp-json\/wp\/v2\/types\/post"}],"author":[{"embeddable":true,"href":"https:\/\/blogopara.com.br\/index.php\/wp-json\/wp\/v2\/users\/1"}],"replies":[{"embeddable":true,"href":"https:\/\/blogopara.com.br\/index.php\/wp-json\/wp\/v2\/comments?post=57267"}],"version-history":[{"count":1,"href":"https:\/\/blogopara.com.br\/index.php\/wp-json\/wp\/v2\/posts\/57267\/revisions"}],"predecessor-version":[{"id":57270,"href":"https:\/\/blogopara.com.br\/index.php\/wp-json\/wp\/v2\/posts\/57267\/revisions\/57270"}],"wp:featuredmedia":[{"embeddable":true,"href":"https:\/\/blogopara.com.br\/index.php\/wp-json\/wp\/v2\/media\/57269"}],"wp:attachment":[{"href":"https:\/\/blogopara.com.br\/index.php\/wp-json\/wp\/v2\/media?parent=57267"}],"wp:term":[{"taxonomy":"category","embeddable":true,"href":"https:\/\/blogopara.com.br\/index.php\/wp-json\/wp\/v2\/categories?post=57267"},{"taxonomy":"post_tag","embeddable":true,"href":"https:\/\/blogopara.com.br\/index.php\/wp-json\/wp\/v2\/tags?post=57267"}],"curies":[{"name":"wp","href":"https:\/\/api.w.org\/{rel}","templated":true}]}}