{"id":57271,"date":"2023-09-18T17:21:00","date_gmt":"2023-09-18T20:21:00","guid":{"rendered":"https:\/\/blogopara.com.br\/?p=57271"},"modified":"2023-09-18T14:23:17","modified_gmt":"2023-09-18T17:23:17","slug":"prefeitura-de-juazeiro-realiza-mais-uma-edicao-do-cha-das-5-nesta-sexta-22-na-praca-da-catedral","status":"publish","type":"post","link":"https:\/\/blogopara.com.br\/index.php\/2023\/09\/18\/prefeitura-de-juazeiro-realiza-mais-uma-edicao-do-cha-das-5-nesta-sexta-22-na-praca-da-catedral","title":{"rendered":"Prefeitura de Juazeiro realiza mais uma edi\u00e7\u00e3o do \u2018Ch\u00e1 das 5\u2019 nesta sexta (22) na Pra\u00e7a da Catedral"},"content":{"rendered":"<p class=\"x_MsoNormal\" style=\"text-align: justify;\">A Prefeitura de Juazeiro, atrav\u00e9s da Secretaria de Cultura, Turismo e Esporte (Seculte), vai realizar na pr\u00f3xima sexta-feira (22) mais uma edi\u00e7\u00e3o do \u2018Ch\u00e1 das 5\u2019. O evento marcou \u00e9poca na d\u00e9cada de 80 e a retomada \u00e9 uma proposta da gest\u00e3o Suzana Ramos.<\/p>\n<p class=\"x_MsoNormal\" style=\"text-align: justify;\">O \u2018Ch\u00e1 das 5\u2019 ser\u00e1 na Pra\u00e7a Imaculada Concei\u00e7\u00e3o (Pra\u00e7a da Catedral), a partir das 17h. \u201cA gente fica muito feliz em poder retomar o t\u00e3o famoso Ch\u00e1 das 5, onde diversos artistas das mais diferentes linguagens podem se apresentar. Esta retomada do evento tamb\u00e9m oportuniza que novos artistas, bem como os mais experientes, possam mostrar sua arte\u201d, destacou a prefeita Suzana Ramos.<\/p>\n<p class=\"x_MsoNormal\" style=\"text-align: justify;\"><b>Edi\u00e7\u00e3o especial<\/b><\/p>\n<p class=\"x_MsoNormal\" style=\"text-align: justify;\">Durante as comemora\u00e7\u00f5es do anivers\u00e1rio de Juazeiro, o \u2018Ch\u00e1 das 5\u2019 homenageou os poetas Jurandy, Manuca Almeida, o locutor Z\u00e9 Alberto Show e o ativista cultural Naldinho.<\/p>\n<p class=\"x_MsoNormal\" style=\"text-align: justify;\">O coordenador de projetos de Cultura e Turismo da Prefeitura Municipal de Juazeiro, Edvaldo Franciolli, ressalta que o \u2018Ch\u00e1 das 5\u2019 faz parte da hist\u00f3ria cultural de Juazeiro. \u201cDesde a sua cria\u00e7\u00e3o na d\u00e9cada de 80 o Ch\u00e1 das 5 trouxe artistas como Naldinho, Manuca Almeida, o poeta Jurandir, Alberto Show e muitos outros artistas que, direta e indiretamente, deram sua contribui\u00e7\u00e3o para que este projeto acontecesse&#8221;.<\/p>\n<p class=\"x_MsoNormal\" style=\"text-align: justify;\">Nesta sexta-feira dever\u00e3o se apresentar artistas como Valtinho, Mirella Campos (ex-The Voice Kids), al\u00e9m de performances de transformistas, apresenta\u00e7\u00e3o de poesia e outros m\u00fasicos.<\/p>\n","protected":false},"excerpt":{"rendered":"<p>A Prefeitura de Juazeiro, atrav\u00e9s da Secretaria de Cultura, Turismo e Esporte (Seculte), vai realizar na pr\u00f3xima sexta-feira (22) mais uma edi\u00e7\u00e3o do \u2018Ch\u00e1 das 5\u2019. O evento marcou \u00e9poca na d\u00e9cada de 80 e a retomada \u00e9 uma proposta da gest\u00e3o Suzana Ramos. O \u2018Ch\u00e1 das 5\u2019 ser\u00e1 na Pra\u00e7a Imaculada Concei\u00e7\u00e3o (Pra\u00e7a da [&hellip;]<\/p>\n","protected":false},"author":1,"featured_media":57272,"comment_status":"closed","ping_status":"open","sticky":false,"template":"","format":"standard","meta":{"_uag_custom_page_level_css":"","_monsterinsights_skip_tracking":false,"_monsterinsights_sitenote_active":false,"_monsterinsights_sitenote_note":"","_monsterinsights_sitenote_category":0,"jetpack_post_was_ever_published":false,"_jetpack_newsletter_access":"","_jetpack_dont_email_post_to_subs":false,"_jetpack_newsletter_tier_id":0,"_jetpack_memberships_contains_paywalled_content":false,"_jetpack_memberships_contains_paid_content":false,"footnotes":"","jetpack_publicize_message":"","jetpack_publicize_feature_enabled":true,"jetpack_social_post_already_shared":true,"jetpack_social_options":{"image_generator_settings":{"template":"highway","default_image_id":0,"font":"","enabled":false},"version":2}},"categories":[203],"tags":[],"class_list":["post-57271","post","type-post","status-publish","format-standard","has-post-thumbnail","hentry","category-juazeiro"],"jetpack_publicize_connections":[],"jetpack_featured_media_url":"https:\/\/blogopara.com.br\/wp-content\/uploads\/2023\/09\/thumbnail_cha-das-5.jpg","uagb_featured_image_src":{"full":["https:\/\/blogopara.com.br\/wp-content\/uploads\/2023\/09\/thumbnail_cha-das-5.jpg",500,333,false],"thumbnail":["https:\/\/blogopara.com.br\/wp-content\/uploads\/2023\/09\/thumbnail_cha-das-5-150x150.jpg",150,150,true],"medium":["https:\/\/blogopara.com.br\/wp-content\/uploads\/2023\/09\/thumbnail_cha-das-5-300x200.jpg",300,200,true],"medium_large":["https:\/\/blogopara.com.br\/wp-content\/uploads\/2023\/09\/thumbnail_cha-das-5.jpg",500,333,false],"large":["https:\/\/blogopara.com.br\/wp-content\/uploads\/2023\/09\/thumbnail_cha-das-5.jpg",500,333,false],"1536x1536":["https:\/\/blogopara.com.br\/wp-content\/uploads\/2023\/09\/thumbnail_cha-das-5.jpg",500,333,false],"2048x2048":["https:\/\/blogopara.com.br\/wp-content\/uploads\/2023\/09\/thumbnail_cha-das-5.jpg",500,333,false],"mantranews-slider-large":["https:\/\/blogopara.com.br\/wp-content\/uploads\/2023\/09\/thumbnail_cha-das-5.jpg",500,333,false],"mantranews-featured-medium":["https:\/\/blogopara.com.br\/wp-content\/uploads\/2023\/09\/thumbnail_cha-das-5-420x307.jpg",420,307,true],"mantranews-featured-long":["https:\/\/blogopara.com.br\/wp-content\/uploads\/2023\/09\/thumbnail_cha-das-5-300x333.jpg",300,333,true],"mantranews-block-medium":["https:\/\/blogopara.com.br\/wp-content\/uploads\/2023\/09\/thumbnail_cha-das-5-464x290.jpg",464,290,true],"mantranews-carousel-image":["https:\/\/blogopara.com.br\/wp-content\/uploads\/2023\/09\/thumbnail_cha-das-5.jpg",500,333,false],"mantranews-block-thumb":["https:\/\/blogopara.com.br\/wp-content\/uploads\/2023\/09\/thumbnail_cha-das-5-322x230.jpg",322,230,true],"mantranews-single-large":["https:\/\/blogopara.com.br\/wp-content\/uploads\/2023\/09\/thumbnail_cha-das-5.jpg",500,333,false]},"uagb_author_info":{"display_name":"Reda\u00e7\u00e3o geral","author_link":"https:\/\/blogopara.com.br\/index.php\/author\/blogopara"},"uagb_comment_info":0,"uagb_excerpt":"A Prefeitura de Juazeiro, atrav\u00e9s da Secretaria de Cultura, Turismo e Esporte (Seculte), vai realizar na pr\u00f3xima sexta-feira (22) mais uma edi\u00e7\u00e3o do \u2018Ch\u00e1 das 5\u2019. O evento marcou \u00e9poca na d\u00e9cada de 80 e a retomada \u00e9 uma proposta da gest\u00e3o Suzana Ramos. O \u2018Ch\u00e1 das 5\u2019 ser\u00e1 na Pra\u00e7a Imaculada Concei\u00e7\u00e3o (Pra\u00e7a da&hellip;","jetpack_sharing_enabled":true,"jetpack_likes_enabled":true,"_links":{"self":[{"href":"https:\/\/blogopara.com.br\/index.php\/wp-json\/wp\/v2\/posts\/57271","targetHints":{"allow":["GET"]}}],"collection":[{"href":"https:\/\/blogopara.com.br\/index.php\/wp-json\/wp\/v2\/posts"}],"about":[{"href":"https:\/\/blogopara.com.br\/index.php\/wp-json\/wp\/v2\/types\/post"}],"author":[{"embeddable":true,"href":"https:\/\/blogopara.com.br\/index.php\/wp-json\/wp\/v2\/users\/1"}],"replies":[{"embeddable":true,"href":"https:\/\/blogopara.com.br\/index.php\/wp-json\/wp\/v2\/comments?post=57271"}],"version-history":[{"count":1,"href":"https:\/\/blogopara.com.br\/index.php\/wp-json\/wp\/v2\/posts\/57271\/revisions"}],"predecessor-version":[{"id":57273,"href":"https:\/\/blogopara.com.br\/index.php\/wp-json\/wp\/v2\/posts\/57271\/revisions\/57273"}],"wp:featuredmedia":[{"embeddable":true,"href":"https:\/\/blogopara.com.br\/index.php\/wp-json\/wp\/v2\/media\/57272"}],"wp:attachment":[{"href":"https:\/\/blogopara.com.br\/index.php\/wp-json\/wp\/v2\/media?parent=57271"}],"wp:term":[{"taxonomy":"category","embeddable":true,"href":"https:\/\/blogopara.com.br\/index.php\/wp-json\/wp\/v2\/categories?post=57271"},{"taxonomy":"post_tag","embeddable":true,"href":"https:\/\/blogopara.com.br\/index.php\/wp-json\/wp\/v2\/tags?post=57271"}],"curies":[{"name":"wp","href":"https:\/\/api.w.org\/{rel}","templated":true}]}}