{"id":57280,"date":"2023-09-19T09:29:00","date_gmt":"2023-09-19T12:29:00","guid":{"rendered":"https:\/\/blogopara.com.br\/?p=57280"},"modified":"2023-09-18T14:42:57","modified_gmt":"2023-09-18T17:42:57","slug":"blindados-da-pf-sao-enviadas-a-bahia-para-reforcar-combate-ao-crime-organizado","status":"publish","type":"post","link":"https:\/\/blogopara.com.br\/index.php\/2023\/09\/19\/blindados-da-pf-sao-enviadas-a-bahia-para-reforcar-combate-ao-crime-organizado","title":{"rendered":"Blindados da PF s\u00e3o enviadas \u00e0 Bahia para refor\u00e7ar combate ao crime organizado"},"content":{"rendered":"<p style=\"text-align: justify;\">Tr\u00eas viaturas blindadas da Pol\u00edcia Federal foram enviadas \u00e0 Bahia nesta segunda-feira (18), para refor\u00e7ar o combate ao crime organizado. Os ve\u00edculos foram embarcados em um navio da Marinha, no porto do Rio de Janeiro, e devem chegar entre quarta (20) e quinta-feira (21) \u00e0 capital baiana.<\/p>\n<div id=\"chunk-3e90f\" style=\"text-align: justify;\">\n<div class=\"mc-column content-text active-extra-styles \" data-block-type=\"unstyled\" data-block-weight=\"41\" data-block-id=\"7\">\n<p class=\"content-text__container \" data-track-category=\"Link no Texto\" data-track-links=\"\">De acordo com a Pol\u00edcia Federal, os blindados ser\u00e3o utilizados por equipes do Comando de Opera\u00e7\u00f5es T\u00e1ticas (COT) e do Grupo de Pronta Interven\u00e7\u00e3o (GPI). O envio dos ve\u00edculos, que s\u00e3o utilizados por outras superintend\u00eancias regionais, estava na programa\u00e7\u00e3o da institui\u00e7\u00e3o.<\/p>\n<\/div>\n<\/div>\n<div id=\"chunk-2udvp\">\n<div class=\"mc-column content-text active-extra-styles \" data-block-type=\"unstyled\" data-block-weight=\"39\" data-block-id=\"8\">\n<p class=\"content-text__container \" style=\"text-align: justify;\" data-track-category=\"Link no Texto\" data-track-links=\"\">&#8220;As viaturas estavam definidas para refor\u00e7ar o nosso trabalho. N\u00e3o se trata de uma medida nova. Outros estados t\u00eam os seus blindados e, agora, a Bahia est\u00e1 sendo contemplada&#8221;, explicou o Superintendente Regional da PF na Bahia, Fl\u00e1vio Albergaria.<\/p>\n<div id=\"chunk-1fogp\" style=\"text-align: justify;\">\n<div class=\"mc-column content-text active-extra-styles \" data-block-type=\"unstyled\" data-block-weight=\"24\" data-block-id=\"10\">\n<p class=\"content-text__container \" data-track-category=\"Link no Texto\" data-track-links=\"\">Com o refor\u00e7o, a PF baiana passar\u00e1 a atuar com cinco ve\u00edculos blindados nas opera\u00e7\u00f5es da for\u00e7a-tarefa de seguran\u00e7a no combate ao crime organizado.<\/p>\n<div id=\"chunk-8h1c4\">\n<div class=\"mc-column content-text active-extra-styles \" data-block-type=\"unstyled\" data-block-weight=\"19\" data-block-id=\"12\">\n<p class=\"content-text__container \" data-track-category=\"Link no Texto\" data-track-links=\"\">A for\u00e7a de seguran\u00e7a que re\u00fane PF e pol\u00edcias Civil e Militar est\u00e1 atuando com 400 homens.<\/p>\n<div id=\"chunk-9r9eb\">\n<div class=\"mc-column content-text active-extra-styles\" data-block-type=\"raw\" data-block-weight=\"3\" data-block-id=\"14\">\n<div class=\"content-intertitle\">\n<h2>Onda de viol\u00eancia<\/h2>\n<\/div>\n<\/div>\n<\/div>\n<div id=\"chunk-brig5\">\n<div class=\"mc-column content-text active-extra-styles \" data-block-type=\"unstyled\" data-block-weight=\"15\" data-block-id=\"15\">\n<p class=\"content-text__container \" data-track-category=\"Link no Texto\" data-track-links=\"\">A Bahia vive uma onda de viol\u00eancia entre julho e setembro.\u00a0<span class=\"highlight highlighted\">Veja o hist\u00f3rico abaixo:<\/span><\/p>\n<\/div>\n<\/div>\n<div id=\"chunk-cvnkh\">\n<div class=\"mc-column content-text active-extra-styles \" data-block-type=\"unstyled\" data-block-weight=\"7\" data-block-id=\"16\">\n<p class=\"content-text__container \" data-track-category=\"Link no Texto\" data-track-links=\"\"><strong>30 mortes em confrontos em uma semana<\/strong><\/p>\n<\/div>\n<\/div>\n<div id=\"chunk-6j2j3\">\n<div class=\"mc-column content-text active-extra-styles\" data-block-type=\"raw\" data-block-weight=\"52\" data-block-id=\"17\">\n<ul class=\"content-unordered-list\">\n<li>\ud83d\udc49 Em uma semana, entre 28 de julho e 4 de agosto, 30 mortes em diferentes confrontos com policiais militares foram registrados na Bahia;<\/li>\n<li>\ud83d\udc49 Por causa das mortes,\u00a0o ministro dos Direitos Humanos e Cidadania (MDHC), Silvio Almeida, disse que acionou a Ouvidoria Nacional dos Direitos Humanos para acompanhar os casos.<\/li>\n<\/ul>\n<\/div>\n<\/div>\n<div id=\"chunk-8m78j\">\n<div class=\"mc-column content-text active-extra-styles \" data-block-type=\"unstyled\" data-block-weight=\"5\" data-block-id=\"18\">\n<p class=\"content-text__container \" data-track-category=\"Link no Texto\" data-track-links=\"\"><strong>Tiroteios em bairros de Salvador<\/strong><\/p>\n<\/div>\n<\/div>\n<div id=\"chunk-8ij27\">\n<div class=\"content-ads content-ads--reveal\" data-block-type=\"ads\" data-block-id=\"19\"><\/div>\n<\/div>\n<div id=\"chunk-5pt8f\">\n<div class=\"mc-column content-text active-extra-styles\" data-block-type=\"raw\" data-block-weight=\"87\" data-block-id=\"20\">\n<ul class=\"content-unordered-list\">\n<li>\ud83d\udc49 Em Salvador, diversas trocas de tiros e\u00a0a\u00e7\u00f5es com 17 ref\u00e9ns liberados\u00a0fizeram moradores do bairro do Alto das Pombas\u00a0deixarem suas casas em agosto;<\/li>\n<li>\ud83d\udc49 No dia 3 de setembro, 11 pessoas foram mortas em confronto com a Pol\u00edcia Militar e oito foram presas no Alto das Pombas e Calabar, bairro vizinho. Mais de 15 armas foram apreendidas;<\/li>\n<li>\ud83d\udc49 A madrugada do dia 6 de setembro foi marcada por tiroteios em outros dois bairros da capital baiana: Engenho Velho de Brotas e Nordeste de Amaralina.<\/li>\n<\/ul>\n<p><strong style=\"font-size: revert; color: initial;\">Opera\u00e7\u00e3o com PF e quatro homens mortos<\/strong><\/p>\n<\/div>\n<\/div>\n<div id=\"chunk-69rvh\">\n<div class=\"mc-column content-text active-extra-styles\" data-block-type=\"raw\" data-block-weight=\"103\" data-block-id=\"22\">\n<ul class=\"content-unordered-list\">\n<li>\ud83d\udc49 Na sexta-feira (15),\u00a0policiais federais, civis e militares fizeram uma opera\u00e7\u00e3o\u00a0para cumprir mandados de pris\u00e3o contra um grupo criminoso. No local, os agentes foram surpreendidos por integrantes de uma fac\u00e7\u00e3o que estava prestes a entrar em confronto com um grupo criminoso que atua na regi\u00e3o;<\/li>\n<li>\ud83d\udc49 A opera\u00e7\u00e3o terminou com um\u00a0policial federal e quatro suspeitos mortos. Outros dois agentes (um civil e outro federal) ficaram feridos;<\/li>\n<li>\ud83d\udc49 Desde ent\u00e3o, outros seis suspeitos de participarem do confronto morreram em diversos bairros de Salvador. Ao todo, foram\u00a0nove suspeitos e um policial federal mortos, confirmados pela Secretaria de Seguran\u00e7a P\u00fablica da Bahia.<\/li>\n<\/ul>\n<\/div>\n<\/div>\n<div id=\"chunk-1gmj5\">\n<div class=\"mc-column content-text active-extra-styles\" data-block-type=\"raw\" data-block-weight=\"6\" data-block-id=\"23\">\n<div class=\"content-intertitle\">\n<h2>A\u00e7\u00f5es de combate ao crime organizado<\/h2>\n<\/div>\n<\/div>\n<\/div>\n<div id=\"chunk-a1v3e\">\n<div class=\"mc-column content-text active-extra-styles \" data-block-type=\"unstyled\" data-block-weight=\"49\" data-block-id=\"25\">\n<p class=\"content-text__container \" data-track-category=\"Link no Texto\" data-track-links=\"\">A Secretaria de Seguran\u00e7a P\u00fablica da Bahia (SSP-BA) e a Pol\u00edcia Federal se reuniram no s\u00e1bado (16), para discutirem a\u00e7\u00f5es de combate ao crime organizado e amplia\u00e7\u00e3o de esfor\u00e7os para que sejam encontrados todos os suspeitos de envolvimento no confronto que resultou na morte do policial federal Lucas Carib\u00e9.<\/p>\n<\/div>\n<\/div>\n<div id=\"chunk-61u0s\">\n<div class=\"mc-column content-text active-extra-styles \" data-block-type=\"unstyled\" data-block-weight=\"76\" data-block-id=\"27\">\n<p class=\"content-text__container \" data-track-category=\"Link no Texto\" data-track-links=\"\">Na reuni\u00e3o, que aconteceu no Centro de Opera\u00e7\u00f5es e Intelig\u00eancia (COI) da SSP, situado no Centro Administrativo da Bahia (CAB), estiverem presentes o secret\u00e1rio da Seguran\u00e7a P\u00fablica da Bahia, Marcelo Werner, o diretor Executivo da PF, Gustavo Paulo Leite de Souza, o diretor de Intelig\u00eancia da PF, Rodrigo Morais Fernandes, o superintendente Regional da PF na Bahia, Fl\u00e1vio Albergaria, e integrantes das Pol\u00edcias Militar e Civil. Eles discutiram novas a\u00e7\u00f5es de intelig\u00eancia e de repress\u00e3o qualificada.<\/p>\n<\/div>\n<\/div>\n<div id=\"chunk-1mu62\">\n<div class=\"mc-column content-text active-extra-styles \" data-block-type=\"unstyled\" data-block-weight=\"32\" data-block-id=\"28\">\n<p class=\"content-text__container \" data-track-category=\"Link no Texto\" data-track-links=\"\">De acordo com Werner, todos os recursos estaduais e federais est\u00e3o dispon\u00edveis. Ele destacou que o trabalho integrado entre a SSP-BA e a Pol\u00edcia Federal est\u00e1 focado no combate \u00e0s fac\u00e7\u00f5es criminosas.<\/p>\n<\/div>\n<\/div>\n<div id=\"chunk-74pu5\">\n<div class=\"mc-column content-text active-extra-styles \" data-block-type=\"unstyled\" data-block-weight=\"29\" data-block-id=\"29\">\n<p class=\"content-text__container \" data-track-category=\"Link no Texto\" data-track-links=\"\">Desde agosto, a Pol\u00edcia Federal participa de opera\u00e7\u00f5es na Bahia como parte de um acordo de coopera\u00e7\u00e3o entre o governo estadual e federal para reprimir a criminalidade no estado.<\/p>\n<\/div>\n<\/div>\n<div id=\"chunk-3k8ug\">\n<div class=\"mc-column content-text active-extra-styles \" data-block-type=\"unstyled\" data-block-weight=\"26\" data-block-id=\"31\">\n<p class=\"content-text__container \" data-track-category=\"Link no Texto\" data-track-links=\"\">O grupo criminoso se escondeu em uma regi\u00e3o de mata fechada, do bairro perif\u00e9rico da capital baiana, de acordo com a secretaria da seguran\u00e7a da Bahia.<\/p>\n<\/div>\n<\/div>\n<\/div>\n<\/div>\n<div id=\"chunk-bkv5d\">\n<div class=\"row medium-uncollapsed content-media content-photo\" data-block-type=\"backstage-photo\" data-block-id=\"13\">\n<div class=\" mc-column  content-media__container\">\n<div class=\"content-media-container glb-skeleton-box\"><\/div>\n<\/div>\n<\/div>\n<\/div>\n<\/div>\n<\/div>\n<div id=\"chunk-davv7\">\n<div class=\"content-ads content-ads--reveal\" data-block-type=\"ads\" data-block-id=\"11\">\n<div id=\"banner_materia__167b1574-fff1-4a6a-9860-935215d5b9f7\" class=\"tag-manager-publicidade-container mc-has-reveal mc-has-ad-lazyload tag-manager-publicidade-banner_materia__167b1574-fff1-4a6a-9860-935215d5b9f7 tag-manager-publicidade-container--carregado tag-manager-publicidade-container--visivel\" style=\"text-align: justify;\" data-id=\"banner_materia__167b1574-fff1-4a6a-9860-935215d5b9f7\" data-google-query-id=\"CJno4_rXtIEDFfRK3QIdU3IGNw\">\u00a0Fonte: G1<\/div>\n<\/div>\n<\/div>\n<\/div>\n<\/div>\n","protected":false},"excerpt":{"rendered":"<p>Tr\u00eas viaturas blindadas da Pol\u00edcia Federal foram enviadas \u00e0 Bahia nesta segunda-feira (18), para refor\u00e7ar o combate ao crime organizado. Os ve\u00edculos foram embarcados em um navio da Marinha, no porto do Rio de Janeiro, e devem chegar entre quarta (20) e quinta-feira (21) \u00e0 capital baiana. De acordo com a Pol\u00edcia Federal, os blindados [&hellip;]<\/p>\n","protected":false},"author":1,"featured_media":57281,"comment_status":"closed","ping_status":"open","sticky":false,"template":"","format":"standard","meta":{"_uag_custom_page_level_css":"","_monsterinsights_skip_tracking":false,"_monsterinsights_sitenote_active":false,"_monsterinsights_sitenote_note":"","_monsterinsights_sitenote_category":0,"jetpack_post_was_ever_published":false,"_jetpack_newsletter_access":"","_jetpack_dont_email_post_to_subs":false,"_jetpack_newsletter_tier_id":0,"_jetpack_memberships_contains_paywalled_content":false,"_jetpack_memberships_contains_paid_content":false,"footnotes":"","jetpack_publicize_message":"","jetpack_publicize_feature_enabled":true,"jetpack_social_post_already_shared":true,"jetpack_social_options":{"image_generator_settings":{"template":"highway","default_image_id":0,"font":"","enabled":false},"version":2}},"categories":[199,10104],"tags":[8075],"class_list":["post-57280","post","type-post","status-publish","format-standard","has-post-thumbnail","hentry","category-bahia","category-violencia","tag-jeronimo-rodrigues"],"jetpack_publicize_connections":[],"jetpack_featured_media_url":"https:\/\/blogopara.com.br\/wp-content\/uploads\/2023\/09\/11955315_x240.jpg","uagb_featured_image_src":{"full":["https:\/\/blogopara.com.br\/wp-content\/uploads\/2023\/09\/11955315_x240.jpg",427,240,false],"thumbnail":["https:\/\/blogopara.com.br\/wp-content\/uploads\/2023\/09\/11955315_x240-150x150.jpg",150,150,true],"medium":["https:\/\/blogopara.com.br\/wp-content\/uploads\/2023\/09\/11955315_x240-300x169.jpg",300,169,true],"medium_large":["https:\/\/blogopara.com.br\/wp-content\/uploads\/2023\/09\/11955315_x240.jpg",427,240,false],"large":["https:\/\/blogopara.com.br\/wp-content\/uploads\/2023\/09\/11955315_x240.jpg",427,240,false],"1536x1536":["https:\/\/blogopara.com.br\/wp-content\/uploads\/2023\/09\/11955315_x240.jpg",427,240,false],"2048x2048":["https:\/\/blogopara.com.br\/wp-content\/uploads\/2023\/09\/11955315_x240.jpg",427,240,false],"mantranews-slider-large":["https:\/\/blogopara.com.br\/wp-content\/uploads\/2023\/09\/11955315_x240.jpg",427,240,false],"mantranews-featured-medium":["https:\/\/blogopara.com.br\/wp-content\/uploads\/2023\/09\/11955315_x240-420x240.jpg",420,240,true],"mantranews-featured-long":["https:\/\/blogopara.com.br\/wp-content\/uploads\/2023\/09\/11955315_x240-300x240.jpg",300,240,true],"mantranews-block-medium":["https:\/\/blogopara.com.br\/wp-content\/uploads\/2023\/09\/11955315_x240.jpg",427,240,false],"mantranews-carousel-image":["https:\/\/blogopara.com.br\/wp-content\/uploads\/2023\/09\/11955315_x240.jpg",427,240,false],"mantranews-block-thumb":["https:\/\/blogopara.com.br\/wp-content\/uploads\/2023\/09\/11955315_x240-322x230.jpg",322,230,true],"mantranews-single-large":["https:\/\/blogopara.com.br\/wp-content\/uploads\/2023\/09\/11955315_x240.jpg",427,240,false]},"uagb_author_info":{"display_name":"Reda\u00e7\u00e3o geral","author_link":"https:\/\/blogopara.com.br\/index.php\/author\/blogopara"},"uagb_comment_info":0,"uagb_excerpt":"Tr\u00eas viaturas blindadas da Pol\u00edcia Federal foram enviadas \u00e0 Bahia nesta segunda-feira (18), para refor\u00e7ar o combate ao crime organizado. Os ve\u00edculos foram embarcados em um navio da Marinha, no porto do Rio de Janeiro, e devem chegar entre quarta (20) e quinta-feira (21) \u00e0 capital baiana. De acordo com a Pol\u00edcia Federal, os blindados&hellip;","jetpack_sharing_enabled":true,"jetpack_likes_enabled":true,"_links":{"self":[{"href":"https:\/\/blogopara.com.br\/index.php\/wp-json\/wp\/v2\/posts\/57280","targetHints":{"allow":["GET"]}}],"collection":[{"href":"https:\/\/blogopara.com.br\/index.php\/wp-json\/wp\/v2\/posts"}],"about":[{"href":"https:\/\/blogopara.com.br\/index.php\/wp-json\/wp\/v2\/types\/post"}],"author":[{"embeddable":true,"href":"https:\/\/blogopara.com.br\/index.php\/wp-json\/wp\/v2\/users\/1"}],"replies":[{"embeddable":true,"href":"https:\/\/blogopara.com.br\/index.php\/wp-json\/wp\/v2\/comments?post=57280"}],"version-history":[{"count":1,"href":"https:\/\/blogopara.com.br\/index.php\/wp-json\/wp\/v2\/posts\/57280\/revisions"}],"predecessor-version":[{"id":57282,"href":"https:\/\/blogopara.com.br\/index.php\/wp-json\/wp\/v2\/posts\/57280\/revisions\/57282"}],"wp:featuredmedia":[{"embeddable":true,"href":"https:\/\/blogopara.com.br\/index.php\/wp-json\/wp\/v2\/media\/57281"}],"wp:attachment":[{"href":"https:\/\/blogopara.com.br\/index.php\/wp-json\/wp\/v2\/media?parent=57280"}],"wp:term":[{"taxonomy":"category","embeddable":true,"href":"https:\/\/blogopara.com.br\/index.php\/wp-json\/wp\/v2\/categories?post=57280"},{"taxonomy":"post_tag","embeddable":true,"href":"https:\/\/blogopara.com.br\/index.php\/wp-json\/wp\/v2\/tags?post=57280"}],"curies":[{"name":"wp","href":"https:\/\/api.w.org\/{rel}","templated":true}]}}