{"id":57333,"date":"2023-09-21T07:23:00","date_gmt":"2023-09-21T10:23:00","guid":{"rendered":"https:\/\/blogopara.com.br\/?p=57333"},"modified":"2023-09-19T21:26:27","modified_gmt":"2023-09-20T00:26:27","slug":"saude-bucal-prefeitura-de-juazeiro-leva-servicos-a-escola-da-rede-municipal-de-ensino","status":"publish","type":"post","link":"https:\/\/blogopara.com.br\/index.php\/2023\/09\/21\/saude-bucal-prefeitura-de-juazeiro-leva-servicos-a-escola-da-rede-municipal-de-ensino","title":{"rendered":"Sa\u00fade Bucal: Prefeitura de Juazeiro leva servi\u00e7os \u00e0 escola da rede municipal de ensino"},"content":{"rendered":"<div style=\"text-align: justify;\">A Prefeitura de Juazeiro, atrav\u00e9s da Secretaria de Sa\u00fade (Sesau), realizou na manh\u00e3 desta ter\u00e7a-feira (19), mais uma edi\u00e7\u00e3o do programa Um Sorriso do Tamanho do Brasil. A a\u00e7\u00e3o aconteceu na Escola Municipal Edualdina Dam\u00e1sio, localizada na comunidade de Campo dos Cavalos, no distrito de Junco, interior de Juazeiro, proporcionando \u00e0s crian\u00e7as da escola uma manh\u00e3 de brincadeiras e muito aprendizado.<br aria-hidden=\"true\" \/><br aria-hidden=\"true\" \/>O programa fruto de uma parceria da Associa\u00e7\u00e3o Brasileira de Odontologia (ABO) e a empresa Colgate leva educa\u00e7\u00e3o sobre a sa\u00fade bucal e inclus\u00e3o social para escolas, centros comunit\u00e1rios, unidades de sa\u00fade e hospitais, e nesta edi\u00e7\u00e3o contou com a participa\u00e7\u00e3o dos alunos do curso de odontologia da UniFTC.<br aria-hidden=\"true\" \/><br aria-hidden=\"true\" \/>Entre os servi\u00e7os oferecidos para as 250 crian\u00e7as da comunidade, houveram palestras, brincadeiras, atendimento odontol\u00f3gico na Unidade Movel, aplica\u00e7\u00e3o de fl\u00faor, escova\u00e7\u00e3o supervisionada, orienta\u00e7\u00e3o de higiene bucal, distribui\u00e7\u00e3o de kits odontol\u00f3gicos.<br aria-hidden=\"true\" \/><br aria-hidden=\"true\" \/>O secret\u00e1rio de sa\u00fade Allan Jones ressalta os investimentos da gest\u00e3o Suzana Ramos na melhoria dos atendimentos odontol\u00f3gicos no munic\u00edpio com a reativa\u00e7\u00e3o de quase 30 consult\u00f3rios odontol\u00f3gicos, constru\u00e7\u00e3o do CEO Centro, aumento de profissionais na rede municipal e atendimento itinerante com a Unidade M\u00f3vel Odontol\u00f3gica que vai at\u00e9 as comunidades.<br aria-hidden=\"true\" \/><br aria-hidden=\"true\" \/>\u201cDesde o in\u00edcio da gest\u00e3o, a prefeita Suzana Ramos j\u00e1 reativou consult\u00f3rios odontol\u00f3gicos das unidades b\u00e1sicas de sa\u00fade que estavam sem equipamento e muitos sem funcionar. Os investimentos e parcerias tem tornado poss\u00edvel oferecer uma sa\u00fade mais humana e com dignidade para a popula\u00e7\u00e3o. Parcerias como estas s\u00e3o fundamentais na humaniza\u00e7\u00e3o e acolhimento dos usu\u00e1rios que procuram a aten\u00e7\u00e3o prim\u00e1ria, que \u00e9 a porta de entrada do SUS\u201d, enfatizou o secret\u00e1rio de sa\u00fade Allan Jones.<br aria-hidden=\"true\" \/><br aria-hidden=\"true\" \/><b>\u00a0Parceria<\/b><br aria-hidden=\"true\" \/><br aria-hidden=\"true\" \/>Este ano, entre julho e agosto, o munic\u00edpio recebeu 20 mil kits, que j\u00e1 est\u00e3o sendo distribu\u00eddos atrav\u00e9s de atividades coletivas na sede e interior, e j\u00e1 atendeu cerca de duas mil crian\u00e7as.<br aria-hidden=\"true\" \/><br aria-hidden=\"true\" \/><b>Um Sorriso do Tamanho do Brasil<\/b><\/div>\n<div style=\"text-align: justify;\">\u00a0<br aria-hidden=\"true\" \/>\u00c9 um programa desenvolvido pela ABO com os munic\u00edpios brasileiros e tem como objetivo levar \u00e0 popula\u00e7\u00e3o todo conhecimento sobre sa\u00fade bucal e inclus\u00e3o social com a\u00e7\u00f5es desenvolvidas em todo o pa\u00eds. As a\u00e7\u00f5es tamb\u00e9m acontecem em escolas, hospitais infantis, comunidades e institui\u00e7\u00f5es que aderirem ao programa e em parceria com a empresa Colgate, o programa fornece kits de higiene bucal para crian\u00e7as.<\/div>\n","protected":false},"excerpt":{"rendered":"<p>A Prefeitura de Juazeiro, atrav\u00e9s da Secretaria de Sa\u00fade (Sesau), realizou na manh\u00e3 desta ter\u00e7a-feira (19), mais uma edi\u00e7\u00e3o do programa Um Sorriso do Tamanho do Brasil. A a\u00e7\u00e3o aconteceu na Escola Municipal Edualdina Dam\u00e1sio, localizada na comunidade de Campo dos Cavalos, no distrito de Junco, interior de Juazeiro, proporcionando \u00e0s crian\u00e7as da escola uma [&hellip;]<\/p>\n","protected":false},"author":1,"featured_media":57335,"comment_status":"closed","ping_status":"open","sticky":false,"template":"","format":"standard","meta":{"_uag_custom_page_level_css":"","_monsterinsights_skip_tracking":false,"_monsterinsights_sitenote_active":false,"_monsterinsights_sitenote_note":"","_monsterinsights_sitenote_category":0,"jetpack_post_was_ever_published":false,"_jetpack_newsletter_access":"","_jetpack_dont_email_post_to_subs":false,"_jetpack_newsletter_tier_id":0,"_jetpack_memberships_contains_paywalled_content":false,"_jetpack_memberships_contains_paid_content":false,"footnotes":"","jetpack_publicize_message":"","jetpack_publicize_feature_enabled":true,"jetpack_social_post_already_shared":true,"jetpack_social_options":{"image_generator_settings":{"template":"highway","default_image_id":0,"font":"","enabled":false},"version":2}},"categories":[203],"tags":[],"class_list":["post-57333","post","type-post","status-publish","format-standard","has-post-thumbnail","hentry","category-juazeiro"],"jetpack_publicize_connections":[],"jetpack_featured_media_url":"https:\/\/blogopara.com.br\/wp-content\/uploads\/2023\/09\/WhatsApp-Image-2023-09-19-at-10.00.45-1.jpeg","uagb_featured_image_src":{"full":["https:\/\/blogopara.com.br\/wp-content\/uploads\/2023\/09\/WhatsApp-Image-2023-09-19-at-10.00.45-1.jpeg",500,666,false],"thumbnail":["https:\/\/blogopara.com.br\/wp-content\/uploads\/2023\/09\/WhatsApp-Image-2023-09-19-at-10.00.45-1-150x150.jpeg",150,150,true],"medium":["https:\/\/blogopara.com.br\/wp-content\/uploads\/2023\/09\/WhatsApp-Image-2023-09-19-at-10.00.45-1-225x300.jpeg",225,300,true],"medium_large":["https:\/\/blogopara.com.br\/wp-content\/uploads\/2023\/09\/WhatsApp-Image-2023-09-19-at-10.00.45-1.jpeg",500,666,false],"large":["https:\/\/blogopara.com.br\/wp-content\/uploads\/2023\/09\/WhatsApp-Image-2023-09-19-at-10.00.45-1.jpeg",500,666,false],"1536x1536":["https:\/\/blogopara.com.br\/wp-content\/uploads\/2023\/09\/WhatsApp-Image-2023-09-19-at-10.00.45-1.jpeg",500,666,false],"2048x2048":["https:\/\/blogopara.com.br\/wp-content\/uploads\/2023\/09\/WhatsApp-Image-2023-09-19-at-10.00.45-1.jpeg",500,666,false],"mantranews-slider-large":["https:\/\/blogopara.com.br\/wp-content\/uploads\/2023\/09\/WhatsApp-Image-2023-09-19-at-10.00.45-1.jpeg",500,666,false],"mantranews-featured-medium":["https:\/\/blogopara.com.br\/wp-content\/uploads\/2023\/09\/WhatsApp-Image-2023-09-19-at-10.00.45-1-420x307.jpeg",420,307,true],"mantranews-featured-long":["https:\/\/blogopara.com.br\/wp-content\/uploads\/2023\/09\/WhatsApp-Image-2023-09-19-at-10.00.45-1-300x443.jpeg",300,443,true],"mantranews-block-medium":["https:\/\/blogopara.com.br\/wp-content\/uploads\/2023\/09\/WhatsApp-Image-2023-09-19-at-10.00.45-1-464x290.jpeg",464,290,true],"mantranews-carousel-image":["https:\/\/blogopara.com.br\/wp-content\/uploads\/2023\/09\/WhatsApp-Image-2023-09-19-at-10.00.45-1-500x500.jpeg",500,500,true],"mantranews-block-thumb":["https:\/\/blogopara.com.br\/wp-content\/uploads\/2023\/09\/WhatsApp-Image-2023-09-19-at-10.00.45-1-322x230.jpeg",322,230,true],"mantranews-single-large":["https:\/\/blogopara.com.br\/wp-content\/uploads\/2023\/09\/WhatsApp-Image-2023-09-19-at-10.00.45-1-500x642.jpeg",500,642,true]},"uagb_author_info":{"display_name":"Reda\u00e7\u00e3o geral","author_link":"https:\/\/blogopara.com.br\/index.php\/author\/blogopara"},"uagb_comment_info":0,"uagb_excerpt":"A Prefeitura de Juazeiro, atrav\u00e9s da Secretaria de Sa\u00fade (Sesau), realizou na manh\u00e3 desta ter\u00e7a-feira (19), mais uma edi\u00e7\u00e3o do programa Um Sorriso do Tamanho do Brasil. A a\u00e7\u00e3o aconteceu na Escola Municipal Edualdina Dam\u00e1sio, localizada na comunidade de Campo dos Cavalos, no distrito de Junco, interior de Juazeiro, proporcionando \u00e0s crian\u00e7as da escola uma&hellip;","jetpack_sharing_enabled":true,"jetpack_likes_enabled":true,"_links":{"self":[{"href":"https:\/\/blogopara.com.br\/index.php\/wp-json\/wp\/v2\/posts\/57333","targetHints":{"allow":["GET"]}}],"collection":[{"href":"https:\/\/blogopara.com.br\/index.php\/wp-json\/wp\/v2\/posts"}],"about":[{"href":"https:\/\/blogopara.com.br\/index.php\/wp-json\/wp\/v2\/types\/post"}],"author":[{"embeddable":true,"href":"https:\/\/blogopara.com.br\/index.php\/wp-json\/wp\/v2\/users\/1"}],"replies":[{"embeddable":true,"href":"https:\/\/blogopara.com.br\/index.php\/wp-json\/wp\/v2\/comments?post=57333"}],"version-history":[{"count":1,"href":"https:\/\/blogopara.com.br\/index.php\/wp-json\/wp\/v2\/posts\/57333\/revisions"}],"predecessor-version":[{"id":57336,"href":"https:\/\/blogopara.com.br\/index.php\/wp-json\/wp\/v2\/posts\/57333\/revisions\/57336"}],"wp:featuredmedia":[{"embeddable":true,"href":"https:\/\/blogopara.com.br\/index.php\/wp-json\/wp\/v2\/media\/57335"}],"wp:attachment":[{"href":"https:\/\/blogopara.com.br\/index.php\/wp-json\/wp\/v2\/media?parent=57333"}],"wp:term":[{"taxonomy":"category","embeddable":true,"href":"https:\/\/blogopara.com.br\/index.php\/wp-json\/wp\/v2\/categories?post=57333"},{"taxonomy":"post_tag","embeddable":true,"href":"https:\/\/blogopara.com.br\/index.php\/wp-json\/wp\/v2\/tags?post=57333"}],"curies":[{"name":"wp","href":"https:\/\/api.w.org\/{rel}","templated":true}]}}