{"id":57410,"date":"2023-09-23T08:27:00","date_gmt":"2023-09-23T11:27:00","guid":{"rendered":"https:\/\/blogopara.com.br\/?p=57410"},"modified":"2023-09-22T08:31:24","modified_gmt":"2023-09-22T11:31:24","slug":"indigenas-e-orgaos-internacionais-celebram-derrubada-do-marco-temporal","status":"publish","type":"post","link":"https:\/\/blogopara.com.br\/index.php\/2023\/09\/23\/indigenas-e-orgaos-internacionais-celebram-derrubada-do-marco-temporal","title":{"rendered":"Ind\u00edgenas e \u00f3rg\u00e3os internacionais celebram derrubada do marco temporal"},"content":{"rendered":"<p style=\"text-align: justify;\">Entidades representativas dos povos ind\u00edgenas e organismos internacionais comemoram a decis\u00e3o do Supremo Tribunal Federal (STF) pela\u00a0<a href=\"https:\/\/agenciabrasil.ebc.com.br\/justica\/noticia\/2023-09\/por-9-votos-2-supremo-invalida-tese-do-marco-temporal\" target=\"_blank\" rel=\"noopener\">inconstitucionalidade da tese do marco temporal<\/a>\u00a0para demarca\u00e7\u00e3o de terras ind\u00edgenas. Nas redes sociais, o assunto ficou entre os mais comentados na tarde desta quinta-feira (21). Em Bras\u00edlia, lideran\u00e7as ind\u00edgenas e representantes de diversos povos acompanharam a vota\u00e7\u00e3o.<\/p>\n<p style=\"text-align: justify;\">De acordo com a presidenta da Funda\u00e7\u00e3o Nacional dos Povos Ind\u00edgenas (Funai), Joenia Wapichana, prevaleceram, na decis\u00e3o, os direitos constitucionais dos povos origin\u00e1rios.<\/p>\n<p style=\"text-align: justify;\">\u201cHoje o dia \u00e9 de comemorar a vit\u00f3ria dos povos ind\u00edgenas contra o marco temporal. N\u00f3s temos muitos desafios pela frente, como outros pontos que foram inclu\u00eddos, mas \u00e9 uma luta a cada dia. Uma vit\u00f3ria a cada dia. N\u00f3s acreditamos na Justi\u00e7a, na Justi\u00e7a do Supremo Tribunal Federal para dar essa seguran\u00e7a jur\u00eddica aos direitos constitucionais dos povos ind\u00edgenas, cumprir o seu dever pela constitucionalidade e dar esperan\u00e7a a esse povo que tem sofrido h\u00e1 muitos anos com intimida\u00e7\u00f5es e press\u00f5es. Hoje se enterra de vez o marco temporal\u201d, diz em nota divulgada pela funda\u00e7\u00e3o.<\/p>\n<p style=\"text-align: justify;\">De acordo com a Funai, a tese do marco temporal ignorava o longo hist\u00f3rico \u201cde esbulho possess\u00f3rio e viol\u00eancia praticada contra os povos ind\u00edgenas, acarretando a expuls\u00e3o de seus territ\u00f3rios, al\u00e9m de violar os direitos ind\u00edgenas previstos na pr\u00f3pria Constitui\u00e7\u00e3o Federal e em tratados internacionais dos quais o Estado brasileiro \u00e9 signat\u00e1rio\u201d.<\/p>\n<p style=\"text-align: justify;\">A Funai destaca ainda que pela Constitui\u00e7\u00e3o, as terras ind\u00edgenas s\u00e3o bens da Uni\u00e3o e de usufruto exclusivo dos povos ind\u00edgenas. Tratam-se de bens inalien\u00e1veis e indispon\u00edveis, ou seja, n\u00e3o podem ser objeto de compra, venda, doa\u00e7\u00e3o ou qualquer outro tipo de neg\u00f3cio, sendo nulos e extintos todos os atos que permitam sua ocupa\u00e7\u00e3o, dom\u00ednio ou posse por n\u00e3o ind\u00edgenas.<\/p>\n<p style=\"text-align: justify;\">O Conselho Indigenista Mission\u00e1rio (Cimi) acompanha os ind\u00edgenas em Bras\u00edlia e em outras regi\u00f5es do pa\u00eds. Na capital, de acordo com a entidade, cerca de 600 ind\u00edgenas de v\u00e1rias regi\u00f5es do pa\u00eds acompanham a vota\u00e7\u00e3o do lado de fora do STF, por meio de um tel\u00e3o. Al\u00e9m deles, um grupo de 70 lideran\u00e7as ind\u00edgenas assistiram asess\u00e3o direto do plen\u00e1rio da Corte.<\/p>\n<p style=\"text-align: justify;\">A entidadepostou v\u00eddeo emque ind\u00edgenas celebraramcom cantos e dan\u00e7as, em tenda montada ao lado da Corte, quando formou-semaioria dos ministros contra o marco temporal.<\/p>\n<div class=\"texto\" style=\"text-align: justify;\">\n<h2>Organismos internacionais<\/h2>\n<p>Entidades internacionais tamb\u00e9m se manifestaram. O Fundo das Na\u00e7\u00f5es Unidas para a Inf\u00e2ncia (Unicef)parabenizou o Supremo Tribunal Federal (STF) pela decis\u00e3o contr\u00e1ria \u00e0 tese do marco temporal, que segundo o organismo internacional impactaria a vida de crian\u00e7as e jovens ind\u00edgenas e significaria um retrocesso para o pa\u00eds.<\/p>\n<p>\u201cO Brasil\u00a0<a href=\"https:\/\/www.instagram.com\/p\/Cxd0j_qPuh2\/?igshid=NzZhOTFlYzFmZQ%3D%3D\" target=\"_blank\" rel=\"noopener\">deve atuar de forma a assegurar os direitos de crian\u00e7as e jovens ind\u00edgenas<\/a>\u00a0. Isso inclui o entendimento de que a garantia do direito \u00e0 terra e ao territ\u00f3rio \u00e9 de suma import\u00e2ncia para a preserva\u00e7\u00e3o da identidade, das tradi\u00e7\u00f5es e da cultura de um povo, sendo fundamental para o desenvolvimento social e coletivo de meninos e meninas ind\u00edgenas\u201d, diz o Unicef, no Instagram.<\/p>\n<p>J\u00e1 a porta-voz do Greenpeace Brasil, Ariene Susui, afirmou que &#8220;ao formar maioria, o STF avan\u00e7a rumo \u00e0 decis\u00e3o hist\u00f3rica de rejeitar o Marco Temporal de uma vez por todas&#8221;. &#8220;Quem ganha somos todos n\u00f3s, porque promover os direitos ind\u00edgenas significa, sobretudo, a defesa de direitos constitucionais. Rejeitar o marco temporal \u00e9 assegurar direitos de toda a sociedade, pois direitos conquistados n\u00e3o devem ser questionados e sim cumpridos. Os povos origin\u00e1rios e seus territ\u00f3rios exercem um papel fundamental na defesa da biodiversidade brasileira que, por sua vez, possui grande import\u00e2ncia na mitiga\u00e7\u00e3o da crise clim\u00e1tica e na regula\u00e7\u00e3o do clima global\u201d.<\/p>\n<h2>Marco Temporal<\/h2>\n<p>A maioria dos ministros do Supremo Tribunal Federal (STF) decidiu nesta quinta-feira(21) por invalidara tese do marco temporal para demarca\u00e7\u00e3o de terras ind\u00edgenas.<\/p>\n<p>Pela tese, defendida por propriet\u00e1rios de terras, os ind\u00edgenas somente teriam direito \u00e0s terras que estavam em sua posse no dia 5 de outubro de 1988, data da promulga\u00e7\u00e3o da Constitui\u00e7\u00e3o Federal, ou que estavam em disputa judicial na \u00e9poca.<\/p>\n<p>Apesar da maioria formada contra o marco temporal, os ministros ainda v\u00e3o analisar o alcance da decis\u00e3o. Pela corrente aberta com o voto do ministro Alexandre de Moraes, particulares que adquiriram terras de \u201cboa-f\u00e9\u201d podem pedir indeniza\u00e7\u00e3o pelas benfeitorias e pela terra nua. A decis\u00e3o valeria para propriet\u00e1rios que receberam do governo t\u00edtulos de terras que deveriam ser consideradas como \u00e1reas ind\u00edgenas.<\/p>\n<\/div>\n<div class=\"box-comentarios\" style=\"text-align: justify;\"><\/div>\n","protected":false},"excerpt":{"rendered":"<p>Entidades representativas dos povos ind\u00edgenas e organismos internacionais comemoram a decis\u00e3o do Supremo Tribunal Federal (STF) pela\u00a0inconstitucionalidade da tese do marco temporal\u00a0para demarca\u00e7\u00e3o de terras ind\u00edgenas. Nas redes sociais, o assunto ficou entre os mais comentados na tarde desta quinta-feira (21). Em Bras\u00edlia, lideran\u00e7as ind\u00edgenas e representantes de diversos povos acompanharam a vota\u00e7\u00e3o. De acordo [&hellip;]<\/p>\n","protected":false},"author":1,"featured_media":57411,"comment_status":"closed","ping_status":"open","sticky":false,"template":"","format":"standard","meta":{"_uag_custom_page_level_css":"","_monsterinsights_skip_tracking":false,"_monsterinsights_sitenote_active":false,"_monsterinsights_sitenote_note":"","_monsterinsights_sitenote_category":0,"jetpack_post_was_ever_published":false,"_jetpack_newsletter_access":"","_jetpack_dont_email_post_to_subs":false,"_jetpack_newsletter_tier_id":0,"_jetpack_memberships_contains_paywalled_content":false,"_jetpack_memberships_contains_paid_content":false,"footnotes":"","jetpack_publicize_message":"","jetpack_publicize_feature_enabled":true,"jetpack_social_post_already_shared":true,"jetpack_social_options":{"image_generator_settings":{"template":"highway","default_image_id":0,"font":"","enabled":false},"version":2}},"categories":[203],"tags":[],"class_list":["post-57410","post","type-post","status-publish","format-standard","has-post-thumbnail","hentry","category-juazeiro"],"jetpack_publicize_connections":[],"jetpack_featured_media_url":"https:\/\/blogopara.com.br\/wp-content\/uploads\/2023\/09\/e83a9bfad06d072c4bb07cf202c5cd7e.jpeg","uagb_featured_image_src":{"full":["https:\/\/blogopara.com.br\/wp-content\/uploads\/2023\/09\/e83a9bfad06d072c4bb07cf202c5cd7e.jpeg",500,341,false],"thumbnail":["https:\/\/blogopara.com.br\/wp-content\/uploads\/2023\/09\/e83a9bfad06d072c4bb07cf202c5cd7e-150x150.jpeg",150,150,true],"medium":["https:\/\/blogopara.com.br\/wp-content\/uploads\/2023\/09\/e83a9bfad06d072c4bb07cf202c5cd7e-300x205.jpeg",300,205,true],"medium_large":["https:\/\/blogopara.com.br\/wp-content\/uploads\/2023\/09\/e83a9bfad06d072c4bb07cf202c5cd7e.jpeg",500,341,false],"large":["https:\/\/blogopara.com.br\/wp-content\/uploads\/2023\/09\/e83a9bfad06d072c4bb07cf202c5cd7e.jpeg",500,341,false],"1536x1536":["https:\/\/blogopara.com.br\/wp-content\/uploads\/2023\/09\/e83a9bfad06d072c4bb07cf202c5cd7e.jpeg",500,341,false],"2048x2048":["https:\/\/blogopara.com.br\/wp-content\/uploads\/2023\/09\/e83a9bfad06d072c4bb07cf202c5cd7e.jpeg",500,341,false],"mantranews-slider-large":["https:\/\/blogopara.com.br\/wp-content\/uploads\/2023\/09\/e83a9bfad06d072c4bb07cf202c5cd7e.jpeg",500,341,false],"mantranews-featured-medium":["https:\/\/blogopara.com.br\/wp-content\/uploads\/2023\/09\/e83a9bfad06d072c4bb07cf202c5cd7e-420x307.jpeg",420,307,true],"mantranews-featured-long":["https:\/\/blogopara.com.br\/wp-content\/uploads\/2023\/09\/e83a9bfad06d072c4bb07cf202c5cd7e-300x341.jpeg",300,341,true],"mantranews-block-medium":["https:\/\/blogopara.com.br\/wp-content\/uploads\/2023\/09\/e83a9bfad06d072c4bb07cf202c5cd7e-464x290.jpeg",464,290,true],"mantranews-carousel-image":["https:\/\/blogopara.com.br\/wp-content\/uploads\/2023\/09\/e83a9bfad06d072c4bb07cf202c5cd7e.jpeg",500,341,false],"mantranews-block-thumb":["https:\/\/blogopara.com.br\/wp-content\/uploads\/2023\/09\/e83a9bfad06d072c4bb07cf202c5cd7e-322x230.jpeg",322,230,true],"mantranews-single-large":["https:\/\/blogopara.com.br\/wp-content\/uploads\/2023\/09\/e83a9bfad06d072c4bb07cf202c5cd7e.jpeg",500,341,false]},"uagb_author_info":{"display_name":"Reda\u00e7\u00e3o geral","author_link":"https:\/\/blogopara.com.br\/index.php\/author\/blogopara"},"uagb_comment_info":0,"uagb_excerpt":"Entidades representativas dos povos ind\u00edgenas e organismos internacionais comemoram a decis\u00e3o do Supremo Tribunal Federal (STF) pela\u00a0inconstitucionalidade da tese do marco temporal\u00a0para demarca\u00e7\u00e3o de terras ind\u00edgenas. Nas redes sociais, o assunto ficou entre os mais comentados na tarde desta quinta-feira (21). Em Bras\u00edlia, lideran\u00e7as ind\u00edgenas e representantes de diversos povos acompanharam a vota\u00e7\u00e3o. De acordo&hellip;","jetpack_sharing_enabled":true,"jetpack_likes_enabled":true,"_links":{"self":[{"href":"https:\/\/blogopara.com.br\/index.php\/wp-json\/wp\/v2\/posts\/57410","targetHints":{"allow":["GET"]}}],"collection":[{"href":"https:\/\/blogopara.com.br\/index.php\/wp-json\/wp\/v2\/posts"}],"about":[{"href":"https:\/\/blogopara.com.br\/index.php\/wp-json\/wp\/v2\/types\/post"}],"author":[{"embeddable":true,"href":"https:\/\/blogopara.com.br\/index.php\/wp-json\/wp\/v2\/users\/1"}],"replies":[{"embeddable":true,"href":"https:\/\/blogopara.com.br\/index.php\/wp-json\/wp\/v2\/comments?post=57410"}],"version-history":[{"count":1,"href":"https:\/\/blogopara.com.br\/index.php\/wp-json\/wp\/v2\/posts\/57410\/revisions"}],"predecessor-version":[{"id":57412,"href":"https:\/\/blogopara.com.br\/index.php\/wp-json\/wp\/v2\/posts\/57410\/revisions\/57412"}],"wp:featuredmedia":[{"embeddable":true,"href":"https:\/\/blogopara.com.br\/index.php\/wp-json\/wp\/v2\/media\/57411"}],"wp:attachment":[{"href":"https:\/\/blogopara.com.br\/index.php\/wp-json\/wp\/v2\/media?parent=57410"}],"wp:term":[{"taxonomy":"category","embeddable":true,"href":"https:\/\/blogopara.com.br\/index.php\/wp-json\/wp\/v2\/categories?post=57410"},{"taxonomy":"post_tag","embeddable":true,"href":"https:\/\/blogopara.com.br\/index.php\/wp-json\/wp\/v2\/tags?post=57410"}],"curies":[{"name":"wp","href":"https:\/\/api.w.org\/{rel}","templated":true}]}}