{"id":57416,"date":"2023-09-22T08:36:26","date_gmt":"2023-09-22T11:36:26","guid":{"rendered":"https:\/\/blogopara.com.br\/?p=57416"},"modified":"2023-09-22T08:36:34","modified_gmt":"2023-09-22T11:36:34","slug":"fernanda-barros-e-a-nova-chefe-de-gabinete-da-prefeitura-de-juazeiro","status":"publish","type":"post","link":"https:\/\/blogopara.com.br\/index.php\/2023\/09\/22\/fernanda-barros-e-a-nova-chefe-de-gabinete-da-prefeitura-de-juazeiro","title":{"rendered":"Fernanda Barros \u00e9 a nova chefe de gabinete da Prefeitura de Juazeiro"},"content":{"rendered":"<p style=\"text-align: justify;\">A prefeita de Juazeiro, Suzana Ramos, anunciou nesta quinta-feira (21), a jornalista e secret\u00e1ria de Comunica\u00e7\u00e3o, Fernanda Barros, como a chefe de gabinete da Prefeitura de Juazeiro, no lugar de Cesar Miller. A publica\u00e7\u00e3o est\u00e1 no Di\u00e1rio Oficial desta quinta-feira, 21 de setembro.<\/p>\n<p style=\"text-align: justify;\">Com Fernanda Barros assumindo a chefia de gabinete, as atribui\u00e7\u00f5es da Secretaria de Comunica\u00e7\u00e3o passam a ser coordenadas pela chefia de gabinete.<\/p>\n<p style=\"text-align: justify;\">\u201cNossos profundos agradecimentos ao empenho e dedica\u00e7\u00e3o desses dois grandes profissionais, Cesar Miller pela importante contribui\u00e7\u00e3o \u00e0 frente da Semaurb e da chefia de gabinete, e a Fernanda por sempre se dedicar ao desenvolvimento da nossa gest\u00e3o e consequentemente da nossa Juazeiro. Continuamos trabalhando para fazer o melhor para o nosso povo\u201d, afirma a prefeita Suzana Ramos.<\/p>\n","protected":false},"excerpt":{"rendered":"<p>A prefeita de Juazeiro, Suzana Ramos, anunciou nesta quinta-feira (21), a jornalista e secret\u00e1ria de Comunica\u00e7\u00e3o, Fernanda Barros, como a chefe de gabinete da Prefeitura de Juazeiro, no lugar de Cesar Miller. A publica\u00e7\u00e3o est\u00e1 no Di\u00e1rio Oficial desta quinta-feira, 21 de setembro. Com Fernanda Barros assumindo a chefia de gabinete, as atribui\u00e7\u00f5es da Secretaria [&hellip;]<\/p>\n","protected":false},"author":1,"featured_media":57417,"comment_status":"closed","ping_status":"open","sticky":false,"template":"","format":"standard","meta":{"_uag_custom_page_level_css":"","_monsterinsights_skip_tracking":false,"_monsterinsights_sitenote_active":false,"_monsterinsights_sitenote_note":"","_monsterinsights_sitenote_category":0,"jetpack_post_was_ever_published":false,"_jetpack_newsletter_access":"","_jetpack_dont_email_post_to_subs":false,"_jetpack_newsletter_tier_id":0,"_jetpack_memberships_contains_paywalled_content":false,"_jetpack_memberships_contains_paid_content":false,"footnotes":"","jetpack_publicize_message":"","jetpack_publicize_feature_enabled":true,"jetpack_social_post_already_shared":true,"jetpack_social_options":{"image_generator_settings":{"template":"highway","default_image_id":0,"font":"","enabled":false},"version":2}},"categories":[197],"tags":[11060,1508],"class_list":["post-57416","post","type-post","status-publish","format-standard","has-post-thumbnail","hentry","category-politica","tag-fernanda-barros","tag-suzana-ramos"],"jetpack_publicize_connections":[],"jetpack_featured_media_url":"https:\/\/blogopara.com.br\/wp-content\/uploads\/2023\/09\/thumbnail_3f75b65a-4c2c-4ab6-a59d-7f95d49ccd84.jpg","uagb_featured_image_src":{"full":["https:\/\/blogopara.com.br\/wp-content\/uploads\/2023\/09\/thumbnail_3f75b65a-4c2c-4ab6-a59d-7f95d49ccd84.jpg",500,332,false],"thumbnail":["https:\/\/blogopara.com.br\/wp-content\/uploads\/2023\/09\/thumbnail_3f75b65a-4c2c-4ab6-a59d-7f95d49ccd84-150x150.jpg",150,150,true],"medium":["https:\/\/blogopara.com.br\/wp-content\/uploads\/2023\/09\/thumbnail_3f75b65a-4c2c-4ab6-a59d-7f95d49ccd84-300x199.jpg",300,199,true],"medium_large":["https:\/\/blogopara.com.br\/wp-content\/uploads\/2023\/09\/thumbnail_3f75b65a-4c2c-4ab6-a59d-7f95d49ccd84.jpg",500,332,false],"large":["https:\/\/blogopara.com.br\/wp-content\/uploads\/2023\/09\/thumbnail_3f75b65a-4c2c-4ab6-a59d-7f95d49ccd84.jpg",500,332,false],"1536x1536":["https:\/\/blogopara.com.br\/wp-content\/uploads\/2023\/09\/thumbnail_3f75b65a-4c2c-4ab6-a59d-7f95d49ccd84.jpg",500,332,false],"2048x2048":["https:\/\/blogopara.com.br\/wp-content\/uploads\/2023\/09\/thumbnail_3f75b65a-4c2c-4ab6-a59d-7f95d49ccd84.jpg",500,332,false],"mantranews-slider-large":["https:\/\/blogopara.com.br\/wp-content\/uploads\/2023\/09\/thumbnail_3f75b65a-4c2c-4ab6-a59d-7f95d49ccd84.jpg",500,332,false],"mantranews-featured-medium":["https:\/\/blogopara.com.br\/wp-content\/uploads\/2023\/09\/thumbnail_3f75b65a-4c2c-4ab6-a59d-7f95d49ccd84-420x307.jpg",420,307,true],"mantranews-featured-long":["https:\/\/blogopara.com.br\/wp-content\/uploads\/2023\/09\/thumbnail_3f75b65a-4c2c-4ab6-a59d-7f95d49ccd84-300x332.jpg",300,332,true],"mantranews-block-medium":["https:\/\/blogopara.com.br\/wp-content\/uploads\/2023\/09\/thumbnail_3f75b65a-4c2c-4ab6-a59d-7f95d49ccd84-464x290.jpg",464,290,true],"mantranews-carousel-image":["https:\/\/blogopara.com.br\/wp-content\/uploads\/2023\/09\/thumbnail_3f75b65a-4c2c-4ab6-a59d-7f95d49ccd84.jpg",500,332,false],"mantranews-block-thumb":["https:\/\/blogopara.com.br\/wp-content\/uploads\/2023\/09\/thumbnail_3f75b65a-4c2c-4ab6-a59d-7f95d49ccd84-322x230.jpg",322,230,true],"mantranews-single-large":["https:\/\/blogopara.com.br\/wp-content\/uploads\/2023\/09\/thumbnail_3f75b65a-4c2c-4ab6-a59d-7f95d49ccd84.jpg",500,332,false]},"uagb_author_info":{"display_name":"Reda\u00e7\u00e3o geral","author_link":"https:\/\/blogopara.com.br\/index.php\/author\/blogopara"},"uagb_comment_info":0,"uagb_excerpt":"A prefeita de Juazeiro, Suzana Ramos, anunciou nesta quinta-feira (21), a jornalista e secret\u00e1ria de Comunica\u00e7\u00e3o, Fernanda Barros, como a chefe de gabinete da Prefeitura de Juazeiro, no lugar de Cesar Miller. A publica\u00e7\u00e3o est\u00e1 no Di\u00e1rio Oficial desta quinta-feira, 21 de setembro. Com Fernanda Barros assumindo a chefia de gabinete, as atribui\u00e7\u00f5es da Secretaria&hellip;","jetpack_sharing_enabled":true,"jetpack_likes_enabled":true,"_links":{"self":[{"href":"https:\/\/blogopara.com.br\/index.php\/wp-json\/wp\/v2\/posts\/57416","targetHints":{"allow":["GET"]}}],"collection":[{"href":"https:\/\/blogopara.com.br\/index.php\/wp-json\/wp\/v2\/posts"}],"about":[{"href":"https:\/\/blogopara.com.br\/index.php\/wp-json\/wp\/v2\/types\/post"}],"author":[{"embeddable":true,"href":"https:\/\/blogopara.com.br\/index.php\/wp-json\/wp\/v2\/users\/1"}],"replies":[{"embeddable":true,"href":"https:\/\/blogopara.com.br\/index.php\/wp-json\/wp\/v2\/comments?post=57416"}],"version-history":[{"count":2,"href":"https:\/\/blogopara.com.br\/index.php\/wp-json\/wp\/v2\/posts\/57416\/revisions"}],"predecessor-version":[{"id":57419,"href":"https:\/\/blogopara.com.br\/index.php\/wp-json\/wp\/v2\/posts\/57416\/revisions\/57419"}],"wp:featuredmedia":[{"embeddable":true,"href":"https:\/\/blogopara.com.br\/index.php\/wp-json\/wp\/v2\/media\/57417"}],"wp:attachment":[{"href":"https:\/\/blogopara.com.br\/index.php\/wp-json\/wp\/v2\/media?parent=57416"}],"wp:term":[{"taxonomy":"category","embeddable":true,"href":"https:\/\/blogopara.com.br\/index.php\/wp-json\/wp\/v2\/categories?post=57416"},{"taxonomy":"post_tag","embeddable":true,"href":"https:\/\/blogopara.com.br\/index.php\/wp-json\/wp\/v2\/tags?post=57416"}],"curies":[{"name":"wp","href":"https:\/\/api.w.org\/{rel}","templated":true}]}}