{"id":5743,"date":"2019-12-19T07:47:18","date_gmt":"2019-12-19T10:47:18","guid":{"rendered":"http:\/\/blogopara.com.br\/?p=5743"},"modified":"2019-12-19T07:47:32","modified_gmt":"2019-12-19T10:47:32","slug":"rui-costa-pt-quer-que-aposentados-e-pensionistas-contribuam-com-a-previdencia","status":"publish","type":"post","link":"https:\/\/blogopara.com.br\/index.php\/2019\/12\/19\/rui-costa-pt-quer-que-aposentados-e-pensionistas-contribuam-com-a-previdencia","title":{"rendered":"Rui Costa (PT) quer que aposentados e pensionistas contribuam com a previd\u00eancia"},"content":{"rendered":"<p style=\"text-align: justify;\">O governador da Bahia, Rui Costa (PT), enviou \u00e0 Assembleia Legislativa da Bahia (AL-BA) uma Proposta de Emenda Constitucional (PEC) que modifica regras do Regime Pr\u00f3prio de Previd\u00eancia Social dos servidores p\u00fablicos do estado.<\/p>\n<p>De acordo com o texto, no artigo 42, o Regime Pr\u00f3prio de Previd\u00eancia Social dos servidores titulares de cargos efetivos do Estado ter\u00e1 car\u00e1ter contributivo e solid\u00e1rio, mediante contribui\u00e7\u00e3o do Estado, de servidores ativos, de aposentados e de pensionistas, observados crit\u00e9rios que preservem o equil\u00edbrio financeiro e atuarial. Ou seja, os aposentados e pensionistas, que atualmente n\u00e3o contribuem, pela proposta v\u00e3o come\u00e7ar a contribuir.<\/p>\n<p>Hoje, o mesmo artigo 42 diz &#8220;Aos servidores titulares de cargos efetivos do Estado e dos Munic\u00edpios, inclu\u00eddas suas autarquias e funda\u00e7\u00f5es, \u00e9 assegurado regime de previd\u00eancia de car\u00e1ter contributivo, observados crit\u00e9rios que preservem o equil\u00edbrio financeiro e atuarial, bem como o que disp\u00f5e a Constitui\u00e7\u00e3o Federal, e ser\u00e3o aposentados&#8221;.<\/p>\n<p>Segundo Rui Costa, a proposta \u201cbusca refletir as inova\u00e7\u00f5es de repeti\u00e7\u00e3o obrigat\u00f3ria por parte dos Entes Federativos, com celeridade e presteza no atendimento dos novos crit\u00e9rios j\u00e1 estabelecidos, reafirmando o compromisso do Governo do Estado com a sa\u00fade atuarial dos fundos de previd\u00eancia social\u201d.<\/p>\n<p>Ainda no texto, ser\u00e1 aposentado \u201caos 62 (sessenta e dois) anos de idade, se mulher, e aos 65 (sessenta e cinco) anos de idade, se homem, observados o tempo de contribui\u00e7\u00e3o e os demais requisitos estabelecidos em lei complementar\u201d.<\/p>\n<pre>Fonte: Bahia Not\u00edcias<\/pre>\n","protected":false},"excerpt":{"rendered":"<p>O governador da Bahia, Rui Costa (PT), enviou \u00e0 Assembleia Legislativa da Bahia (AL-BA) uma Proposta de Emenda Constitucional (PEC) que modifica regras do Regime Pr\u00f3prio de Previd\u00eancia Social dos servidores p\u00fablicos do estado. De acordo com o texto, no artigo 42, o Regime Pr\u00f3prio de Previd\u00eancia Social dos servidores titulares de cargos efetivos do [&hellip;]<\/p>\n","protected":false},"author":1,"featured_media":5744,"comment_status":"open","ping_status":"open","sticky":false,"template":"","format":"standard","meta":{"_uag_custom_page_level_css":"","_monsterinsights_skip_tracking":false,"_monsterinsights_sitenote_active":false,"_monsterinsights_sitenote_note":"","_monsterinsights_sitenote_category":0,"jetpack_post_was_ever_published":false,"_jetpack_newsletter_access":"","_jetpack_dont_email_post_to_subs":false,"_jetpack_newsletter_tier_id":0,"_jetpack_memberships_contains_paywalled_content":false,"_jetpack_memberships_contains_paid_content":false,"footnotes":"","jetpack_publicize_message":"","jetpack_publicize_feature_enabled":true,"jetpack_social_post_already_shared":true,"jetpack_social_options":{"image_generator_settings":{"template":"highway","default_image_id":0,"font":"","enabled":false},"version":2}},"categories":[203],"tags":[1419,177,289],"class_list":["post-5743","post","type-post","status-publish","format-standard","has-post-thumbnail","hentry","category-juazeiro","tag-aposentados","tag-reforma-da-previdencia","tag-rui-costa-pt"],"jetpack_publicize_connections":[],"jetpack_featured_media_url":"https:\/\/blogopara.com.br\/wp-content\/uploads\/2019\/12\/IMAGEM_NOTICIA_5.jpg","uagb_featured_image_src":{"full":["https:\/\/blogopara.com.br\/wp-content\/uploads\/2019\/12\/IMAGEM_NOTICIA_5.jpg",380,280,false],"thumbnail":["https:\/\/blogopara.com.br\/wp-content\/uploads\/2019\/12\/IMAGEM_NOTICIA_5-150x150.jpg",150,150,true],"medium":["https:\/\/blogopara.com.br\/wp-content\/uploads\/2019\/12\/IMAGEM_NOTICIA_5-300x221.jpg",300,221,true],"medium_large":["https:\/\/blogopara.com.br\/wp-content\/uploads\/2019\/12\/IMAGEM_NOTICIA_5.jpg",380,280,false],"large":["https:\/\/blogopara.com.br\/wp-content\/uploads\/2019\/12\/IMAGEM_NOTICIA_5.jpg",380,280,false],"1536x1536":["https:\/\/blogopara.com.br\/wp-content\/uploads\/2019\/12\/IMAGEM_NOTICIA_5.jpg",380,280,false],"2048x2048":["https:\/\/blogopara.com.br\/wp-content\/uploads\/2019\/12\/IMAGEM_NOTICIA_5.jpg",380,280,false],"mantranews-slider-large":["https:\/\/blogopara.com.br\/wp-content\/uploads\/2019\/12\/IMAGEM_NOTICIA_5.jpg",380,280,false],"mantranews-featured-medium":["https:\/\/blogopara.com.br\/wp-content\/uploads\/2019\/12\/IMAGEM_NOTICIA_5.jpg",380,280,false],"mantranews-featured-long":["https:\/\/blogopara.com.br\/wp-content\/uploads\/2019\/12\/IMAGEM_NOTICIA_5.jpg",300,221,false],"mantranews-block-medium":["https:\/\/blogopara.com.br\/wp-content\/uploads\/2019\/12\/IMAGEM_NOTICIA_5.jpg",380,280,false],"mantranews-carousel-image":["https:\/\/blogopara.com.br\/wp-content\/uploads\/2019\/12\/IMAGEM_NOTICIA_5.jpg",380,280,false],"mantranews-block-thumb":["https:\/\/blogopara.com.br\/wp-content\/uploads\/2019\/12\/IMAGEM_NOTICIA_5.jpg",312,230,false],"mantranews-single-large":["https:\/\/blogopara.com.br\/wp-content\/uploads\/2019\/12\/IMAGEM_NOTICIA_5.jpg",380,280,false]},"uagb_author_info":{"display_name":"Reda\u00e7\u00e3o geral","author_link":"https:\/\/blogopara.com.br\/index.php\/author\/blogopara"},"uagb_comment_info":0,"uagb_excerpt":"O governador da Bahia, Rui Costa (PT), enviou \u00e0 Assembleia Legislativa da Bahia (AL-BA) uma Proposta de Emenda Constitucional (PEC) que modifica regras do Regime Pr\u00f3prio de Previd\u00eancia Social dos servidores p\u00fablicos do estado. De acordo com o texto, no artigo 42, o Regime Pr\u00f3prio de Previd\u00eancia Social dos servidores titulares de cargos efetivos do&hellip;","jetpack_sharing_enabled":true,"jetpack_likes_enabled":true,"_links":{"self":[{"href":"https:\/\/blogopara.com.br\/index.php\/wp-json\/wp\/v2\/posts\/5743","targetHints":{"allow":["GET"]}}],"collection":[{"href":"https:\/\/blogopara.com.br\/index.php\/wp-json\/wp\/v2\/posts"}],"about":[{"href":"https:\/\/blogopara.com.br\/index.php\/wp-json\/wp\/v2\/types\/post"}],"author":[{"embeddable":true,"href":"https:\/\/blogopara.com.br\/index.php\/wp-json\/wp\/v2\/users\/1"}],"replies":[{"embeddable":true,"href":"https:\/\/blogopara.com.br\/index.php\/wp-json\/wp\/v2\/comments?post=5743"}],"version-history":[{"count":1,"href":"https:\/\/blogopara.com.br\/index.php\/wp-json\/wp\/v2\/posts\/5743\/revisions"}],"predecessor-version":[{"id":5745,"href":"https:\/\/blogopara.com.br\/index.php\/wp-json\/wp\/v2\/posts\/5743\/revisions\/5745"}],"wp:featuredmedia":[{"embeddable":true,"href":"https:\/\/blogopara.com.br\/index.php\/wp-json\/wp\/v2\/media\/5744"}],"wp:attachment":[{"href":"https:\/\/blogopara.com.br\/index.php\/wp-json\/wp\/v2\/media?parent=5743"}],"wp:term":[{"taxonomy":"category","embeddable":true,"href":"https:\/\/blogopara.com.br\/index.php\/wp-json\/wp\/v2\/categories?post=5743"},{"taxonomy":"post_tag","embeddable":true,"href":"https:\/\/blogopara.com.br\/index.php\/wp-json\/wp\/v2\/tags?post=5743"}],"curies":[{"name":"wp","href":"https:\/\/api.w.org\/{rel}","templated":true}]}}