{"id":57433,"date":"2023-09-23T17:07:00","date_gmt":"2023-09-23T20:07:00","guid":{"rendered":"https:\/\/blogopara.com.br\/?p=57433"},"modified":"2023-09-22T09:10:51","modified_gmt":"2023-09-22T12:10:51","slug":"numero-de-focos-de-queimadas-no-amazonas-supera-a-media-de-setembro","status":"publish","type":"post","link":"https:\/\/blogopara.com.br\/index.php\/2023\/09\/23\/numero-de-focos-de-queimadas-no-amazonas-supera-a-media-de-setembro","title":{"rendered":"N\u00famero de focos de queimadas no Amazonas supera a m\u00e9dia de setembro"},"content":{"rendered":"<p style=\"text-align: justify;\">O n\u00famero de\u00a0focos de inc\u00eandio detectados no estado do Amazonas\u00a0j\u00e1 superara a m\u00e9dia hist\u00f3rica para meses setembro, mesmo antes de o m\u00eas terminar. A informa\u00e7\u00e3o \u00e9 com base nos dados do Instituto Nacional de Pesquisas Espaciais (Inpe), analisados pela\u00a0<strong>CNN Brasil<\/strong>.<\/p>\n<p style=\"text-align: justify;\">At\u00e9 o dia 19 de setembro foram registrados 5.186 focos de inc\u00eandio, 72,6% a mais que a m\u00e9dia hist\u00f3rica do m\u00eas, de 3.003. O monitoramento feito pelo Inpe come\u00e7ou em 1998.<\/p>\n<div class=\"whatsapp__cta__single\" style=\"text-align: justify;\">\n<p>O cen\u00e1rio \u00e9 o mesmo da Amaz\u00f4nia Legal, que acumulou 22.451 focos de inc\u00eandio at\u00e9 19 de setembro. No m\u00eas anterior, agosto completo contabilizou 20.851.<\/p>\n<p>Em 2022, do dia 1\u00ba ao dia 19 de setembro foram contabilizados 35.709 pontos de queimadas. A regi\u00e3o acumula 66.179 desde 1\u00ba de janeiro at\u00e9 19 de setembro. Em compara\u00e7\u00e3o com o mesmo per\u00edodo em 2022, com 97.480 focos, h\u00e1 queda de 32,11%.<\/p>\n<p>Ainda segundo os dados, o Brasil registrou 30.345 focos de inc\u00eandio em setembro at\u00e9 o momento. No acumulado anual, s\u00e3o 95.742. O n\u00famero de pontos de queimadas detectados no Brasil em setembro corresponde a 71,2% do total contabilizado na Am\u00e9rica do Sul at\u00e9 o momento.<\/p>\n<p>No acumulado anual, a rela\u00e7\u00e3o \u00e9 de 50,6%.<\/p>\n<h3>Situa\u00e7\u00e3o de queimadas no Amazonas<\/h3>\n<p>Segundo o Corpo de Bombeiros no Amazonas, foram atendidas 1.193 ocorr\u00eancias de inc\u00eandio, sendo 473 em Manaus, no per\u00edodo entre 12 de julho e 17 de setembro.<\/p>\n<p>De acordo com a Climatempo, o \u00faltimo m\u00eas de chuva volumosa sobre a maior parte do Amazonas foi em fevereiro. Desde ent\u00e3o, a chuva tem sido menor que a m\u00e9dia mensal. Ao somar com a estiagem esperada para o m\u00eas de setembro, o resultado \u00e9 tempo seco e muito calor, al\u00e9m de maior incid\u00eancia de queimadas.<\/p>\n<p>Ainda segundo a ag\u00eancia de meteorologia, a expectativa \u00e9 que o Amazonas continue no per\u00edodo de seca. A tend\u00eancia \u00e9 que chova menos nos pr\u00f3ximos meses e que o ambiente siga mais quente.<\/p>\n<p>\u201cA primavera ainda n\u00e3o \u00e9 \u00e9poca de muita chuva sobre o Amazonas e a tend\u00eancia \u00e9 de que chova menos do que o normal\u201d, informa em nota sobre o clima na regi\u00e3o Norte.<\/p>\n<p>Por conta do calor, o governo do Amazonas decretou em 12 de setembro a situa\u00e7\u00e3o de emerg\u00eancia ambiental em munic\u00edpios das regi\u00f5es sul do Amazonas e metropolitana de Manaus.<\/p>\n<p>Segundo levantamento feito pela Defesa Civil estadual, dez munic\u00edpios j\u00e1 declararam situa\u00e7\u00e3o de emerg\u00eancia. Outras 17 cidades est\u00e3o em alerta e outras 25, em aten\u00e7\u00e3o.<\/p>\n<\/div>\n<div id=\"ads-banner-1\">\n<div id=\"mid2\" data-google-query-id=\"CN3Iw5qXvoEDFWBF3QIdOwcCEw\">\n<div class=\"teads-inread sm-screen\">\n<div style=\"text-align: justify;\"><\/div>\n<\/div>\n<\/div>\n<\/div>\n","protected":false},"excerpt":{"rendered":"<p>O n\u00famero de\u00a0focos de inc\u00eandio detectados no estado do Amazonas\u00a0j\u00e1 superara a m\u00e9dia hist\u00f3rica para meses setembro, mesmo antes de o m\u00eas terminar. A informa\u00e7\u00e3o \u00e9 com base nos dados do Instituto Nacional de Pesquisas Espaciais (Inpe), analisados pela\u00a0CNN Brasil. At\u00e9 o dia 19 de setembro foram registrados 5.186 focos de inc\u00eandio, 72,6% a mais [&hellip;]<\/p>\n","protected":false},"author":1,"featured_media":57434,"comment_status":"closed","ping_status":"open","sticky":false,"template":"","format":"standard","meta":{"_uag_custom_page_level_css":"","_monsterinsights_skip_tracking":false,"_monsterinsights_sitenote_active":false,"_monsterinsights_sitenote_note":"","_monsterinsights_sitenote_category":0,"jetpack_post_was_ever_published":false,"_jetpack_newsletter_access":"","_jetpack_dont_email_post_to_subs":false,"_jetpack_newsletter_tier_id":0,"_jetpack_memberships_contains_paywalled_content":false,"_jetpack_memberships_contains_paid_content":false,"footnotes":"","jetpack_publicize_message":"","jetpack_publicize_feature_enabled":true,"jetpack_social_post_already_shared":true,"jetpack_social_options":{"image_generator_settings":{"template":"highway","default_image_id":0,"font":"","enabled":false},"version":2}},"categories":[203],"tags":[],"class_list":["post-57433","post","type-post","status-publish","format-standard","has-post-thumbnail","hentry","category-juazeiro"],"jetpack_publicize_connections":[],"jetpack_featured_media_url":"https:\/\/blogopara.com.br\/wp-content\/uploads\/2023\/09\/transferir.jpg","uagb_featured_image_src":{"full":["https:\/\/blogopara.com.br\/wp-content\/uploads\/2023\/09\/transferir.jpg",400,237,false],"thumbnail":["https:\/\/blogopara.com.br\/wp-content\/uploads\/2023\/09\/transferir-150x150.jpg",150,150,true],"medium":["https:\/\/blogopara.com.br\/wp-content\/uploads\/2023\/09\/transferir-300x178.jpg",300,178,true],"medium_large":["https:\/\/blogopara.com.br\/wp-content\/uploads\/2023\/09\/transferir.jpg",400,237,false],"large":["https:\/\/blogopara.com.br\/wp-content\/uploads\/2023\/09\/transferir.jpg",400,237,false],"1536x1536":["https:\/\/blogopara.com.br\/wp-content\/uploads\/2023\/09\/transferir.jpg",400,237,false],"2048x2048":["https:\/\/blogopara.com.br\/wp-content\/uploads\/2023\/09\/transferir.jpg",400,237,false],"mantranews-slider-large":["https:\/\/blogopara.com.br\/wp-content\/uploads\/2023\/09\/transferir.jpg",400,237,false],"mantranews-featured-medium":["https:\/\/blogopara.com.br\/wp-content\/uploads\/2023\/09\/transferir.jpg",400,237,false],"mantranews-featured-long":["https:\/\/blogopara.com.br\/wp-content\/uploads\/2023\/09\/transferir-300x237.jpg",300,237,true],"mantranews-block-medium":["https:\/\/blogopara.com.br\/wp-content\/uploads\/2023\/09\/transferir.jpg",400,237,false],"mantranews-carousel-image":["https:\/\/blogopara.com.br\/wp-content\/uploads\/2023\/09\/transferir.jpg",400,237,false],"mantranews-block-thumb":["https:\/\/blogopara.com.br\/wp-content\/uploads\/2023\/09\/transferir-322x230.jpg",322,230,true],"mantranews-single-large":["https:\/\/blogopara.com.br\/wp-content\/uploads\/2023\/09\/transferir.jpg",400,237,false]},"uagb_author_info":{"display_name":"Reda\u00e7\u00e3o geral","author_link":"https:\/\/blogopara.com.br\/index.php\/author\/blogopara"},"uagb_comment_info":0,"uagb_excerpt":"O n\u00famero de\u00a0focos de inc\u00eandio detectados no estado do Amazonas\u00a0j\u00e1 superara a m\u00e9dia hist\u00f3rica para meses setembro, mesmo antes de o m\u00eas terminar. A informa\u00e7\u00e3o \u00e9 com base nos dados do Instituto Nacional de Pesquisas Espaciais (Inpe), analisados pela\u00a0CNN Brasil. At\u00e9 o dia 19 de setembro foram registrados 5.186 focos de inc\u00eandio, 72,6% a mais&hellip;","jetpack_sharing_enabled":true,"jetpack_likes_enabled":true,"_links":{"self":[{"href":"https:\/\/blogopara.com.br\/index.php\/wp-json\/wp\/v2\/posts\/57433","targetHints":{"allow":["GET"]}}],"collection":[{"href":"https:\/\/blogopara.com.br\/index.php\/wp-json\/wp\/v2\/posts"}],"about":[{"href":"https:\/\/blogopara.com.br\/index.php\/wp-json\/wp\/v2\/types\/post"}],"author":[{"embeddable":true,"href":"https:\/\/blogopara.com.br\/index.php\/wp-json\/wp\/v2\/users\/1"}],"replies":[{"embeddable":true,"href":"https:\/\/blogopara.com.br\/index.php\/wp-json\/wp\/v2\/comments?post=57433"}],"version-history":[{"count":2,"href":"https:\/\/blogopara.com.br\/index.php\/wp-json\/wp\/v2\/posts\/57433\/revisions"}],"predecessor-version":[{"id":57437,"href":"https:\/\/blogopara.com.br\/index.php\/wp-json\/wp\/v2\/posts\/57433\/revisions\/57437"}],"wp:featuredmedia":[{"embeddable":true,"href":"https:\/\/blogopara.com.br\/index.php\/wp-json\/wp\/v2\/media\/57434"}],"wp:attachment":[{"href":"https:\/\/blogopara.com.br\/index.php\/wp-json\/wp\/v2\/media?parent=57433"}],"wp:term":[{"taxonomy":"category","embeddable":true,"href":"https:\/\/blogopara.com.br\/index.php\/wp-json\/wp\/v2\/categories?post=57433"},{"taxonomy":"post_tag","embeddable":true,"href":"https:\/\/blogopara.com.br\/index.php\/wp-json\/wp\/v2\/tags?post=57433"}],"curies":[{"name":"wp","href":"https:\/\/api.w.org\/{rel}","templated":true}]}}