{"id":57465,"date":"2023-09-23T11:22:00","date_gmt":"2023-09-23T14:22:00","guid":{"rendered":"https:\/\/blogopara.com.br\/?p=57465"},"modified":"2023-09-22T20:24:09","modified_gmt":"2023-09-22T23:24:09","slug":"prefeitura-de-juazeiro-leva-o-aps-itinerante-para-o-bairro-alto-da-maravilha-neste-domingo-24","status":"publish","type":"post","link":"https:\/\/blogopara.com.br\/index.php\/2023\/09\/23\/prefeitura-de-juazeiro-leva-o-aps-itinerante-para-o-bairro-alto-da-maravilha-neste-domingo-24","title":{"rendered":"Prefeitura de Juazeiro leva o APS Itinerante para o bairro Alto da Maravilha neste domingo (24)"},"content":{"rendered":"<p style=\"text-align: justify;\">O bairro Alto da Maravilha receber\u00e1, neste domingo (24), mais uma edi\u00e7\u00e3o do \u201cAPS Itinerante\u201d. O programa que est\u00e1 em sua 6\u00aa edi\u00e7\u00e3o, \u00e9 uma iniciativa da Prefeitura de Juazeiro, atrav\u00e9s da Secretaria de Sa\u00fade (Sesau), que leva mais servi\u00e7os de sa\u00fade para as comunidades.<br aria-hidden=\"true\" \/><br aria-hidden=\"true\" \/>A prefeita Suzana Ramos tem intensificado as a\u00e7\u00f5es em v\u00e1rios bairros da sede e no interior para suprir as demandas por consultas e exames especializados e assim reduzir a espera da popula\u00e7\u00e3o. &#8220;\u00c9 com muita felicidade que anunciamos mais uma edi\u00e7\u00e3o do APS Itinerante. Temos nos esfor\u00e7ado junto com os nossos profissionais da sa\u00fade para atender aos anseios da popula\u00e7\u00e3o por mais consultas e exames e estamos conseguindo com a realiza\u00e7\u00e3o de a\u00e7\u00f5es como o APS Itinerante, Sa\u00fade em Movimentos, Mutir\u00f5es de Sa\u00fade, entre outras a\u00e7\u00f5es&#8221;, ressaltou a prefeita.<br aria-hidden=\"true\" \/><br aria-hidden=\"true\" \/>A a\u00e7\u00e3o no Alto da Maravilha vai contar com a oferta de consultas com Pediatra, Gastroenterologista, Endocrinologista, Cardiologista e Ortopedista. Atendimento odontol\u00f3gico da Unidade B\u00e1sica de Sa\u00fade e o refor\u00e7o da Unidade M\u00f3vel Odontol\u00f3gica, al\u00e9m de vacina\u00e7\u00e3o contra a Covid-19 e Influenza, aferi\u00e7\u00e3o de press\u00e3o e teste de glicemia.<br aria-hidden=\"true\" \/><br aria-hidden=\"true\" \/>O secret\u00e1rio de sa\u00fade explica que o APS vem num formato mais compacto e por isso tem mais efetividade. &#8220;Os atendimentos s\u00e3o previamente agendados com os pacientes da unidade. A gest\u00e3o avalia quais servi\u00e7os com mais demanda na localidade e faz os agendamentos&#8221;, explicou.<br aria-hidden=\"true\" \/><br aria-hidden=\"true\" \/><br aria-hidden=\"true\" \/>Os atendimentos iniciam \u00e0s 8h e os pacientes devem levar documento oficial com foto, CPF ou Cart\u00e3o SUS para ter acesso aos servi\u00e7os.<\/p>\n","protected":false},"excerpt":{"rendered":"<p>O bairro Alto da Maravilha receber\u00e1, neste domingo (24), mais uma edi\u00e7\u00e3o do \u201cAPS Itinerante\u201d. O programa que est\u00e1 em sua 6\u00aa edi\u00e7\u00e3o, \u00e9 uma iniciativa da Prefeitura de Juazeiro, atrav\u00e9s da Secretaria de Sa\u00fade (Sesau), que leva mais servi\u00e7os de sa\u00fade para as comunidades.A prefeita Suzana Ramos tem intensificado as a\u00e7\u00f5es em v\u00e1rios bairros [&hellip;]<\/p>\n","protected":false},"author":1,"featured_media":0,"comment_status":"closed","ping_status":"open","sticky":false,"template":"","format":"standard","meta":{"_uag_custom_page_level_css":"","_monsterinsights_skip_tracking":false,"_monsterinsights_sitenote_active":false,"_monsterinsights_sitenote_note":"","_monsterinsights_sitenote_category":0,"jetpack_post_was_ever_published":false,"_jetpack_newsletter_access":"","_jetpack_dont_email_post_to_subs":false,"_jetpack_newsletter_tier_id":0,"_jetpack_memberships_contains_paywalled_content":false,"_jetpack_memberships_contains_paid_content":false,"footnotes":"","jetpack_publicize_message":"","jetpack_publicize_feature_enabled":true,"jetpack_social_post_already_shared":true,"jetpack_social_options":{"image_generator_settings":{"template":"highway","default_image_id":0,"font":"","enabled":false},"version":2}},"categories":[203],"tags":[],"class_list":["post-57465","post","type-post","status-publish","format-standard","hentry","category-juazeiro"],"jetpack_publicize_connections":[],"jetpack_featured_media_url":"","uagb_featured_image_src":{"full":false,"thumbnail":false,"medium":false,"medium_large":false,"large":false,"1536x1536":false,"2048x2048":false,"mantranews-slider-large":false,"mantranews-featured-medium":false,"mantranews-featured-long":false,"mantranews-block-medium":false,"mantranews-carousel-image":false,"mantranews-block-thumb":false,"mantranews-single-large":false},"uagb_author_info":{"display_name":"Reda\u00e7\u00e3o geral","author_link":"https:\/\/blogopara.com.br\/index.php\/author\/blogopara"},"uagb_comment_info":0,"uagb_excerpt":"O bairro Alto da Maravilha receber\u00e1, neste domingo (24), mais uma edi\u00e7\u00e3o do \u201cAPS Itinerante\u201d. O programa que est\u00e1 em sua 6\u00aa edi\u00e7\u00e3o, \u00e9 uma iniciativa da Prefeitura de Juazeiro, atrav\u00e9s da Secretaria de Sa\u00fade (Sesau), que leva mais servi\u00e7os de sa\u00fade para as comunidades.A prefeita Suzana Ramos tem intensificado as a\u00e7\u00f5es em v\u00e1rios bairros&hellip;","jetpack_sharing_enabled":true,"jetpack_likes_enabled":true,"_links":{"self":[{"href":"https:\/\/blogopara.com.br\/index.php\/wp-json\/wp\/v2\/posts\/57465","targetHints":{"allow":["GET"]}}],"collection":[{"href":"https:\/\/blogopara.com.br\/index.php\/wp-json\/wp\/v2\/posts"}],"about":[{"href":"https:\/\/blogopara.com.br\/index.php\/wp-json\/wp\/v2\/types\/post"}],"author":[{"embeddable":true,"href":"https:\/\/blogopara.com.br\/index.php\/wp-json\/wp\/v2\/users\/1"}],"replies":[{"embeddable":true,"href":"https:\/\/blogopara.com.br\/index.php\/wp-json\/wp\/v2\/comments?post=57465"}],"version-history":[{"count":1,"href":"https:\/\/blogopara.com.br\/index.php\/wp-json\/wp\/v2\/posts\/57465\/revisions"}],"predecessor-version":[{"id":57466,"href":"https:\/\/blogopara.com.br\/index.php\/wp-json\/wp\/v2\/posts\/57465\/revisions\/57466"}],"wp:attachment":[{"href":"https:\/\/blogopara.com.br\/index.php\/wp-json\/wp\/v2\/media?parent=57465"}],"wp:term":[{"taxonomy":"category","embeddable":true,"href":"https:\/\/blogopara.com.br\/index.php\/wp-json\/wp\/v2\/categories?post=57465"},{"taxonomy":"post_tag","embeddable":true,"href":"https:\/\/blogopara.com.br\/index.php\/wp-json\/wp\/v2\/tags?post=57465"}],"curies":[{"name":"wp","href":"https:\/\/api.w.org\/{rel}","templated":true}]}}