{"id":57475,"date":"2023-09-23T17:32:41","date_gmt":"2023-09-23T20:32:41","guid":{"rendered":"https:\/\/blogopara.com.br\/?p=57475"},"modified":"2023-09-23T17:33:12","modified_gmt":"2023-09-23T20:33:12","slug":"cicom-e-9-bbm-realizam-reuniao-de-alinhamento-operacional","status":"publish","type":"post","link":"https:\/\/blogopara.com.br\/index.php\/2023\/09\/23\/cicom-e-9-bbm-realizam-reuniao-de-alinhamento-operacional","title":{"rendered":"CICOM e 9\u00b0 BBM realizam reuni\u00e3o de alinhamento operacional."},"content":{"rendered":"<p style=\"text-align: justify;\">Na \u00faltima sexta-feira (22), ocorreu um importante encontro entre a Coordena\u00e7\u00e3o do Centro Integrado Comunica\u00e7\u00e3o de Juazeiro (CICOM\/Caatinga) e o 9\u00b0 Batalh\u00e3o de Bombeiros Militar (9\u00b0 BBM).<\/p>\n<p style=\"text-align: justify;\">A reuni\u00e3o ocorreu na sede do batalh\u00e3o, presentes ao evento estavam o Comandante da unidade, Tenente-Coronel BM Tarc\u00edsio, acompanhado do Subcomandante, Major BM Jo\u00e3o Daniel, e a Capit\u00e3 BM Shirley, respondendo pela Coordena\u00e7\u00e3o Operacional, al\u00e9m dos Comandantes de Prontid\u00e3o do servi\u00e7o operacional do batalh\u00e3o.<\/p>\n<p style=\"text-align: justify;\">O Major PM Ricardo Souza e o Subtenente PM R\/R Estanislau Lima e Silva, respectivamente, Coordenador e Subcoordenador do CICOM\/Caatinga, bem como os operadores da Mesa Teledespacho BM, explicitaram acerca das nuances do processo operativo do lan\u00e7amento e atendimento das demandas que chegam naquela central pelo acionamento do n\u00famero de emerg\u00eancia 193.<\/p>\n<p style=\"text-align: justify;\">Da mesma forma, o 9\u00b0 BBM discorreu sobre o atendimento das ocorr\u00eancias por parte da unidade bombeiro militar.<\/p>\n<p style=\"text-align: justify;\">Assim, o objetivo principal da reuni\u00e3o foi uma intera\u00e7\u00e3o maior das partes, buscar identificar os gargalos operacionais e a consequente supera\u00e7\u00e3o dos \u00f3bices em geral, mantendo o atendimento de excel\u00eancia para a resolu\u00e7\u00e3o das demandas da nossa popula\u00e7\u00e3o.<\/p>\n<p style=\"text-align: justify;\">Nota: A Central de Bombeiros funciona 24 horas, e voc\u00ea pode acion\u00e1-la pelo n\u00famero 193.<\/p>\n","protected":false},"excerpt":{"rendered":"<p>Na \u00faltima sexta-feira (22), ocorreu um importante encontro entre a Coordena\u00e7\u00e3o do Centro Integrado Comunica\u00e7\u00e3o de Juazeiro (CICOM\/Caatinga) e o 9\u00b0 Batalh\u00e3o de Bombeiros Militar (9\u00b0 BBM). A reuni\u00e3o ocorreu na sede do batalh\u00e3o, presentes ao evento estavam o Comandante da unidade, Tenente-Coronel BM Tarc\u00edsio, acompanhado do Subcomandante, Major BM Jo\u00e3o Daniel, e a Capit\u00e3 [&hellip;]<\/p>\n","protected":false},"author":1,"featured_media":57476,"comment_status":"closed","ping_status":"open","sticky":false,"template":"","format":"standard","meta":{"_uag_custom_page_level_css":"","_monsterinsights_skip_tracking":false,"_monsterinsights_sitenote_active":false,"_monsterinsights_sitenote_note":"","_monsterinsights_sitenote_category":0,"jetpack_post_was_ever_published":false,"_jetpack_newsletter_access":"","_jetpack_dont_email_post_to_subs":false,"_jetpack_newsletter_tier_id":0,"_jetpack_memberships_contains_paywalled_content":false,"_jetpack_memberships_contains_paid_content":false,"footnotes":"","jetpack_publicize_message":"","jetpack_publicize_feature_enabled":true,"jetpack_social_post_already_shared":true,"jetpack_social_options":{"image_generator_settings":{"template":"highway","default_image_id":0,"font":"","enabled":false},"version":2}},"categories":[201],"tags":[],"class_list":["post-57475","post","type-post","status-publish","format-standard","has-post-thumbnail","hentry","category-bombeiro"],"jetpack_publicize_connections":[],"jetpack_featured_media_url":"https:\/\/blogopara.com.br\/wp-content\/uploads\/2023\/09\/d6e1370b-46ee-412a-a77c-18ce19064856.jpg","uagb_featured_image_src":{"full":["https:\/\/blogopara.com.br\/wp-content\/uploads\/2023\/09\/d6e1370b-46ee-412a-a77c-18ce19064856.jpg",500,375,false],"thumbnail":["https:\/\/blogopara.com.br\/wp-content\/uploads\/2023\/09\/d6e1370b-46ee-412a-a77c-18ce19064856-150x150.jpg",150,150,true],"medium":["https:\/\/blogopara.com.br\/wp-content\/uploads\/2023\/09\/d6e1370b-46ee-412a-a77c-18ce19064856-300x225.jpg",300,225,true],"medium_large":["https:\/\/blogopara.com.br\/wp-content\/uploads\/2023\/09\/d6e1370b-46ee-412a-a77c-18ce19064856.jpg",500,375,false],"large":["https:\/\/blogopara.com.br\/wp-content\/uploads\/2023\/09\/d6e1370b-46ee-412a-a77c-18ce19064856.jpg",500,375,false],"1536x1536":["https:\/\/blogopara.com.br\/wp-content\/uploads\/2023\/09\/d6e1370b-46ee-412a-a77c-18ce19064856.jpg",500,375,false],"2048x2048":["https:\/\/blogopara.com.br\/wp-content\/uploads\/2023\/09\/d6e1370b-46ee-412a-a77c-18ce19064856.jpg",500,375,false],"mantranews-slider-large":["https:\/\/blogopara.com.br\/wp-content\/uploads\/2023\/09\/d6e1370b-46ee-412a-a77c-18ce19064856.jpg",500,375,false],"mantranews-featured-medium":["https:\/\/blogopara.com.br\/wp-content\/uploads\/2023\/09\/d6e1370b-46ee-412a-a77c-18ce19064856-420x307.jpg",420,307,true],"mantranews-featured-long":["https:\/\/blogopara.com.br\/wp-content\/uploads\/2023\/09\/d6e1370b-46ee-412a-a77c-18ce19064856-300x375.jpg",300,375,true],"mantranews-block-medium":["https:\/\/blogopara.com.br\/wp-content\/uploads\/2023\/09\/d6e1370b-46ee-412a-a77c-18ce19064856-464x290.jpg",464,290,true],"mantranews-carousel-image":["https:\/\/blogopara.com.br\/wp-content\/uploads\/2023\/09\/d6e1370b-46ee-412a-a77c-18ce19064856.jpg",500,375,false],"mantranews-block-thumb":["https:\/\/blogopara.com.br\/wp-content\/uploads\/2023\/09\/d6e1370b-46ee-412a-a77c-18ce19064856-322x230.jpg",322,230,true],"mantranews-single-large":["https:\/\/blogopara.com.br\/wp-content\/uploads\/2023\/09\/d6e1370b-46ee-412a-a77c-18ce19064856.jpg",500,375,false]},"uagb_author_info":{"display_name":"Reda\u00e7\u00e3o geral","author_link":"https:\/\/blogopara.com.br\/index.php\/author\/blogopara"},"uagb_comment_info":0,"uagb_excerpt":"Na \u00faltima sexta-feira (22), ocorreu um importante encontro entre a Coordena\u00e7\u00e3o do Centro Integrado Comunica\u00e7\u00e3o de Juazeiro (CICOM\/Caatinga) e o 9\u00b0 Batalh\u00e3o de Bombeiros Militar (9\u00b0 BBM). A reuni\u00e3o ocorreu na sede do batalh\u00e3o, presentes ao evento estavam o Comandante da unidade, Tenente-Coronel BM Tarc\u00edsio, acompanhado do Subcomandante, Major BM Jo\u00e3o Daniel, e a Capit\u00e3&hellip;","jetpack_sharing_enabled":true,"jetpack_likes_enabled":true,"_links":{"self":[{"href":"https:\/\/blogopara.com.br\/index.php\/wp-json\/wp\/v2\/posts\/57475","targetHints":{"allow":["GET"]}}],"collection":[{"href":"https:\/\/blogopara.com.br\/index.php\/wp-json\/wp\/v2\/posts"}],"about":[{"href":"https:\/\/blogopara.com.br\/index.php\/wp-json\/wp\/v2\/types\/post"}],"author":[{"embeddable":true,"href":"https:\/\/blogopara.com.br\/index.php\/wp-json\/wp\/v2\/users\/1"}],"replies":[{"embeddable":true,"href":"https:\/\/blogopara.com.br\/index.php\/wp-json\/wp\/v2\/comments?post=57475"}],"version-history":[{"count":2,"href":"https:\/\/blogopara.com.br\/index.php\/wp-json\/wp\/v2\/posts\/57475\/revisions"}],"predecessor-version":[{"id":57478,"href":"https:\/\/blogopara.com.br\/index.php\/wp-json\/wp\/v2\/posts\/57475\/revisions\/57478"}],"wp:featuredmedia":[{"embeddable":true,"href":"https:\/\/blogopara.com.br\/index.php\/wp-json\/wp\/v2\/media\/57476"}],"wp:attachment":[{"href":"https:\/\/blogopara.com.br\/index.php\/wp-json\/wp\/v2\/media?parent=57475"}],"wp:term":[{"taxonomy":"category","embeddable":true,"href":"https:\/\/blogopara.com.br\/index.php\/wp-json\/wp\/v2\/categories?post=57475"},{"taxonomy":"post_tag","embeddable":true,"href":"https:\/\/blogopara.com.br\/index.php\/wp-json\/wp\/v2\/tags?post=57475"}],"curies":[{"name":"wp","href":"https:\/\/api.w.org\/{rel}","templated":true}]}}