{"id":57481,"date":"2023-09-25T08:28:00","date_gmt":"2023-09-25T11:28:00","guid":{"rendered":"https:\/\/blogopara.com.br\/?p=57481"},"modified":"2023-09-24T08:31:09","modified_gmt":"2023-09-24T11:31:09","slug":"soldados-temporarios-do-corpo-de-bombeiros-militar-tomam-posse-em-rondonia","status":"publish","type":"post","link":"https:\/\/blogopara.com.br\/index.php\/2023\/09\/25\/soldados-temporarios-do-corpo-de-bombeiros-militar-tomam-posse-em-rondonia","title":{"rendered":"Soldados tempor\u00e1rios do Corpo de Bombeiros Militar tomam posse em Rond\u00f4nia"},"content":{"rendered":"<p style=\"text-align: justify;\">Os 108 novos soldados tempor\u00e1rios do Corpo de Bombeiros Militar de Rond\u00f4nia \u2013 CBMRO foram empossados pelo Governo de Rond\u00f4nia ap\u00f3s a publica\u00e7\u00e3o do Termo de Posse no Di\u00e1rio Oficial do Estado \u2013\u00a0<a role=\"link\" href=\"https:\/\/rondonia.ro.gov.br\/wp-content\/uploads\/2023\/09\/BMRO-posse.pdf\" target=\"_blank\" rel=\"noopener\">DIOF<\/a>. Agora j\u00e1 est\u00e3o aptos a iniciar as atividades operacionais nos 15 quart\u00e9is existentes no Estado.<\/p>\n<p style=\"text-align: justify;\">Para o governador Marcos Rocha, mais uma vez o Estado est\u00e1 inovando. \u201cSomos um dos pioneiros a realizar certame p\u00fablico para a contrata\u00e7\u00e3o de militares tempor\u00e1rios estaduais, a exemplo do Rio de Janeiro. \u00c9 uma inova\u00e7\u00e3o positiva para melhor atender a nossa popula\u00e7\u00e3o\u201d, pontuou.<\/p>\n<p style=\"text-align: justify;\">O comandante-geral do CBMRO, coronel BM Nivaldo de Azevedo Ferreira parabenizou os novos bombeiros pela conquista. \u201cOs novos militares tempor\u00e1rios ir\u00e3o refor\u00e7ar, consideravelmente, o efetivo ativo da corpora\u00e7\u00e3o.\u00a0 Conforme estabelecido na Lei espec\u00edfica, os militares tempor\u00e1rios ir\u00e3o executar somente as atividades fins da Corpora\u00e7\u00e3o, sendo devidamente empregados nas guarni\u00e7\u00f5es de servi\u00e7o, visando ampliar o atendimento \u00e0 popula\u00e7\u00e3o rondoniense\u201d, esclareceu.<\/p>\n<p style=\"text-align: justify;\">Orlando Abrahim Freire foi o primeiro colocado no curso de forma\u00e7\u00e3o. Lotado em Porto Velho, o rec\u00e9m-empossado bombeiro militar tempor\u00e1rio est\u00e1 empolgado para come\u00e7ar a trabalhar. \u201cDesde o come\u00e7o n\u00f3s sab\u00edamos que n\u00e3o seria uma caminhada f\u00e1cil, mas agora vamos poder trabalhar e aplicar tudo que aprendemos para servir a popula\u00e7\u00e3o\u201d, ressaltou.<\/p>\n<p style=\"text-align: justify;\">CURSO DE FORMA\u00c7\u00c3O<\/p>\n<p style=\"text-align: justify;\">O curso de forma\u00e7\u00e3o de soldados tempor\u00e1rios do CBMRO durou tr\u00eas meses e foi realizado no per\u00edodo de 12 de junho a 11 de setembro de 2023. No total, 112 alunos foram classificados no Processo Seletivo realizado, sendo que, 108 alunos conclu\u00edram o curso com \u00eaxito. O planejamento pedag\u00f3gico do curso foi composto por v\u00e1rias disciplinas espec\u00edficas das atividades realizadas pelo Corpo de Bombeiros Militar de Rond\u00f4nia, totalizando 960 horas aulas.<\/p>\n<p style=\"text-align: justify;\">ESTRUTURA<\/p>\n<p style=\"text-align: justify;\">Com o refor\u00e7o operacional no efetivo, o CBMRO estar\u00e1 inaugurando mais duas unidades no Estado, sendo uma no dia 27 de setembro, no munic\u00edpio de S\u00e3o Miguel do Guapor\u00e9 e a previs\u00e3o de uma unidade no final de outubro, em Colorado do Oeste, passando assim, de 15 unidades para 17 em todo Estado.<\/p>\n","protected":false},"excerpt":{"rendered":"<p>Os 108 novos soldados tempor\u00e1rios do Corpo de Bombeiros Militar de Rond\u00f4nia \u2013 CBMRO foram empossados pelo Governo de Rond\u00f4nia ap\u00f3s a publica\u00e7\u00e3o do Termo de Posse no Di\u00e1rio Oficial do Estado \u2013\u00a0DIOF. Agora j\u00e1 est\u00e3o aptos a iniciar as atividades operacionais nos 15 quart\u00e9is existentes no Estado. Para o governador Marcos Rocha, mais uma [&hellip;]<\/p>\n","protected":false},"author":1,"featured_media":57482,"comment_status":"closed","ping_status":"open","sticky":false,"template":"","format":"standard","meta":{"_uag_custom_page_level_css":"","_monsterinsights_skip_tracking":false,"_monsterinsights_sitenote_active":false,"_monsterinsights_sitenote_note":"","_monsterinsights_sitenote_category":0,"jetpack_post_was_ever_published":false,"_jetpack_newsletter_access":"","_jetpack_dont_email_post_to_subs":false,"_jetpack_newsletter_tier_id":0,"_jetpack_memberships_contains_paywalled_content":false,"_jetpack_memberships_contains_paid_content":false,"footnotes":"","jetpack_publicize_message":"","jetpack_publicize_feature_enabled":true,"jetpack_social_post_already_shared":true,"jetpack_social_options":{"image_generator_settings":{"template":"highway","default_image_id":0,"font":"","enabled":false},"version":2}},"categories":[201],"tags":[11062],"class_list":["post-57481","post","type-post","status-publish","format-standard","has-post-thumbnail","hentry","category-bombeiro","tag-bombeiros-temporarios"],"jetpack_publicize_connections":[],"jetpack_featured_media_url":"https:\/\/blogopara.com.br\/wp-content\/uploads\/2023\/09\/Novos-bombeiros-temporarios-foto-Geanderson-CBM.jpg","uagb_featured_image_src":{"full":["https:\/\/blogopara.com.br\/wp-content\/uploads\/2023\/09\/Novos-bombeiros-temporarios-foto-Geanderson-CBM.jpg",500,333,false],"thumbnail":["https:\/\/blogopara.com.br\/wp-content\/uploads\/2023\/09\/Novos-bombeiros-temporarios-foto-Geanderson-CBM-150x150.jpg",150,150,true],"medium":["https:\/\/blogopara.com.br\/wp-content\/uploads\/2023\/09\/Novos-bombeiros-temporarios-foto-Geanderson-CBM-300x200.jpg",300,200,true],"medium_large":["https:\/\/blogopara.com.br\/wp-content\/uploads\/2023\/09\/Novos-bombeiros-temporarios-foto-Geanderson-CBM.jpg",500,333,false],"large":["https:\/\/blogopara.com.br\/wp-content\/uploads\/2023\/09\/Novos-bombeiros-temporarios-foto-Geanderson-CBM.jpg",500,333,false],"1536x1536":["https:\/\/blogopara.com.br\/wp-content\/uploads\/2023\/09\/Novos-bombeiros-temporarios-foto-Geanderson-CBM.jpg",500,333,false],"2048x2048":["https:\/\/blogopara.com.br\/wp-content\/uploads\/2023\/09\/Novos-bombeiros-temporarios-foto-Geanderson-CBM.jpg",500,333,false],"mantranews-slider-large":["https:\/\/blogopara.com.br\/wp-content\/uploads\/2023\/09\/Novos-bombeiros-temporarios-foto-Geanderson-CBM.jpg",500,333,false],"mantranews-featured-medium":["https:\/\/blogopara.com.br\/wp-content\/uploads\/2023\/09\/Novos-bombeiros-temporarios-foto-Geanderson-CBM-420x307.jpg",420,307,true],"mantranews-featured-long":["https:\/\/blogopara.com.br\/wp-content\/uploads\/2023\/09\/Novos-bombeiros-temporarios-foto-Geanderson-CBM-300x333.jpg",300,333,true],"mantranews-block-medium":["https:\/\/blogopara.com.br\/wp-content\/uploads\/2023\/09\/Novos-bombeiros-temporarios-foto-Geanderson-CBM-464x290.jpg",464,290,true],"mantranews-carousel-image":["https:\/\/blogopara.com.br\/wp-content\/uploads\/2023\/09\/Novos-bombeiros-temporarios-foto-Geanderson-CBM.jpg",500,333,false],"mantranews-block-thumb":["https:\/\/blogopara.com.br\/wp-content\/uploads\/2023\/09\/Novos-bombeiros-temporarios-foto-Geanderson-CBM-322x230.jpg",322,230,true],"mantranews-single-large":["https:\/\/blogopara.com.br\/wp-content\/uploads\/2023\/09\/Novos-bombeiros-temporarios-foto-Geanderson-CBM.jpg",500,333,false]},"uagb_author_info":{"display_name":"Reda\u00e7\u00e3o geral","author_link":"https:\/\/blogopara.com.br\/index.php\/author\/blogopara"},"uagb_comment_info":0,"uagb_excerpt":"Os 108 novos soldados tempor\u00e1rios do Corpo de Bombeiros Militar de Rond\u00f4nia \u2013 CBMRO foram empossados pelo Governo de Rond\u00f4nia ap\u00f3s a publica\u00e7\u00e3o do Termo de Posse no Di\u00e1rio Oficial do Estado \u2013\u00a0DIOF. Agora j\u00e1 est\u00e3o aptos a iniciar as atividades operacionais nos 15 quart\u00e9is existentes no Estado. Para o governador Marcos Rocha, mais uma&hellip;","jetpack_sharing_enabled":true,"jetpack_likes_enabled":true,"_links":{"self":[{"href":"https:\/\/blogopara.com.br\/index.php\/wp-json\/wp\/v2\/posts\/57481","targetHints":{"allow":["GET"]}}],"collection":[{"href":"https:\/\/blogopara.com.br\/index.php\/wp-json\/wp\/v2\/posts"}],"about":[{"href":"https:\/\/blogopara.com.br\/index.php\/wp-json\/wp\/v2\/types\/post"}],"author":[{"embeddable":true,"href":"https:\/\/blogopara.com.br\/index.php\/wp-json\/wp\/v2\/users\/1"}],"replies":[{"embeddable":true,"href":"https:\/\/blogopara.com.br\/index.php\/wp-json\/wp\/v2\/comments?post=57481"}],"version-history":[{"count":1,"href":"https:\/\/blogopara.com.br\/index.php\/wp-json\/wp\/v2\/posts\/57481\/revisions"}],"predecessor-version":[{"id":57483,"href":"https:\/\/blogopara.com.br\/index.php\/wp-json\/wp\/v2\/posts\/57481\/revisions\/57483"}],"wp:featuredmedia":[{"embeddable":true,"href":"https:\/\/blogopara.com.br\/index.php\/wp-json\/wp\/v2\/media\/57482"}],"wp:attachment":[{"href":"https:\/\/blogopara.com.br\/index.php\/wp-json\/wp\/v2\/media?parent=57481"}],"wp:term":[{"taxonomy":"category","embeddable":true,"href":"https:\/\/blogopara.com.br\/index.php\/wp-json\/wp\/v2\/categories?post=57481"},{"taxonomy":"post_tag","embeddable":true,"href":"https:\/\/blogopara.com.br\/index.php\/wp-json\/wp\/v2\/tags?post=57481"}],"curies":[{"name":"wp","href":"https:\/\/api.w.org\/{rel}","templated":true}]}}