{"id":57484,"date":"2023-09-25T18:31:00","date_gmt":"2023-09-25T21:31:00","guid":{"rendered":"https:\/\/blogopara.com.br\/?p=57484"},"modified":"2023-09-24T19:01:44","modified_gmt":"2023-09-24T22:01:44","slug":"gestao-suzana-ramos-anuncia-reforma-da-ubs-jardim-primavera","status":"publish","type":"post","link":"https:\/\/blogopara.com.br\/index.php\/2023\/09\/25\/gestao-suzana-ramos-anuncia-reforma-da-ubs-jardim-primavera","title":{"rendered":"Gest\u00e3o Suzana Ramos anuncia reforma da UBS Jardim primavera\u00a0\u00a0"},"content":{"rendered":"<p style=\"text-align: justify;\">A Prefeitura de Juazeiro, por meio da Secretaria de Sa\u00fade (Sesau), iniciou o processo de licita\u00e7\u00e3o para a requalifica\u00e7\u00e3o da Unidade B\u00e1sica de Sa\u00fade do Jardim Primavera. O aviso de licita\u00e7\u00e3o est\u00e1 publicado no Di\u00e1rio Oficial do Munic\u00edpio (Doem) desta sexta-feira (22) e tem como data para realizar a tomada de pre\u00e7os, o dia 17 de outubro. Atualmente a gest\u00e3o Suzana Ramos tem sete processos de licita\u00e7\u00e3o em andamento para obras de reformas de UBS na zona rural e urbana (Massaroca, Argemiro, Tabuleiro, Vila Jacar\u00e9, Alagadi\u00e7o, Lagoa do Boi e Jardim Primavera)<br aria-hidden=\"true\" \/><br aria-hidden=\"true\" \/>\u201cNossa gest\u00e3o \u00e9 humanizada, por isso nos empenhamos em entregar equipamentos de sa\u00fade com ambientes adequados trazendo mais dignidade, seguran\u00e7a, conforto, acessibilidade, e melhores condi\u00e7\u00f5es de atendimento. Seguimos requalificando as UBS em toda Juazeiro, na sede e no interior. J\u00e1 entregamos mais de 12 unidades totalmente requalificadas, e reativamos mais de 20 consult\u00f3rios odontol\u00f3gicos\u201d ressaltou a prefeita Suzana Ramos.<br aria-hidden=\"true\" \/><br aria-hidden=\"true\" \/>De acordo com o secret\u00e1rio municipal de sa\u00fade, Allan Jones, os projetos de requalifica\u00e7\u00e3o s\u00e3o elaborados de acordo com as necessidades das unidades. \u201cNossas equipes fazem os projetos das obras a partir de estudos que apontam todas as necessidades para que seja poss\u00edvel entregar uma infraestrutura mais segura e com espa\u00e7os adequados para otimizar os atendimentos\u201d disse.<br aria-hidden=\"true\" \/><br aria-hidden=\"true\" \/>O projeto da UBS do Jardim Primavera prev\u00ea medidas para solucionar o problema da cobertura causada por animais externos e trazer seguran\u00e7a e conforto para os usu\u00e1rios e profissionais da unidade. Tamb\u00e9m ser\u00e1 realizada a reestrutura\u00e7\u00e3o das redes hidr\u00e1ulica e el\u00e9trica, pintura, paisagismo, entre outros servi\u00e7os.<\/p>\n","protected":false},"excerpt":{"rendered":"<p>A Prefeitura de Juazeiro, por meio da Secretaria de Sa\u00fade (Sesau), iniciou o processo de licita\u00e7\u00e3o para a requalifica\u00e7\u00e3o da Unidade B\u00e1sica de Sa\u00fade do Jardim Primavera. O aviso de licita\u00e7\u00e3o est\u00e1 publicado no Di\u00e1rio Oficial do Munic\u00edpio (Doem) desta sexta-feira (22) e tem como data para realizar a tomada de pre\u00e7os, o dia 17 [&hellip;]<\/p>\n","protected":false},"author":1,"featured_media":57485,"comment_status":"closed","ping_status":"open","sticky":false,"template":"","format":"standard","meta":{"_uag_custom_page_level_css":"","_monsterinsights_skip_tracking":false,"_monsterinsights_sitenote_active":false,"_monsterinsights_sitenote_note":"","_monsterinsights_sitenote_category":0,"jetpack_post_was_ever_published":false,"_jetpack_newsletter_access":"","_jetpack_dont_email_post_to_subs":false,"_jetpack_newsletter_tier_id":0,"_jetpack_memberships_contains_paywalled_content":false,"_jetpack_memberships_contains_paid_content":false,"footnotes":"","jetpack_publicize_message":"","jetpack_publicize_feature_enabled":true,"jetpack_social_post_already_shared":true,"jetpack_social_options":{"image_generator_settings":{"template":"highway","default_image_id":0,"font":"","enabled":false},"version":2}},"categories":[203],"tags":[595],"class_list":["post-57484","post","type-post","status-publish","format-standard","has-post-thumbnail","hentry","category-juazeiro","tag-allan-jones"],"jetpack_publicize_connections":[],"jetpack_featured_media_url":"https:\/\/blogopara.com.br\/wp-content\/uploads\/2023\/09\/thumbnail_Jardim-Primavera.jpg","uagb_featured_image_src":{"full":["https:\/\/blogopara.com.br\/wp-content\/uploads\/2023\/09\/thumbnail_Jardim-Primavera.jpg",500,229,false],"thumbnail":["https:\/\/blogopara.com.br\/wp-content\/uploads\/2023\/09\/thumbnail_Jardim-Primavera-150x150.jpg",150,150,true],"medium":["https:\/\/blogopara.com.br\/wp-content\/uploads\/2023\/09\/thumbnail_Jardim-Primavera-300x137.jpg",300,137,true],"medium_large":["https:\/\/blogopara.com.br\/wp-content\/uploads\/2023\/09\/thumbnail_Jardim-Primavera.jpg",500,229,false],"large":["https:\/\/blogopara.com.br\/wp-content\/uploads\/2023\/09\/thumbnail_Jardim-Primavera.jpg",500,229,false],"1536x1536":["https:\/\/blogopara.com.br\/wp-content\/uploads\/2023\/09\/thumbnail_Jardim-Primavera.jpg",500,229,false],"2048x2048":["https:\/\/blogopara.com.br\/wp-content\/uploads\/2023\/09\/thumbnail_Jardim-Primavera.jpg",500,229,false],"mantranews-slider-large":["https:\/\/blogopara.com.br\/wp-content\/uploads\/2023\/09\/thumbnail_Jardim-Primavera.jpg",500,229,false],"mantranews-featured-medium":["https:\/\/blogopara.com.br\/wp-content\/uploads\/2023\/09\/thumbnail_Jardim-Primavera-420x229.jpg",420,229,true],"mantranews-featured-long":["https:\/\/blogopara.com.br\/wp-content\/uploads\/2023\/09\/thumbnail_Jardim-Primavera-300x229.jpg",300,229,true],"mantranews-block-medium":["https:\/\/blogopara.com.br\/wp-content\/uploads\/2023\/09\/thumbnail_Jardim-Primavera-464x229.jpg",464,229,true],"mantranews-carousel-image":["https:\/\/blogopara.com.br\/wp-content\/uploads\/2023\/09\/thumbnail_Jardim-Primavera.jpg",500,229,false],"mantranews-block-thumb":["https:\/\/blogopara.com.br\/wp-content\/uploads\/2023\/09\/thumbnail_Jardim-Primavera-322x229.jpg",322,229,true],"mantranews-single-large":["https:\/\/blogopara.com.br\/wp-content\/uploads\/2023\/09\/thumbnail_Jardim-Primavera.jpg",500,229,false]},"uagb_author_info":{"display_name":"Reda\u00e7\u00e3o geral","author_link":"https:\/\/blogopara.com.br\/index.php\/author\/blogopara"},"uagb_comment_info":0,"uagb_excerpt":"A Prefeitura de Juazeiro, por meio da Secretaria de Sa\u00fade (Sesau), iniciou o processo de licita\u00e7\u00e3o para a requalifica\u00e7\u00e3o da Unidade B\u00e1sica de Sa\u00fade do Jardim Primavera. O aviso de licita\u00e7\u00e3o est\u00e1 publicado no Di\u00e1rio Oficial do Munic\u00edpio (Doem) desta sexta-feira (22) e tem como data para realizar a tomada de pre\u00e7os, o dia 17&hellip;","jetpack_sharing_enabled":true,"jetpack_likes_enabled":true,"_links":{"self":[{"href":"https:\/\/blogopara.com.br\/index.php\/wp-json\/wp\/v2\/posts\/57484","targetHints":{"allow":["GET"]}}],"collection":[{"href":"https:\/\/blogopara.com.br\/index.php\/wp-json\/wp\/v2\/posts"}],"about":[{"href":"https:\/\/blogopara.com.br\/index.php\/wp-json\/wp\/v2\/types\/post"}],"author":[{"embeddable":true,"href":"https:\/\/blogopara.com.br\/index.php\/wp-json\/wp\/v2\/users\/1"}],"replies":[{"embeddable":true,"href":"https:\/\/blogopara.com.br\/index.php\/wp-json\/wp\/v2\/comments?post=57484"}],"version-history":[{"count":1,"href":"https:\/\/blogopara.com.br\/index.php\/wp-json\/wp\/v2\/posts\/57484\/revisions"}],"predecessor-version":[{"id":57486,"href":"https:\/\/blogopara.com.br\/index.php\/wp-json\/wp\/v2\/posts\/57484\/revisions\/57486"}],"wp:featuredmedia":[{"embeddable":true,"href":"https:\/\/blogopara.com.br\/index.php\/wp-json\/wp\/v2\/media\/57485"}],"wp:attachment":[{"href":"https:\/\/blogopara.com.br\/index.php\/wp-json\/wp\/v2\/media?parent=57484"}],"wp:term":[{"taxonomy":"category","embeddable":true,"href":"https:\/\/blogopara.com.br\/index.php\/wp-json\/wp\/v2\/categories?post=57484"},{"taxonomy":"post_tag","embeddable":true,"href":"https:\/\/blogopara.com.br\/index.php\/wp-json\/wp\/v2\/tags?post=57484"}],"curies":[{"name":"wp","href":"https:\/\/api.w.org\/{rel}","templated":true}]}}