{"id":57493,"date":"2023-09-24T09:36:00","date_gmt":"2023-09-24T12:36:00","guid":{"rendered":"https:\/\/blogopara.com.br\/?p=57493"},"modified":"2023-09-24T08:39:31","modified_gmt":"2023-09-24T11:39:31","slug":"desfile-civico-no-distrito-de-juremal-mantem-tradicao-e-anima-comunidade-local","status":"publish","type":"post","link":"https:\/\/blogopara.com.br\/index.php\/2023\/09\/24\/desfile-civico-no-distrito-de-juremal-mantem-tradicao-e-anima-comunidade-local","title":{"rendered":"Desfile c\u00edvico no distrito de Juremal mant\u00e9m tradi\u00e7\u00e3o e anima comunidade local"},"content":{"rendered":"<p class=\"x_MsoNormal\" style=\"text-align: justify;\">Mantendo a tradi\u00e7\u00e3o e valorizando o pioneirismo de primeiro distrito de Juazeiro a realizar o desfile c\u00edvico alusivo \u00e0 Independ\u00eancia do Brasil, celebrada nacionalmente no dia 7 de setembro, a comunidade de Juremal, interior do munic\u00edpio, celebrou nesta sexta-feira (22), mais uma edi\u00e7\u00e3o do festejo c\u00edvico. Realizado pela Escola Municipal Deputado Raimundo da Cunha Leite, com apoio da Prefeitura municipal, por meio da Secretaria de Educa\u00e7\u00e3o e Juventude (Seduc), a iniciativa trouxe como tema, &#8216;\u00c9 preciso ser, aprender e pertencer: Nossa maior riqueza \u00e9 cuidar das pessoas&#8217;, propondo pr\u00e1ticas educativas de incentivo \u00e0 humaniza\u00e7\u00e3o.<\/p>\n<p class=\"x_MsoNormal\" style=\"text-align: justify;\">A ocasi\u00e3o reuniu comunidades escolar e local, al\u00e9m do secret\u00e1rio de Educa\u00e7\u00e3o e Juventude, Wank Medrado, as superintendentes\u00a0 Pedag\u00f3gicas e de Gest\u00e3o, Programas e Projetos, Willany Cunha e Alexandrina Ara\u00fajo, o gestor de Pol\u00edticas P\u00fablicas da Seduc, J\u00fanior Chastinet, e a equipe de Diretoria de Juventude e Esporte, organizadores dos desfiles c\u00edvicos da rede municipal de ensino.<\/p>\n<p class=\"x_MsoNormal\" style=\"text-align: justify;\">&#8220;Hoje estamos prestigiando a continuidade das festividades alusivas \u00e0 Independ\u00eancia do Brasil, destacando a import\u00e2ncia da interioriza\u00e7\u00e3o dessas iniciativas. Por isso, estamos muito felizes de poder compartilhar com as pessoas do distrito de Juremal, esse momento c\u00edvico, reconhecendo o envolvimento e comprometimento da gest\u00e3o Suzana Ramos, para que essas a\u00e7\u00f5es aconte\u00e7am de forma t\u00e3o bem organizada e produzida, com o sentimento de pertencimento da hist\u00f3ria nacional e local&#8221;, compartilhou o secret\u00e1rio de Educa\u00e7\u00e3o e Juventude, Wank Medrado.<\/p>\n<p class=\"x_MsoNormal\" style=\"text-align: justify;\">A programa\u00e7\u00e3o contou com a participa\u00e7\u00e3o das fanfarras das Escolas Municipais 2 de Julho, e Caic Misael Aguilar. Prestigiando a a\u00e7\u00e3o, Noenia Antunes, m\u00e3e da estudante Alice Sofia, de 7 anos, participando pela primeira vez do desfile c\u00edvico da localidade, avaliou a iniciativa. &#8220;Eu gostei bastante do desfile, achei muito organizado, al\u00e9m de ser uma forma de reunir toda comunidade para celebrar essa tradi\u00e7\u00e3o t\u00e3o linda de Juremal e de todo o pa\u00eds&#8221;, disse Noenia.<\/p>\n<p class=\"x_MsoNormal\" style=\"text-align: justify;\">As estudantes e abre alas do desfile, Emilly Amanda e Hanna Gabriella, compartilharam o sentimento de representar a escola na atividade c\u00edvica. &#8220;Pra mim foi um prazer e uma grande alegria representar minha escola, que eu amo tanto, e que estudo desde pequena. Esse \u00e9 meu \u00faltimo ano, e eu n\u00e3o poderia fazer diferente, ent\u00e3o decidi participar e me despedir em grande estilo&#8221;, falou Emilly.<\/p>\n<p class=\"x_MsoNormal\" style=\"text-align: justify;\">Complementando as considera\u00e7\u00f5es da colega, Hanna Gabriella, contou sobre a expectativa para os pr\u00f3ximos desfiles. &#8220;\u00c9 uma grande alegria poder representar minha escola e eu espero poder participar muitas vezes ainda, se Deus quiser&#8221;, concluiu a estudante.<\/p>\n","protected":false},"excerpt":{"rendered":"<p>Mantendo a tradi\u00e7\u00e3o e valorizando o pioneirismo de primeiro distrito de Juazeiro a realizar o desfile c\u00edvico alusivo \u00e0 Independ\u00eancia do Brasil, celebrada nacionalmente no dia 7 de setembro, a comunidade de Juremal, interior do munic\u00edpio, celebrou nesta sexta-feira (22), mais uma edi\u00e7\u00e3o do festejo c\u00edvico. Realizado pela Escola Municipal Deputado Raimundo da Cunha Leite, [&hellip;]<\/p>\n","protected":false},"author":1,"featured_media":57494,"comment_status":"closed","ping_status":"open","sticky":false,"template":"","format":"standard","meta":{"_uag_custom_page_level_css":"","_monsterinsights_skip_tracking":false,"_monsterinsights_sitenote_active":false,"_monsterinsights_sitenote_note":"","_monsterinsights_sitenote_category":0,"jetpack_post_was_ever_published":false,"_jetpack_newsletter_access":"","_jetpack_dont_email_post_to_subs":false,"_jetpack_newsletter_tier_id":0,"_jetpack_memberships_contains_paywalled_content":false,"_jetpack_memberships_contains_paid_content":false,"footnotes":"","jetpack_publicize_message":"","jetpack_publicize_feature_enabled":true,"jetpack_social_post_already_shared":true,"jetpack_social_options":{"image_generator_settings":{"template":"highway","default_image_id":0,"font":"","enabled":false},"version":2}},"categories":[203],"tags":[],"class_list":["post-57493","post","type-post","status-publish","format-standard","has-post-thumbnail","hentry","category-juazeiro"],"jetpack_publicize_connections":[],"jetpack_featured_media_url":"https:\/\/blogopara.com.br\/wp-content\/uploads\/2023\/09\/thumbnail_WhatsApp-Image-2023-09-22-at-19.51.03.jpg","uagb_featured_image_src":{"full":["https:\/\/blogopara.com.br\/wp-content\/uploads\/2023\/09\/thumbnail_WhatsApp-Image-2023-09-22-at-19.51.03.jpg",500,333,false],"thumbnail":["https:\/\/blogopara.com.br\/wp-content\/uploads\/2023\/09\/thumbnail_WhatsApp-Image-2023-09-22-at-19.51.03-150x150.jpg",150,150,true],"medium":["https:\/\/blogopara.com.br\/wp-content\/uploads\/2023\/09\/thumbnail_WhatsApp-Image-2023-09-22-at-19.51.03-300x200.jpg",300,200,true],"medium_large":["https:\/\/blogopara.com.br\/wp-content\/uploads\/2023\/09\/thumbnail_WhatsApp-Image-2023-09-22-at-19.51.03.jpg",500,333,false],"large":["https:\/\/blogopara.com.br\/wp-content\/uploads\/2023\/09\/thumbnail_WhatsApp-Image-2023-09-22-at-19.51.03.jpg",500,333,false],"1536x1536":["https:\/\/blogopara.com.br\/wp-content\/uploads\/2023\/09\/thumbnail_WhatsApp-Image-2023-09-22-at-19.51.03.jpg",500,333,false],"2048x2048":["https:\/\/blogopara.com.br\/wp-content\/uploads\/2023\/09\/thumbnail_WhatsApp-Image-2023-09-22-at-19.51.03.jpg",500,333,false],"mantranews-slider-large":["https:\/\/blogopara.com.br\/wp-content\/uploads\/2023\/09\/thumbnail_WhatsApp-Image-2023-09-22-at-19.51.03.jpg",500,333,false],"mantranews-featured-medium":["https:\/\/blogopara.com.br\/wp-content\/uploads\/2023\/09\/thumbnail_WhatsApp-Image-2023-09-22-at-19.51.03-420x307.jpg",420,307,true],"mantranews-featured-long":["https:\/\/blogopara.com.br\/wp-content\/uploads\/2023\/09\/thumbnail_WhatsApp-Image-2023-09-22-at-19.51.03-300x333.jpg",300,333,true],"mantranews-block-medium":["https:\/\/blogopara.com.br\/wp-content\/uploads\/2023\/09\/thumbnail_WhatsApp-Image-2023-09-22-at-19.51.03-464x290.jpg",464,290,true],"mantranews-carousel-image":["https:\/\/blogopara.com.br\/wp-content\/uploads\/2023\/09\/thumbnail_WhatsApp-Image-2023-09-22-at-19.51.03.jpg",500,333,false],"mantranews-block-thumb":["https:\/\/blogopara.com.br\/wp-content\/uploads\/2023\/09\/thumbnail_WhatsApp-Image-2023-09-22-at-19.51.03-322x230.jpg",322,230,true],"mantranews-single-large":["https:\/\/blogopara.com.br\/wp-content\/uploads\/2023\/09\/thumbnail_WhatsApp-Image-2023-09-22-at-19.51.03.jpg",500,333,false]},"uagb_author_info":{"display_name":"Reda\u00e7\u00e3o geral","author_link":"https:\/\/blogopara.com.br\/index.php\/author\/blogopara"},"uagb_comment_info":0,"uagb_excerpt":"Mantendo a tradi\u00e7\u00e3o e valorizando o pioneirismo de primeiro distrito de Juazeiro a realizar o desfile c\u00edvico alusivo \u00e0 Independ\u00eancia do Brasil, celebrada nacionalmente no dia 7 de setembro, a comunidade de Juremal, interior do munic\u00edpio, celebrou nesta sexta-feira (22), mais uma edi\u00e7\u00e3o do festejo c\u00edvico. Realizado pela Escola Municipal Deputado Raimundo da Cunha Leite,&hellip;","jetpack_sharing_enabled":true,"jetpack_likes_enabled":true,"_links":{"self":[{"href":"https:\/\/blogopara.com.br\/index.php\/wp-json\/wp\/v2\/posts\/57493","targetHints":{"allow":["GET"]}}],"collection":[{"href":"https:\/\/blogopara.com.br\/index.php\/wp-json\/wp\/v2\/posts"}],"about":[{"href":"https:\/\/blogopara.com.br\/index.php\/wp-json\/wp\/v2\/types\/post"}],"author":[{"embeddable":true,"href":"https:\/\/blogopara.com.br\/index.php\/wp-json\/wp\/v2\/users\/1"}],"replies":[{"embeddable":true,"href":"https:\/\/blogopara.com.br\/index.php\/wp-json\/wp\/v2\/comments?post=57493"}],"version-history":[{"count":1,"href":"https:\/\/blogopara.com.br\/index.php\/wp-json\/wp\/v2\/posts\/57493\/revisions"}],"predecessor-version":[{"id":57496,"href":"https:\/\/blogopara.com.br\/index.php\/wp-json\/wp\/v2\/posts\/57493\/revisions\/57496"}],"wp:featuredmedia":[{"embeddable":true,"href":"https:\/\/blogopara.com.br\/index.php\/wp-json\/wp\/v2\/media\/57494"}],"wp:attachment":[{"href":"https:\/\/blogopara.com.br\/index.php\/wp-json\/wp\/v2\/media?parent=57493"}],"wp:term":[{"taxonomy":"category","embeddable":true,"href":"https:\/\/blogopara.com.br\/index.php\/wp-json\/wp\/v2\/categories?post=57493"},{"taxonomy":"post_tag","embeddable":true,"href":"https:\/\/blogopara.com.br\/index.php\/wp-json\/wp\/v2\/tags?post=57493"}],"curies":[{"name":"wp","href":"https:\/\/api.w.org\/{rel}","templated":true}]}}