{"id":57518,"date":"2023-09-25T17:02:00","date_gmt":"2023-09-25T20:02:00","guid":{"rendered":"https:\/\/blogopara.com.br\/?p=57518"},"modified":"2023-09-24T19:05:34","modified_gmt":"2023-09-24T22:05:34","slug":"tse-mantem-inelegibilidade-de-bolsonaro-por-abuso-de-poder-politico","status":"publish","type":"post","link":"https:\/\/blogopara.com.br\/index.php\/2023\/09\/25\/tse-mantem-inelegibilidade-de-bolsonaro-por-abuso-de-poder-politico","title":{"rendered":"TSE mant\u00e9m inelegibilidade de Bolsonaro por abuso de poder pol\u00edtico"},"content":{"rendered":"<p style=\"text-align: justify;\">O Tribunal Superior Eleitoral formou maioria para manter a decis\u00e3o que tornou o ex-presidente Jair Bolsonaro ineleg\u00edvel por oito anos. O julgamento come\u00e7ou na madrugada da sexta-feira em plen\u00e1rio virtual.<\/p>\n<p style=\"text-align: justify;\">Trata-se de um recurso de Bolsonaro \u00e0 decis\u00e3o do TSE de junho deste ano que o condenou por abuso de poder pol\u00edtico e uso indevido dos meios de comunica\u00e7\u00e3o devido a uma reuni\u00e3o realizada com embaixadores em julho do ano passado, no Pal\u00e1cio da Alvorada, na qual se discutiu as urnas eletr\u00f4nicas. O caso chegou ao TSE ap\u00f3s um questionamento do PDT.<\/p>\n<p style=\"text-align: justify;\">No recurso apresentado ao TSE, os advogados de Bolsonaro alegaram que houve cerceamento de defesa no julgamento devido \u00e0 falta de an\u00e1lise de todos os argumentos apresentados pela defesa e \u00e0 impossibilidade de apresenta\u00e7\u00e3o de testemunhas.<\/p>\n<p style=\"text-align: justify;\">At\u00e9 o momento, quatro dos sete integrantes do TSE rejeitaram o recurso da defesa. Al\u00e9m do relator, Benedito Gon\u00e7alves, votaram no mesmo sentido Alexandre de Moraes, Andr\u00e9 Ramos Tavares e C\u00e1rmen L\u00facia. Faltam os votos de Raul Ara\u00fajo, Floriano de Azevedo Marques e Nunes Marques.<\/p>\n","protected":false},"excerpt":{"rendered":"<p>O Tribunal Superior Eleitoral formou maioria para manter a decis\u00e3o que tornou o ex-presidente Jair Bolsonaro ineleg\u00edvel por oito anos. O julgamento come\u00e7ou na madrugada da sexta-feira em plen\u00e1rio virtual. Trata-se de um recurso de Bolsonaro \u00e0 decis\u00e3o do TSE de junho deste ano que o condenou por abuso de poder pol\u00edtico e uso indevido [&hellip;]<\/p>\n","protected":false},"author":1,"featured_media":48857,"comment_status":"closed","ping_status":"open","sticky":false,"template":"","format":"standard","meta":{"_uag_custom_page_level_css":"","_monsterinsights_skip_tracking":false,"_monsterinsights_sitenote_active":false,"_monsterinsights_sitenote_note":"","_monsterinsights_sitenote_category":0,"jetpack_post_was_ever_published":false,"_jetpack_newsletter_access":"","_jetpack_dont_email_post_to_subs":false,"_jetpack_newsletter_tier_id":0,"_jetpack_memberships_contains_paywalled_content":false,"_jetpack_memberships_contains_paid_content":false,"footnotes":"","jetpack_publicize_message":"","jetpack_publicize_feature_enabled":true,"jetpack_social_post_already_shared":true,"jetpack_social_options":{"image_generator_settings":{"template":"highway","default_image_id":0,"font":"","enabled":false},"version":2}},"categories":[203],"tags":[],"class_list":["post-57518","post","type-post","status-publish","format-standard","has-post-thumbnail","hentry","category-juazeiro"],"jetpack_publicize_connections":[],"jetpack_featured_media_url":"https:\/\/blogopara.com.br\/wp-content\/uploads\/2023\/01\/CID-Cid-e-Bolsonaro-600x400-1-e1674264185994.webp","uagb_featured_image_src":{"full":["https:\/\/blogopara.com.br\/wp-content\/uploads\/2023\/01\/CID-Cid-e-Bolsonaro-600x400-1-e1674264185994.webp",500,333,false],"thumbnail":["https:\/\/blogopara.com.br\/wp-content\/uploads\/2023\/01\/CID-Cid-e-Bolsonaro-600x400-1-150x150.webp",150,150,true],"medium":["https:\/\/blogopara.com.br\/wp-content\/uploads\/2023\/01\/CID-Cid-e-Bolsonaro-600x400-1-300x200.webp",300,200,true],"medium_large":["https:\/\/blogopara.com.br\/wp-content\/uploads\/2023\/01\/CID-Cid-e-Bolsonaro-600x400-1-e1674264185994.webp",500,333,false],"large":["https:\/\/blogopara.com.br\/wp-content\/uploads\/2023\/01\/CID-Cid-e-Bolsonaro-600x400-1-e1674264185994.webp",500,333,false],"1536x1536":["https:\/\/blogopara.com.br\/wp-content\/uploads\/2023\/01\/CID-Cid-e-Bolsonaro-600x400-1-e1674264185994.webp",500,333,false],"2048x2048":["https:\/\/blogopara.com.br\/wp-content\/uploads\/2023\/01\/CID-Cid-e-Bolsonaro-600x400-1-e1674264185994.webp",500,333,false],"mantranews-slider-large":["https:\/\/blogopara.com.br\/wp-content\/uploads\/2023\/01\/CID-Cid-e-Bolsonaro-600x400-1-e1674264185994.webp",500,333,false],"mantranews-featured-medium":["https:\/\/blogopara.com.br\/wp-content\/uploads\/2023\/01\/CID-Cid-e-Bolsonaro-600x400-1-420x307.webp",420,307,true],"mantranews-featured-long":["https:\/\/blogopara.com.br\/wp-content\/uploads\/2023\/01\/CID-Cid-e-Bolsonaro-600x400-1-300x400.webp",300,400,true],"mantranews-block-medium":["https:\/\/blogopara.com.br\/wp-content\/uploads\/2023\/01\/CID-Cid-e-Bolsonaro-600x400-1-464x290.webp",464,290,true],"mantranews-carousel-image":["https:\/\/blogopara.com.br\/wp-content\/uploads\/2023\/01\/CID-Cid-e-Bolsonaro-600x400-1-e1674264185994.webp",500,333,false],"mantranews-block-thumb":["https:\/\/blogopara.com.br\/wp-content\/uploads\/2023\/01\/CID-Cid-e-Bolsonaro-600x400-1-322x230.webp",322,230,true],"mantranews-single-large":["https:\/\/blogopara.com.br\/wp-content\/uploads\/2023\/01\/CID-Cid-e-Bolsonaro-600x400-1-e1674264185994.webp",500,333,false]},"uagb_author_info":{"display_name":"Reda\u00e7\u00e3o geral","author_link":"https:\/\/blogopara.com.br\/index.php\/author\/blogopara"},"uagb_comment_info":0,"uagb_excerpt":"O Tribunal Superior Eleitoral formou maioria para manter a decis\u00e3o que tornou o ex-presidente Jair Bolsonaro ineleg\u00edvel por oito anos. O julgamento come\u00e7ou na madrugada da sexta-feira em plen\u00e1rio virtual. Trata-se de um recurso de Bolsonaro \u00e0 decis\u00e3o do TSE de junho deste ano que o condenou por abuso de poder pol\u00edtico e uso indevido&hellip;","jetpack_sharing_enabled":true,"jetpack_likes_enabled":true,"_links":{"self":[{"href":"https:\/\/blogopara.com.br\/index.php\/wp-json\/wp\/v2\/posts\/57518","targetHints":{"allow":["GET"]}}],"collection":[{"href":"https:\/\/blogopara.com.br\/index.php\/wp-json\/wp\/v2\/posts"}],"about":[{"href":"https:\/\/blogopara.com.br\/index.php\/wp-json\/wp\/v2\/types\/post"}],"author":[{"embeddable":true,"href":"https:\/\/blogopara.com.br\/index.php\/wp-json\/wp\/v2\/users\/1"}],"replies":[{"embeddable":true,"href":"https:\/\/blogopara.com.br\/index.php\/wp-json\/wp\/v2\/comments?post=57518"}],"version-history":[{"count":1,"href":"https:\/\/blogopara.com.br\/index.php\/wp-json\/wp\/v2\/posts\/57518\/revisions"}],"predecessor-version":[{"id":57519,"href":"https:\/\/blogopara.com.br\/index.php\/wp-json\/wp\/v2\/posts\/57518\/revisions\/57519"}],"wp:featuredmedia":[{"embeddable":true,"href":"https:\/\/blogopara.com.br\/index.php\/wp-json\/wp\/v2\/media\/48857"}],"wp:attachment":[{"href":"https:\/\/blogopara.com.br\/index.php\/wp-json\/wp\/v2\/media?parent=57518"}],"wp:term":[{"taxonomy":"category","embeddable":true,"href":"https:\/\/blogopara.com.br\/index.php\/wp-json\/wp\/v2\/categories?post=57518"},{"taxonomy":"post_tag","embeddable":true,"href":"https:\/\/blogopara.com.br\/index.php\/wp-json\/wp\/v2\/tags?post=57518"}],"curies":[{"name":"wp","href":"https:\/\/api.w.org\/{rel}","templated":true}]}}