{"id":57520,"date":"2023-09-26T07:06:00","date_gmt":"2023-09-26T10:06:00","guid":{"rendered":"https:\/\/blogopara.com.br\/?p=57520"},"modified":"2023-09-24T19:08:05","modified_gmt":"2023-09-24T22:08:05","slug":"prefeitura-de-juazeiro-reforca-fiscalizacao-na-orla-ii-para-garantir-espaco-ordenado-e-preservado","status":"publish","type":"post","link":"https:\/\/blogopara.com.br\/index.php\/2023\/09\/26\/prefeitura-de-juazeiro-reforca-fiscalizacao-na-orla-ii-para-garantir-espaco-ordenado-e-preservado","title":{"rendered":"Prefeitura de Juazeiro refor\u00e7a fiscaliza\u00e7\u00e3o na Orla II para garantir espa\u00e7o ordenado e preservado"},"content":{"rendered":"<p class=\"x_MsoNormal\" style=\"text-align: justify;\">Visando a organiza\u00e7\u00e3o do espa\u00e7o e a conscientiza\u00e7\u00e3o dos ambulantes que atuam na Orla II, a Prefeitura de Juazeiro, por meio da Secretaria de Meio Ambiente e Ordenamento Urbano (Semaurb) realizou neste domingo (24) uma a\u00e7\u00e3o de fiscaliza\u00e7\u00e3o e postura. Durante a a\u00e7\u00e3o, os ambulantes foram orientados sobre a import\u00e2ncia de deixar a via de pedestres e a ciclovia livres, mantendo um espa\u00e7amento m\u00ednimo de um metro. Al\u00e9m disso, foi ressaltada a necessidade de manter o espa\u00e7o limpo e agrad\u00e1vel para os frequentadores da Orla.<\/p>\n<p class=\"x_MsoNormal\" style=\"text-align: justify;\">De acordo com o titular da Semaurb, Isl\u00e9dio Bandeira, o foco \u00e9 intensificar a fiscaliza\u00e7\u00e3o principalmente nos finais de semana, devido ao aumento significativo de frequentadores nesse per\u00edodo. &#8220;\u00c9 fundamental que todos compreendam a import\u00e2ncia de manter nossa orla organizada e acolhedora. A gest\u00e3o Suzana Ramos est\u00e1 comprometida em trabalhar em conjunto com os ambulantes para garantir um espa\u00e7o seguro, preservado e agrad\u00e1vel para todos os nossos cidad\u00e3os e visitantes&#8221;, disse o secret\u00e1rio.<\/p>\n<p class=\"x_MsoNormal\" style=\"text-align: justify;\">A popula\u00e7\u00e3o tamb\u00e9m est\u00e1 sendo convidada a fazer a sua parte, respeitando as normas e contribuindo para a preserva\u00e7\u00e3o deste cart\u00e3o postal de Juazeiro. &#8220;Eu frequento a Orla h\u00e1 anos, e \u00e9 \u00f3timo ver a prefeitura tomando medidas para manter este lugar especial. Espero que todos compreendam a import\u00e2ncia de manter o espa\u00e7o organizado para que possamos desfrutar ainda mais deste local maravilhoso\u201d, disse a estudante Maria Luiza.<\/p>\n<p class=\"x_MsoNormal\" style=\"text-align: justify;\">A a\u00e7\u00e3o contou ainda com a parceria da equipe da Guarda Civil Municipal (GCM).<\/p>\n","protected":false},"excerpt":{"rendered":"<p>Visando a organiza\u00e7\u00e3o do espa\u00e7o e a conscientiza\u00e7\u00e3o dos ambulantes que atuam na Orla II, a Prefeitura de Juazeiro, por meio da Secretaria de Meio Ambiente e Ordenamento Urbano (Semaurb) realizou neste domingo (24) uma a\u00e7\u00e3o de fiscaliza\u00e7\u00e3o e postura. Durante a a\u00e7\u00e3o, os ambulantes foram orientados sobre a import\u00e2ncia de deixar a via de [&hellip;]<\/p>\n","protected":false},"author":1,"featured_media":57522,"comment_status":"closed","ping_status":"open","sticky":false,"template":"","format":"standard","meta":{"_uag_custom_page_level_css":"","_monsterinsights_skip_tracking":false,"_monsterinsights_sitenote_active":false,"_monsterinsights_sitenote_note":"","_monsterinsights_sitenote_category":0,"jetpack_post_was_ever_published":false,"_jetpack_newsletter_access":"","_jetpack_dont_email_post_to_subs":false,"_jetpack_newsletter_tier_id":0,"_jetpack_memberships_contains_paywalled_content":false,"_jetpack_memberships_contains_paid_content":false,"footnotes":"","jetpack_publicize_message":"","jetpack_publicize_feature_enabled":true,"jetpack_social_post_already_shared":true,"jetpack_social_options":{"image_generator_settings":{"template":"highway","default_image_id":0,"font":"","enabled":false},"version":2}},"categories":[203],"tags":[],"class_list":["post-57520","post","type-post","status-publish","format-standard","has-post-thumbnail","hentry","category-juazeiro"],"jetpack_publicize_connections":[],"jetpack_featured_media_url":"https:\/\/blogopara.com.br\/wp-content\/uploads\/2023\/09\/thumbnail_WhatsApp-Image-2023-09-24-at-14.01.05-2.jpg","uagb_featured_image_src":{"full":["https:\/\/blogopara.com.br\/wp-content\/uploads\/2023\/09\/thumbnail_WhatsApp-Image-2023-09-24-at-14.01.05-2.jpg",500,375,false],"thumbnail":["https:\/\/blogopara.com.br\/wp-content\/uploads\/2023\/09\/thumbnail_WhatsApp-Image-2023-09-24-at-14.01.05-2-150x150.jpg",150,150,true],"medium":["https:\/\/blogopara.com.br\/wp-content\/uploads\/2023\/09\/thumbnail_WhatsApp-Image-2023-09-24-at-14.01.05-2-300x225.jpg",300,225,true],"medium_large":["https:\/\/blogopara.com.br\/wp-content\/uploads\/2023\/09\/thumbnail_WhatsApp-Image-2023-09-24-at-14.01.05-2.jpg",500,375,false],"large":["https:\/\/blogopara.com.br\/wp-content\/uploads\/2023\/09\/thumbnail_WhatsApp-Image-2023-09-24-at-14.01.05-2.jpg",500,375,false],"1536x1536":["https:\/\/blogopara.com.br\/wp-content\/uploads\/2023\/09\/thumbnail_WhatsApp-Image-2023-09-24-at-14.01.05-2.jpg",500,375,false],"2048x2048":["https:\/\/blogopara.com.br\/wp-content\/uploads\/2023\/09\/thumbnail_WhatsApp-Image-2023-09-24-at-14.01.05-2.jpg",500,375,false],"mantranews-slider-large":["https:\/\/blogopara.com.br\/wp-content\/uploads\/2023\/09\/thumbnail_WhatsApp-Image-2023-09-24-at-14.01.05-2.jpg",500,375,false],"mantranews-featured-medium":["https:\/\/blogopara.com.br\/wp-content\/uploads\/2023\/09\/thumbnail_WhatsApp-Image-2023-09-24-at-14.01.05-2-420x307.jpg",420,307,true],"mantranews-featured-long":["https:\/\/blogopara.com.br\/wp-content\/uploads\/2023\/09\/thumbnail_WhatsApp-Image-2023-09-24-at-14.01.05-2-300x375.jpg",300,375,true],"mantranews-block-medium":["https:\/\/blogopara.com.br\/wp-content\/uploads\/2023\/09\/thumbnail_WhatsApp-Image-2023-09-24-at-14.01.05-2-464x290.jpg",464,290,true],"mantranews-carousel-image":["https:\/\/blogopara.com.br\/wp-content\/uploads\/2023\/09\/thumbnail_WhatsApp-Image-2023-09-24-at-14.01.05-2.jpg",500,375,false],"mantranews-block-thumb":["https:\/\/blogopara.com.br\/wp-content\/uploads\/2023\/09\/thumbnail_WhatsApp-Image-2023-09-24-at-14.01.05-2-322x230.jpg",322,230,true],"mantranews-single-large":["https:\/\/blogopara.com.br\/wp-content\/uploads\/2023\/09\/thumbnail_WhatsApp-Image-2023-09-24-at-14.01.05-2.jpg",500,375,false]},"uagb_author_info":{"display_name":"Reda\u00e7\u00e3o geral","author_link":"https:\/\/blogopara.com.br\/index.php\/author\/blogopara"},"uagb_comment_info":0,"uagb_excerpt":"Visando a organiza\u00e7\u00e3o do espa\u00e7o e a conscientiza\u00e7\u00e3o dos ambulantes que atuam na Orla II, a Prefeitura de Juazeiro, por meio da Secretaria de Meio Ambiente e Ordenamento Urbano (Semaurb) realizou neste domingo (24) uma a\u00e7\u00e3o de fiscaliza\u00e7\u00e3o e postura. Durante a a\u00e7\u00e3o, os ambulantes foram orientados sobre a import\u00e2ncia de deixar a via de&hellip;","jetpack_sharing_enabled":true,"jetpack_likes_enabled":true,"_links":{"self":[{"href":"https:\/\/blogopara.com.br\/index.php\/wp-json\/wp\/v2\/posts\/57520","targetHints":{"allow":["GET"]}}],"collection":[{"href":"https:\/\/blogopara.com.br\/index.php\/wp-json\/wp\/v2\/posts"}],"about":[{"href":"https:\/\/blogopara.com.br\/index.php\/wp-json\/wp\/v2\/types\/post"}],"author":[{"embeddable":true,"href":"https:\/\/blogopara.com.br\/index.php\/wp-json\/wp\/v2\/users\/1"}],"replies":[{"embeddable":true,"href":"https:\/\/blogopara.com.br\/index.php\/wp-json\/wp\/v2\/comments?post=57520"}],"version-history":[{"count":1,"href":"https:\/\/blogopara.com.br\/index.php\/wp-json\/wp\/v2\/posts\/57520\/revisions"}],"predecessor-version":[{"id":57523,"href":"https:\/\/blogopara.com.br\/index.php\/wp-json\/wp\/v2\/posts\/57520\/revisions\/57523"}],"wp:featuredmedia":[{"embeddable":true,"href":"https:\/\/blogopara.com.br\/index.php\/wp-json\/wp\/v2\/media\/57522"}],"wp:attachment":[{"href":"https:\/\/blogopara.com.br\/index.php\/wp-json\/wp\/v2\/media?parent=57520"}],"wp:term":[{"taxonomy":"category","embeddable":true,"href":"https:\/\/blogopara.com.br\/index.php\/wp-json\/wp\/v2\/categories?post=57520"},{"taxonomy":"post_tag","embeddable":true,"href":"https:\/\/blogopara.com.br\/index.php\/wp-json\/wp\/v2\/tags?post=57520"}],"curies":[{"name":"wp","href":"https:\/\/api.w.org\/{rel}","templated":true}]}}