{"id":57646,"date":"2023-09-29T15:02:27","date_gmt":"2023-09-29T18:02:27","guid":{"rendered":"https:\/\/blogopara.com.br\/?p=57646"},"modified":"2023-09-29T15:02:30","modified_gmt":"2023-09-29T18:02:30","slug":"justica-da-bahia-solta-chefe-de-faccao-conhecido-como-barao-das-armas","status":"publish","type":"post","link":"https:\/\/blogopara.com.br\/index.php\/2023\/09\/29\/justica-da-bahia-solta-chefe-de-faccao-conhecido-como-barao-das-armas","title":{"rendered":"Justi\u00e7a da Bahia solta chefe de fac\u00e7\u00e3o conhecido como &#8216;Bar\u00e3o das Armas&#8217;"},"content":{"rendered":"<div class=\"mdc-layout-grid__cell mdc-layout-grid__cell--span-6-desktop mdc-layout-grid__cell--span-8-tablet comp paragrafo cXenseParse\">\n<p style=\"text-align: justify;\">O respons\u00e1vel pela compra de fuzis para uma fac\u00e7\u00e3o criminosa na Bahia e apelidado de &#8220;Bar\u00e3o das Armas&#8221; foi solto pela Justi\u00e7a. O criminoso foi\u00a0<a class=\"link\" href=\"https:\/\/www.correio24horas.com.br\/minha-bahia\/chefe-de-faccao-conhecido-como-barao-das-armas-e-preso-na-linha-verde-0923\" target=\"_blank\" rel=\"noopener\">preso no dia 13 de setembro deste ano<\/a>, na localidade de Areias, na Linha Verde,\u00a0e liberado na \u00faltima sexta-feira (22). As informa\u00e7\u00f5es s\u00e3o da Secretaria de Seguran\u00e7a P\u00fablica do estado (SSP).<\/p>\n<\/div>\n<div class=\"mdc-layout-grid__cell mdc-layout-grid__cell--span-6-desktop mdc-layout-grid__cell--span-8-tablet comp paragrafo cXenseParse\" style=\"text-align: justify;\">\n<p>O homem foi preso em a\u00e7\u00e3o de intelig\u00eancia da For\u00e7a Integrada de Combate ao Crime Organizado (Ficco) da SSP com a Pol\u00edcia Federal. A pol\u00edcia diz que ele tem uma longa ficha criminal e que era respons\u00e1vel por armazenar e distribuir drogas para a fac\u00e7\u00e3o. Ele tamb\u00e9m coordenava ataques a bancos e carros-fortes.<\/p>\n<\/div>\n<div class=\"mdc-layout-grid__cell mdc-layout-grid__cell--span-6-desktop mdc-layout-grid__cell--span-8-tablet comp paragrafo cXenseParse\" style=\"text-align: justify;\">\n<p>A pol\u00edcia destacou um crime em 2018, em Boa Nova, no sudoeste baiano, quando o Bar\u00e3o das Armas e seus comparsas atacaram um carro-forte, roubaram os malotes, mataram um seguran\u00e7a e feriram outros dois.<\/p>\n<\/div>\n<div class=\"mdc-layout-grid__cell mdc-layout-grid__cell--span-6-desktop mdc-layout-grid__cell--span-8-tablet comp paragrafo cXenseParse\">\n<p style=\"text-align: justify;\">A\u00e7\u00f5es de intelig\u00eancia seguem intensificadas pela FICCO para impedir a entrada de armas na Bahia. Entre janeiro e setembro de 2023, as for\u00e7as de seguran\u00e7a apreenderam 48 fuzis. Em todo o ano de 2022 foram localizados 22.<\/p>\n<\/div>\n","protected":false},"excerpt":{"rendered":"<p>O respons\u00e1vel pela compra de fuzis para uma fac\u00e7\u00e3o criminosa na Bahia e apelidado de &#8220;Bar\u00e3o das Armas&#8221; foi solto pela Justi\u00e7a. O criminoso foi\u00a0preso no dia 13 de setembro deste ano, na localidade de Areias, na Linha Verde,\u00a0e liberado na \u00faltima sexta-feira (22). As informa\u00e7\u00f5es s\u00e3o da Secretaria de Seguran\u00e7a P\u00fablica do estado (SSP). [&hellip;]<\/p>\n","protected":false},"author":1,"featured_media":57647,"comment_status":"closed","ping_status":"open","sticky":false,"template":"","format":"standard","meta":{"_uag_custom_page_level_css":"","_monsterinsights_skip_tracking":false,"_monsterinsights_sitenote_active":false,"_monsterinsights_sitenote_note":"","_monsterinsights_sitenote_category":0,"jetpack_post_was_ever_published":false,"_jetpack_newsletter_access":"","_jetpack_dont_email_post_to_subs":false,"_jetpack_newsletter_tier_id":0,"_jetpack_memberships_contains_paywalled_content":false,"_jetpack_memberships_contains_paid_content":false,"footnotes":"","jetpack_publicize_message":"","jetpack_publicize_feature_enabled":true,"jetpack_social_post_already_shared":true,"jetpack_social_options":{"image_generator_settings":{"template":"highway","default_image_id":0,"font":"","enabled":false},"version":2}},"categories":[203],"tags":[],"class_list":["post-57646","post","type-post","status-publish","format-standard","has-post-thumbnail","hentry","category-juazeiro"],"jetpack_publicize_connections":[],"jetpack_featured_media_url":"https:\/\/blogopara.com.br\/wp-content\/uploads\/2023\/09\/bdb9def9-fd61-482b-ad19-ae6bd33200f1.jpg","uagb_featured_image_src":{"full":["https:\/\/blogopara.com.br\/wp-content\/uploads\/2023\/09\/bdb9def9-fd61-482b-ad19-ae6bd33200f1.jpg",500,333,false],"thumbnail":["https:\/\/blogopara.com.br\/wp-content\/uploads\/2023\/09\/bdb9def9-fd61-482b-ad19-ae6bd33200f1-150x150.jpg",150,150,true],"medium":["https:\/\/blogopara.com.br\/wp-content\/uploads\/2023\/09\/bdb9def9-fd61-482b-ad19-ae6bd33200f1-300x200.jpg",300,200,true],"medium_large":["https:\/\/blogopara.com.br\/wp-content\/uploads\/2023\/09\/bdb9def9-fd61-482b-ad19-ae6bd33200f1.jpg",500,333,false],"large":["https:\/\/blogopara.com.br\/wp-content\/uploads\/2023\/09\/bdb9def9-fd61-482b-ad19-ae6bd33200f1.jpg",500,333,false],"1536x1536":["https:\/\/blogopara.com.br\/wp-content\/uploads\/2023\/09\/bdb9def9-fd61-482b-ad19-ae6bd33200f1.jpg",500,333,false],"2048x2048":["https:\/\/blogopara.com.br\/wp-content\/uploads\/2023\/09\/bdb9def9-fd61-482b-ad19-ae6bd33200f1.jpg",500,333,false],"mantranews-slider-large":["https:\/\/blogopara.com.br\/wp-content\/uploads\/2023\/09\/bdb9def9-fd61-482b-ad19-ae6bd33200f1.jpg",500,333,false],"mantranews-featured-medium":["https:\/\/blogopara.com.br\/wp-content\/uploads\/2023\/09\/bdb9def9-fd61-482b-ad19-ae6bd33200f1-420x307.jpg",420,307,true],"mantranews-featured-long":["https:\/\/blogopara.com.br\/wp-content\/uploads\/2023\/09\/bdb9def9-fd61-482b-ad19-ae6bd33200f1-300x333.jpg",300,333,true],"mantranews-block-medium":["https:\/\/blogopara.com.br\/wp-content\/uploads\/2023\/09\/bdb9def9-fd61-482b-ad19-ae6bd33200f1-464x290.jpg",464,290,true],"mantranews-carousel-image":["https:\/\/blogopara.com.br\/wp-content\/uploads\/2023\/09\/bdb9def9-fd61-482b-ad19-ae6bd33200f1.jpg",500,333,false],"mantranews-block-thumb":["https:\/\/blogopara.com.br\/wp-content\/uploads\/2023\/09\/bdb9def9-fd61-482b-ad19-ae6bd33200f1-322x230.jpg",322,230,true],"mantranews-single-large":["https:\/\/blogopara.com.br\/wp-content\/uploads\/2023\/09\/bdb9def9-fd61-482b-ad19-ae6bd33200f1.jpg",500,333,false]},"uagb_author_info":{"display_name":"Reda\u00e7\u00e3o geral","author_link":"https:\/\/blogopara.com.br\/index.php\/author\/blogopara"},"uagb_comment_info":0,"uagb_excerpt":"O respons\u00e1vel pela compra de fuzis para uma fac\u00e7\u00e3o criminosa na Bahia e apelidado de &#8220;Bar\u00e3o das Armas&#8221; foi solto pela Justi\u00e7a. O criminoso foi\u00a0preso no dia 13 de setembro deste ano, na localidade de Areias, na Linha Verde,\u00a0e liberado na \u00faltima sexta-feira (22). As informa\u00e7\u00f5es s\u00e3o da Secretaria de Seguran\u00e7a P\u00fablica do estado (SSP).&hellip;","jetpack_sharing_enabled":true,"jetpack_likes_enabled":true,"_links":{"self":[{"href":"https:\/\/blogopara.com.br\/index.php\/wp-json\/wp\/v2\/posts\/57646","targetHints":{"allow":["GET"]}}],"collection":[{"href":"https:\/\/blogopara.com.br\/index.php\/wp-json\/wp\/v2\/posts"}],"about":[{"href":"https:\/\/blogopara.com.br\/index.php\/wp-json\/wp\/v2\/types\/post"}],"author":[{"embeddable":true,"href":"https:\/\/blogopara.com.br\/index.php\/wp-json\/wp\/v2\/users\/1"}],"replies":[{"embeddable":true,"href":"https:\/\/blogopara.com.br\/index.php\/wp-json\/wp\/v2\/comments?post=57646"}],"version-history":[{"count":1,"href":"https:\/\/blogopara.com.br\/index.php\/wp-json\/wp\/v2\/posts\/57646\/revisions"}],"predecessor-version":[{"id":57648,"href":"https:\/\/blogopara.com.br\/index.php\/wp-json\/wp\/v2\/posts\/57646\/revisions\/57648"}],"wp:featuredmedia":[{"embeddable":true,"href":"https:\/\/blogopara.com.br\/index.php\/wp-json\/wp\/v2\/media\/57647"}],"wp:attachment":[{"href":"https:\/\/blogopara.com.br\/index.php\/wp-json\/wp\/v2\/media?parent=57646"}],"wp:term":[{"taxonomy":"category","embeddable":true,"href":"https:\/\/blogopara.com.br\/index.php\/wp-json\/wp\/v2\/categories?post=57646"},{"taxonomy":"post_tag","embeddable":true,"href":"https:\/\/blogopara.com.br\/index.php\/wp-json\/wp\/v2\/tags?post=57646"}],"curies":[{"name":"wp","href":"https:\/\/api.w.org\/{rel}","templated":true}]}}