{"id":57649,"date":"2023-09-29T16:02:00","date_gmt":"2023-09-29T19:02:00","guid":{"rendered":"https:\/\/blogopara.com.br\/?p=57649"},"modified":"2023-09-29T15:06:09","modified_gmt":"2023-09-29T18:06:09","slug":"stj-fixa-limitacoes-da-atuacao-das-guardas-municipais","status":"publish","type":"post","link":"https:\/\/blogopara.com.br\/index.php\/2023\/09\/29\/stj-fixa-limitacoes-da-atuacao-das-guardas-municipais","title":{"rendered":"STJ fixa limita\u00e7\u00f5es da atua\u00e7\u00e3o das guardas municipais"},"content":{"rendered":"<p style=\"text-align: justify;\">As guardas municipais desempenham atividade de seguran\u00e7a p\u00fablica com o poder\/dever de proteger os bens, servi\u00e7os e instala\u00e7\u00f5es municipais, bem como seus respectivos usu\u00e1rios. No entanto, n\u00e3o est\u00e3o autorizadas a atuar como verdadeira Pol\u00edcia, para reprimir e investigar a criminalidade urbana ordin\u00e1ria. Assim decidiu a 3\u00aa se\u00e7\u00e3o do STJ.<\/p>\n<p style=\"text-align: justify;\">Os ministros decidiram fixar o alcance da atua\u00e7\u00e3o das guardas municipais, frente ao reconhecimento recente do STF (ADPF 995) de que a guarda municipal integra o sistema de seguran\u00e7a p\u00fablica. O colegiado considerou que, inegavelmente as guardas municipais integram o sistema de seguran\u00e7a p\u00fablica, mas tem sua atua\u00e7\u00e3o limitada ao que \u00e0 prote\u00e7\u00e3o de bens, servi\u00e7os e instala\u00e7\u00f5es do munic\u00edpio.<\/p>\n<p style=\"text-align: justify;\">Ainda, segundo o entendimento da 3\u00aa se\u00e7\u00e3o, apenas em situa\u00e7\u00f5es absolutamente excepcionais a guarda pode realizar a abordagem de pessoas e a busca pessoal, quando a a\u00e7\u00e3o se mostrar diretamente relacionada \u00e0 finalidade da corpora\u00e7\u00e3o.<\/p>\n<p style=\"text-align: justify;\">Controle correcional<\/p>\n<p style=\"text-align: justify;\">Ao votar no caso, o relator, ministro Rogerio Schietti Cruz, destacou que a Constitui\u00e7\u00e3o n\u00e3o atribui \u00e0 guarda municipal atividades ostensivas t\u00edpicas de Pol\u00edcia Militar ou investigativas de Pol\u00edcia Civil, como se fossem verdadeiras Pol\u00edcias municipais.<\/p>\n<p style=\"text-align: justify;\">Segundo o relator, tanto a Pol\u00edcia Militar quanto a Pol\u00edcia Civil, em contrapartida \u00e0 possibilidade de exercerem a for\u00e7a p\u00fablica e o monop\u00f3lio estatal da viol\u00eancia, est\u00e3o sujeitas a um r\u00edgido controle correcional externo do MP e do Poder Judici\u00e1rio (Justi\u00e7a militar e estadual), o que n\u00e3o acontece com as guardas municipais.<\/p>\n<p style=\"text-align: justify;\">Para Schietti, fossem as guardas municipais verdadeiras pol\u00edcias, por certo tamb\u00e9m deveriam estar sujeitas ao controle externo do MP e do Poder Judici\u00e1rio em correi\u00e7\u00f5es peri\u00f3dicas.<\/p>\n<p style=\"text-align: justify;\">&#8220;N\u00e3o \u00e9 preciso ser dotado de grandes criatividades para imaginar, em um pa\u00eds, com suas conhecidas mazelas estruturais e culturais, entre as quais o racismo, o potencial ca\u00f3tico de autorizar que cada um de seus 5.570 munic\u00edpios tenha sua pr\u00f3pria Pol\u00edcia subordinada apenas ao prefeito local e insubmissa a qualquer controle correcional externo.&#8221;<\/p>\n<p style=\"text-align: justify;\">Schietti ressaltou que, se mesmo no modelo de policiamento, sujeita a controle externo do MP, e concentrado em apenas 26 Estados e o DF, j\u00e1 se encontram &#8220;dificuldades de conten\u00e7\u00e3o e responsabiliza\u00e7\u00e3o por eventuais abusos na atividade policial como o cotidiano mostra, \u00e9 f\u00e1cil identificar o exponencial aumento de riscos e obst\u00e1culos \u00e0 fiscaliza\u00e7\u00e3o caso se permita a organiza\u00e7\u00e3o de pol\u00edcias locais (municipais) nos 5.570 munic\u00edpios brasileiros&#8221;.<\/p>\n<p style=\"text-align: justify;\">Desvirtuamento<\/p>\n<p style=\"text-align: justify;\">O ministro exemplificou &#8220;o patente desvirtuamento das guardas municipais na atualidade&#8221;, ao registrar que muitas delas est\u00e3o alterando suas denomina\u00e7\u00f5es para Pol\u00edcia Municipal e in\u00fameros munic\u00edpios pelo pa\u00eds a fora est\u00e3o equipando suas guardas com fuzis, &#8220;equipamento de uso b\u00e9lico e alto poder local&#8221;. &#8220;S\u00e3o recorrentes os casos noticiados de que esse desvio de fun\u00e7\u00e3o vem sendo acompanhado pelo aumento de pr\u00e1ticas de abusos por parte de guardas municipais&#8221;, completou.<\/p>\n<p style=\"text-align: justify;\">De acordo com Schietti, o fato de as guardas municipais n\u00e3o haverem sido inclu\u00eddas nos incisos do art. 144, caput, da CF, n\u00e3o afasta a constata\u00e7\u00e3o de que elas exercem, sim, atividade de seguran\u00e7a p\u00fablica, e \u00e9 isso que disse o Supremo. &#8220;Isso n\u00e3o significa, por\u00e9m, que possam ter a mesma amplitude de atua\u00e7\u00e3o das pol\u00edcias&#8221;, destacou.<\/p>\n<p style=\"text-align: justify;\">&#8220;O STF, apesar de reconhecer em diversos julgados que as guardas municipais integram o sistema de seguran\u00e7a publica e exercem atividade dessa natureza, nunca as equiparou por completo aos \u00f3rg\u00e3os policiais para todos os fins. A 1\u00aa turma do STF tamb\u00e9m asseverou que as guardas municipais n\u00e3o est\u00e3o autorizadas a, ultrapassando os limites pr\u00f3prios de uma pris\u00e3o em flagrante, realizar dilig\u00eancias investigativas ou pr\u00e9vias voltadas a apura\u00e7\u00e3o de crimes.&#8221;<\/p>\n<p style=\"text-align: justify;\">Em 25 de agosto, o STF julgou procedente a ADPF 995 declarando inconstitucionais todas as interpreta\u00e7\u00f5es judiciais que excluem as guardas municipais devidamente criadas e institu\u00eddas como integrantes do sistema de seguran\u00e7a p\u00fablicas. Segundo Schietti, a Corte Suprema reafirmou que as guardas municipais integram o sistema de seguran\u00e7a p\u00fablicas, mas n\u00e3o lhes conferiu poderes id\u00eanticos aos dos \u00f3rg\u00e3os policiais.<\/p>\n<p style=\"text-align: justify;\">Compet\u00eancia<\/p>\n<p style=\"text-align: justify;\">O ministro esclareceu que, da mesma forma que as guardas municipais n\u00e3o s\u00e3o equipadas \u00e0s pol\u00edcias, tamb\u00e9m n\u00e3o s\u00e3o cidad\u00e3os comuns. De modo que, se por um lado n\u00e3o podem realizar tudo o que \u00e9 autorizado \u00e0s pol\u00edcias, por outro tamb\u00e9m n\u00e3o est\u00e3o plenamente reduzidos \u00e0 mera condi\u00e7\u00e3o de qualquer do povo.<\/p>\n<p style=\"text-align: justify;\">Na defini\u00e7\u00e3o do ministro, trata-se de agentes p\u00fablicos que desempenham atividade de seguran\u00e7a p\u00fablica e s\u00e3o dotados do importante poder\/dever de proteger os bens, servi\u00e7os e instala\u00e7\u00f5es municipais, bem como seus respectivos usu\u00e1rios.<\/p>\n<p style=\"text-align: justify;\">&#8220;\u00c9 poss\u00edvel e recomend\u00e1vel, dessa forma, que exer\u00e7am a vigil\u00e2ncia de creches, escolas, postos de sa\u00fade municipais, para garantir que n\u00e3o tenham sua estrutura danificada por v\u00e2ndalos, ou que seus frequentadores que n\u00e3o sejam v\u00edtimas de furto, roubo, tr\u00e1fico ou viol\u00eancia, a fim de permitir, portanto, a continuidade da presta\u00e7\u00e3o do servi\u00e7o p\u00fablico municipal com relato a tais instala\u00e7\u00f5es.&#8221;<\/p>\n<p style=\"text-align: justify;\">Ainda, o ministro salientou que guardas municipais podem realizar patrulhamento preventivo na cidade, mas sempre vinculados \u00e0 finalidade de tutelar bens, servi\u00e7os e instala\u00e7\u00f5es municipais e, por decorr\u00eancia, os seus respectivos usu\u00e1rios, sem que lhe seja autorizado atuar como verdadeira Pol\u00edcia para reprimir e investigar a criminalidade urbana ordin\u00e1ria, tal como ocorre na maioria das vezes com crime de tr\u00e1fico de drogas.<\/p>\n<p style=\"text-align: justify;\">&#8220;N\u00e3o \u00e9 das guardas municipais, mas sim das Pol\u00edcias, como regra, a compet\u00eancia para investigar, abordar e revistar indiv\u00edduo suspeito da pr\u00e1tica de tr\u00e1fico de drogas ou de outros delitos cuja pr\u00e1tica n\u00e3o atinja de maneira clara, direta e imediata os bens, servi\u00e7os e instala\u00e7\u00f5es municipais ou as pessoas que os estejam usando naquele momento.&#8221;<\/p>\n<p style=\"text-align: justify;\">Busca pessoal &#8211; Situa\u00e7\u00f5es excepcionais<\/p>\n<p style=\"text-align: justify;\">As guardas municipais poder\u00e3o, todavia, realizar busca pessoal em situa\u00e7\u00f5es excepcionais, e por isso, interpretadas restritivamente nas quais se demonstre concretamente haver clara, direta e mediata rela\u00e7\u00e3o de pertin\u00eancia com a finalidade da corpora\u00e7\u00e3o, como instrumento imprescind\u00edvel para realiza\u00e7\u00e3o de suas atribui\u00e7\u00f5es, explicou o relator.<\/p>\n<p style=\"text-align: justify;\">&#8220;Salvo na hip\u00f3tese de flagrante delito, s\u00f3 \u00e9 poss\u00edvel que as guardas municipais realize excepcionalmente busca pessoas se al\u00e9m da justa causa para a medida (fundada suspeita), houver rela\u00e7\u00e3o clara, direta e imediata com a necessidade de proteger a integridade de bens, servi\u00e7os e instala\u00e7\u00f5es municipais ou assegurar a adequada execu\u00e7\u00e3o de servi\u00e7os municipais, assim como resguardar a integridade de seus respectivos usu\u00e1rios. O que n\u00e3o se confunde com a permiss\u00e3o para desempenhar atividades ostensivas ou investigativas t\u00edpicas das pol\u00edcias militar e civil para combate da criminalidade urbana ordin\u00e1ria em qualquer contexto.&#8221;<\/p>\n<p style=\"text-align: justify;\">Assim, concedeu a ordem para declarar il\u00edcitas as provas colhidas pela busca pessoal, bem como a ilicitude de todas as provas dela decorrentes, e por consequ\u00eancia absolver o r\u00e9u.<\/p>\n<p style=\"text-align: justify;\">A decis\u00e3o foi un\u00e2nime. Os ministros Reynaldo Soares da Fonseca, Joel Ilan Paciornik, Messod Azulay Neto, acompanharam com ressalva de que v\u00e3o esperar a publica\u00e7\u00e3o do ac\u00f3rd\u00e3o do STF.<\/p>\n<p style=\"text-align: justify;\">Processo: HC 830.530<\/p>\n<p style=\"text-align: justify;\">Fonte: Migalhas<\/p>\n","protected":false},"excerpt":{"rendered":"<p>As guardas municipais desempenham atividade de seguran\u00e7a p\u00fablica com o poder\/dever de proteger os bens, servi\u00e7os e instala\u00e7\u00f5es municipais, bem como seus respectivos usu\u00e1rios. No entanto, n\u00e3o est\u00e3o autorizadas a atuar como verdadeira Pol\u00edcia, para reprimir e investigar a criminalidade urbana ordin\u00e1ria. Assim decidiu a 3\u00aa se\u00e7\u00e3o do STJ. Os ministros decidiram fixar o alcance [&hellip;]<\/p>\n","protected":false},"author":1,"featured_media":45257,"comment_status":"closed","ping_status":"open","sticky":false,"template":"","format":"standard","meta":{"_uag_custom_page_level_css":"","_monsterinsights_skip_tracking":false,"_monsterinsights_sitenote_active":false,"_monsterinsights_sitenote_note":"","_monsterinsights_sitenote_category":0,"jetpack_post_was_ever_published":false,"_jetpack_newsletter_access":"","_jetpack_dont_email_post_to_subs":false,"_jetpack_newsletter_tier_id":0,"_jetpack_memberships_contains_paywalled_content":false,"_jetpack_memberships_contains_paid_content":false,"footnotes":"","jetpack_publicize_message":"","jetpack_publicize_feature_enabled":true,"jetpack_social_post_already_shared":true,"jetpack_social_options":{"image_generator_settings":{"template":"highway","default_image_id":0,"font":"","enabled":false},"version":2}},"categories":[203],"tags":[],"class_list":["post-57649","post","type-post","status-publish","format-standard","has-post-thumbnail","hentry","category-juazeiro"],"jetpack_publicize_connections":[],"jetpack_featured_media_url":"https:\/\/blogopara.com.br\/wp-content\/uploads\/2022\/11\/Guarda-Municipal-de-Juazeiro-GCM-6-1.jpg","uagb_featured_image_src":{"full":["https:\/\/blogopara.com.br\/wp-content\/uploads\/2022\/11\/Guarda-Municipal-de-Juazeiro-GCM-6-1.jpg",500,333,false],"thumbnail":["https:\/\/blogopara.com.br\/wp-content\/uploads\/2022\/11\/Guarda-Municipal-de-Juazeiro-GCM-6-1-150x150.jpg",150,150,true],"medium":["https:\/\/blogopara.com.br\/wp-content\/uploads\/2022\/11\/Guarda-Municipal-de-Juazeiro-GCM-6-1-300x200.jpg",300,200,true],"medium_large":["https:\/\/blogopara.com.br\/wp-content\/uploads\/2022\/11\/Guarda-Municipal-de-Juazeiro-GCM-6-1.jpg",500,333,false],"large":["https:\/\/blogopara.com.br\/wp-content\/uploads\/2022\/11\/Guarda-Municipal-de-Juazeiro-GCM-6-1.jpg",500,333,false],"1536x1536":["https:\/\/blogopara.com.br\/wp-content\/uploads\/2022\/11\/Guarda-Municipal-de-Juazeiro-GCM-6-1.jpg",500,333,false],"2048x2048":["https:\/\/blogopara.com.br\/wp-content\/uploads\/2022\/11\/Guarda-Municipal-de-Juazeiro-GCM-6-1.jpg",500,333,false],"mantranews-slider-large":["https:\/\/blogopara.com.br\/wp-content\/uploads\/2022\/11\/Guarda-Municipal-de-Juazeiro-GCM-6-1.jpg",500,333,false],"mantranews-featured-medium":["https:\/\/blogopara.com.br\/wp-content\/uploads\/2022\/11\/Guarda-Municipal-de-Juazeiro-GCM-6-1-420x307.jpg",420,307,true],"mantranews-featured-long":["https:\/\/blogopara.com.br\/wp-content\/uploads\/2022\/11\/Guarda-Municipal-de-Juazeiro-GCM-6-1-300x333.jpg",300,333,true],"mantranews-block-medium":["https:\/\/blogopara.com.br\/wp-content\/uploads\/2022\/11\/Guarda-Municipal-de-Juazeiro-GCM-6-1-464x290.jpg",464,290,true],"mantranews-carousel-image":["https:\/\/blogopara.com.br\/wp-content\/uploads\/2022\/11\/Guarda-Municipal-de-Juazeiro-GCM-6-1.jpg",500,333,false],"mantranews-block-thumb":["https:\/\/blogopara.com.br\/wp-content\/uploads\/2022\/11\/Guarda-Municipal-de-Juazeiro-GCM-6-1-322x230.jpg",322,230,true],"mantranews-single-large":["https:\/\/blogopara.com.br\/wp-content\/uploads\/2022\/11\/Guarda-Municipal-de-Juazeiro-GCM-6-1.jpg",500,333,false]},"uagb_author_info":{"display_name":"Reda\u00e7\u00e3o geral","author_link":"https:\/\/blogopara.com.br\/index.php\/author\/blogopara"},"uagb_comment_info":0,"uagb_excerpt":"As guardas municipais desempenham atividade de seguran\u00e7a p\u00fablica com o poder\/dever de proteger os bens, servi\u00e7os e instala\u00e7\u00f5es municipais, bem como seus respectivos usu\u00e1rios. No entanto, n\u00e3o est\u00e3o autorizadas a atuar como verdadeira Pol\u00edcia, para reprimir e investigar a criminalidade urbana ordin\u00e1ria. Assim decidiu a 3\u00aa se\u00e7\u00e3o do STJ. Os ministros decidiram fixar o alcance&hellip;","jetpack_sharing_enabled":true,"jetpack_likes_enabled":true,"_links":{"self":[{"href":"https:\/\/blogopara.com.br\/index.php\/wp-json\/wp\/v2\/posts\/57649","targetHints":{"allow":["GET"]}}],"collection":[{"href":"https:\/\/blogopara.com.br\/index.php\/wp-json\/wp\/v2\/posts"}],"about":[{"href":"https:\/\/blogopara.com.br\/index.php\/wp-json\/wp\/v2\/types\/post"}],"author":[{"embeddable":true,"href":"https:\/\/blogopara.com.br\/index.php\/wp-json\/wp\/v2\/users\/1"}],"replies":[{"embeddable":true,"href":"https:\/\/blogopara.com.br\/index.php\/wp-json\/wp\/v2\/comments?post=57649"}],"version-history":[{"count":1,"href":"https:\/\/blogopara.com.br\/index.php\/wp-json\/wp\/v2\/posts\/57649\/revisions"}],"predecessor-version":[{"id":57650,"href":"https:\/\/blogopara.com.br\/index.php\/wp-json\/wp\/v2\/posts\/57649\/revisions\/57650"}],"wp:featuredmedia":[{"embeddable":true,"href":"https:\/\/blogopara.com.br\/index.php\/wp-json\/wp\/v2\/media\/45257"}],"wp:attachment":[{"href":"https:\/\/blogopara.com.br\/index.php\/wp-json\/wp\/v2\/media?parent=57649"}],"wp:term":[{"taxonomy":"category","embeddable":true,"href":"https:\/\/blogopara.com.br\/index.php\/wp-json\/wp\/v2\/categories?post=57649"},{"taxonomy":"post_tag","embeddable":true,"href":"https:\/\/blogopara.com.br\/index.php\/wp-json\/wp\/v2\/tags?post=57649"}],"curies":[{"name":"wp","href":"https:\/\/api.w.org\/{rel}","templated":true}]}}