{"id":57693,"date":"2023-10-01T09:02:00","date_gmt":"2023-10-01T12:02:00","guid":{"rendered":"https:\/\/blogopara.com.br\/?p=57693"},"modified":"2023-09-30T11:03:59","modified_gmt":"2023-09-30T14:03:59","slug":"prefeitura-de-juazeiro-realiza-prestacao-de-contas-do-2o-quadrimestre-de-2023-em-audiencia-publica","status":"publish","type":"post","link":"https:\/\/blogopara.com.br\/index.php\/2023\/10\/01\/prefeitura-de-juazeiro-realiza-prestacao-de-contas-do-2o-quadrimestre-de-2023-em-audiencia-publica","title":{"rendered":"Prefeitura de Juazeiro realiza presta\u00e7\u00e3o de contas do 2\u00ba quadrimestre de 2023 em audi\u00eancia p\u00fablica"},"content":{"rendered":"<div style=\"text-align: justify;\">A Controladoria Interna da Prefeitura de Juazeiro apresentou nesta sexta-feira (29), o Relat\u00f3rio de Gest\u00e3o Fiscal (RGF) referente ao segundo quadrimestre de 2023. A apresenta\u00e7\u00e3o ocorreu durante uma audi\u00eancia p\u00fablica realizada em uma sess\u00e3o especial na C\u00e2mara Municipal de Vereadores.<br aria-hidden=\"true\" \/><br aria-hidden=\"true\" \/>A presta\u00e7\u00e3o est\u00e1 em conformidade com a Lei de Responsabilidade Fiscal (LRF), que estabelece os valores m\u00ednimos a serem destinados anualmente pela Uni\u00e3o, estados, Distrito Federal e munic\u00edpios para a\u00e7\u00f5es e servi\u00e7os p\u00fablicos. Durante a apresenta\u00e7\u00e3o, foram trazidos todos os dados qualitativos e quantitativos do que foi investido no munic\u00edpio, assim como a\u00e7\u00f5es desenvolvidas, indicadores, estrat\u00e9gias e planejamento.<br aria-hidden=\"true\" \/><br aria-hidden=\"true\" \/>A realiza\u00e7\u00e3o da audi\u00eancia p\u00fablica demonstra o compromisso da Gest\u00e3o Suzana Ramos com a transpar\u00eancia na utiliza\u00e7\u00e3o dos recursos p\u00fablicos. &#8220;Os relat\u00f3rios apresentados hoje evidenciam como os recursos s\u00e3o aplicados de forma respons\u00e1vel e comprometida, pois nossa gest\u00e3o tem respeito pelo dinheiro p\u00fablico e prioriza o equil\u00edbrio fiscal. Seguimos trabalhando em benef\u00edcio do nosso povo, investindo al\u00e9m do que as leis exigem em setores essenciais como sa\u00fade e educa\u00e7\u00e3o\u201d, disse Suzana Ramos.<br aria-hidden=\"true\" \/><br aria-hidden=\"true\" \/><b>Sa\u00fade<\/b><\/div>\n<div style=\"text-align: justify;\">\u00a0<br aria-hidden=\"true\" \/>Na sa\u00fade, a aplica\u00e7\u00e3o m\u00ednima \u00e9 de 15% de sua receita pr\u00f3pria e o valor pago no quadrimestre correspondeu a 20,97%, superando os investimentos neste segundo quadrimestre, correspondendo a mais de R$ 50 milh\u00f5es investidos na sa\u00fade. O secret\u00e1rio de sa\u00fade Allan Jones, compareceu \u00e0 audi\u00eancia p\u00fablica para apresentar os n\u00fameros da pasta e destacou alguns dos principais investimentos nos \u00faltimos sete meses, com \u00eanfase neste quadrimestre.<br aria-hidden=\"true\" \/><br aria-hidden=\"true\" \/>\u201cNeste per\u00edodo entregamos seis UBS requalificadas, o CAPS AD III, o CEREST com carro Okm, al\u00e9m da Farm\u00e1cia Popular, temos ainda uma requalifica\u00e7\u00e3o em execu\u00e7\u00e3o que \u00e9 da UBS de Carna\u00edba. Temos tamb\u00e9m a requalifica\u00e7\u00e3o do Canil \/ Gatil, do Centro de Sa\u00fade I e II, e do CEO Centro (Centro de Especialidades Odontol\u00f3gicas), e tivemos o cuidado de trazer para alguns residenciais de maneira in\u00e9dita, UBS \u2013 sat\u00e9lites, em especial, para os Residenciais Doutor Humberto, Brisa da Serra e a comunidade Nossa Senhora das Grotas. Implementamos tamb\u00e9m a primeira equipe de Consult\u00f3rio na Rua de Juazeiro, acredito que a gest\u00e3o Suzana Ramos avan\u00e7ou e muito na sa\u00fade\u201d, ressaltou.<br aria-hidden=\"true\" \/><br aria-hidden=\"true\" \/><b>Educa\u00e7\u00e3o<\/b><\/div>\n<div style=\"text-align: justify;\"><br aria-hidden=\"true\" \/>Na educa\u00e7\u00e3o, o munic\u00edpio aplicou mais de R$ 213 milh\u00f5es, correspondendo a mais de 25% da sua receita.<\/div>\n","protected":false},"excerpt":{"rendered":"<p>A Controladoria Interna da Prefeitura de Juazeiro apresentou nesta sexta-feira (29), o Relat\u00f3rio de Gest\u00e3o Fiscal (RGF) referente ao segundo quadrimestre de 2023. A apresenta\u00e7\u00e3o ocorreu durante uma audi\u00eancia p\u00fablica realizada em uma sess\u00e3o especial na C\u00e2mara Municipal de Vereadores.A presta\u00e7\u00e3o est\u00e1 em conformidade com a Lei de Responsabilidade Fiscal (LRF), que estabelece os valores [&hellip;]<\/p>\n","protected":false},"author":1,"featured_media":57694,"comment_status":"closed","ping_status":"open","sticky":false,"template":"","format":"standard","meta":{"_uag_custom_page_level_css":"","_monsterinsights_skip_tracking":false,"_monsterinsights_sitenote_active":false,"_monsterinsights_sitenote_note":"","_monsterinsights_sitenote_category":0,"jetpack_post_was_ever_published":false,"_jetpack_newsletter_access":"","_jetpack_dont_email_post_to_subs":false,"_jetpack_newsletter_tier_id":0,"_jetpack_memberships_contains_paywalled_content":false,"_jetpack_memberships_contains_paid_content":false,"footnotes":"","jetpack_publicize_message":"","jetpack_publicize_feature_enabled":true,"jetpack_social_post_already_shared":true,"jetpack_social_options":{"image_generator_settings":{"template":"highway","default_image_id":0,"font":"","enabled":false},"version":2}},"categories":[203],"tags":[],"class_list":["post-57693","post","type-post","status-publish","format-standard","has-post-thumbnail","hentry","category-juazeiro"],"jetpack_publicize_connections":[],"jetpack_featured_media_url":"https:\/\/blogopara.com.br\/wp-content\/uploads\/2023\/09\/WhatsApp-Image-2023-09-29-at-15.53.29-2.jpeg","uagb_featured_image_src":{"full":["https:\/\/blogopara.com.br\/wp-content\/uploads\/2023\/09\/WhatsApp-Image-2023-09-29-at-15.53.29-2.jpeg",500,333,false],"thumbnail":["https:\/\/blogopara.com.br\/wp-content\/uploads\/2023\/09\/WhatsApp-Image-2023-09-29-at-15.53.29-2-150x150.jpeg",150,150,true],"medium":["https:\/\/blogopara.com.br\/wp-content\/uploads\/2023\/09\/WhatsApp-Image-2023-09-29-at-15.53.29-2-300x200.jpeg",300,200,true],"medium_large":["https:\/\/blogopara.com.br\/wp-content\/uploads\/2023\/09\/WhatsApp-Image-2023-09-29-at-15.53.29-2.jpeg",500,333,false],"large":["https:\/\/blogopara.com.br\/wp-content\/uploads\/2023\/09\/WhatsApp-Image-2023-09-29-at-15.53.29-2.jpeg",500,333,false],"1536x1536":["https:\/\/blogopara.com.br\/wp-content\/uploads\/2023\/09\/WhatsApp-Image-2023-09-29-at-15.53.29-2.jpeg",500,333,false],"2048x2048":["https:\/\/blogopara.com.br\/wp-content\/uploads\/2023\/09\/WhatsApp-Image-2023-09-29-at-15.53.29-2.jpeg",500,333,false],"mantranews-slider-large":["https:\/\/blogopara.com.br\/wp-content\/uploads\/2023\/09\/WhatsApp-Image-2023-09-29-at-15.53.29-2.jpeg",500,333,false],"mantranews-featured-medium":["https:\/\/blogopara.com.br\/wp-content\/uploads\/2023\/09\/WhatsApp-Image-2023-09-29-at-15.53.29-2-420x307.jpeg",420,307,true],"mantranews-featured-long":["https:\/\/blogopara.com.br\/wp-content\/uploads\/2023\/09\/WhatsApp-Image-2023-09-29-at-15.53.29-2-300x333.jpeg",300,333,true],"mantranews-block-medium":["https:\/\/blogopara.com.br\/wp-content\/uploads\/2023\/09\/WhatsApp-Image-2023-09-29-at-15.53.29-2-464x290.jpeg",464,290,true],"mantranews-carousel-image":["https:\/\/blogopara.com.br\/wp-content\/uploads\/2023\/09\/WhatsApp-Image-2023-09-29-at-15.53.29-2.jpeg",500,333,false],"mantranews-block-thumb":["https:\/\/blogopara.com.br\/wp-content\/uploads\/2023\/09\/WhatsApp-Image-2023-09-29-at-15.53.29-2-322x230.jpeg",322,230,true],"mantranews-single-large":["https:\/\/blogopara.com.br\/wp-content\/uploads\/2023\/09\/WhatsApp-Image-2023-09-29-at-15.53.29-2.jpeg",500,333,false]},"uagb_author_info":{"display_name":"Reda\u00e7\u00e3o geral","author_link":"https:\/\/blogopara.com.br\/index.php\/author\/blogopara"},"uagb_comment_info":0,"uagb_excerpt":"A Controladoria Interna da Prefeitura de Juazeiro apresentou nesta sexta-feira (29), o Relat\u00f3rio de Gest\u00e3o Fiscal (RGF) referente ao segundo quadrimestre de 2023. A apresenta\u00e7\u00e3o ocorreu durante uma audi\u00eancia p\u00fablica realizada em uma sess\u00e3o especial na C\u00e2mara Municipal de Vereadores.A presta\u00e7\u00e3o est\u00e1 em conformidade com a Lei de Responsabilidade Fiscal (LRF), que estabelece os valores&hellip;","jetpack_sharing_enabled":true,"jetpack_likes_enabled":true,"_links":{"self":[{"href":"https:\/\/blogopara.com.br\/index.php\/wp-json\/wp\/v2\/posts\/57693","targetHints":{"allow":["GET"]}}],"collection":[{"href":"https:\/\/blogopara.com.br\/index.php\/wp-json\/wp\/v2\/posts"}],"about":[{"href":"https:\/\/blogopara.com.br\/index.php\/wp-json\/wp\/v2\/types\/post"}],"author":[{"embeddable":true,"href":"https:\/\/blogopara.com.br\/index.php\/wp-json\/wp\/v2\/users\/1"}],"replies":[{"embeddable":true,"href":"https:\/\/blogopara.com.br\/index.php\/wp-json\/wp\/v2\/comments?post=57693"}],"version-history":[{"count":1,"href":"https:\/\/blogopara.com.br\/index.php\/wp-json\/wp\/v2\/posts\/57693\/revisions"}],"predecessor-version":[{"id":57695,"href":"https:\/\/blogopara.com.br\/index.php\/wp-json\/wp\/v2\/posts\/57693\/revisions\/57695"}],"wp:featuredmedia":[{"embeddable":true,"href":"https:\/\/blogopara.com.br\/index.php\/wp-json\/wp\/v2\/media\/57694"}],"wp:attachment":[{"href":"https:\/\/blogopara.com.br\/index.php\/wp-json\/wp\/v2\/media?parent=57693"}],"wp:term":[{"taxonomy":"category","embeddable":true,"href":"https:\/\/blogopara.com.br\/index.php\/wp-json\/wp\/v2\/categories?post=57693"},{"taxonomy":"post_tag","embeddable":true,"href":"https:\/\/blogopara.com.br\/index.php\/wp-json\/wp\/v2\/tags?post=57693"}],"curies":[{"name":"wp","href":"https:\/\/api.w.org\/{rel}","templated":true}]}}