{"id":57710,"date":"2023-10-01T11:14:00","date_gmt":"2023-10-01T14:14:00","guid":{"rendered":"https:\/\/blogopara.com.br\/?p=57710"},"modified":"2023-09-30T17:18:22","modified_gmt":"2023-09-30T20:18:22","slug":"datena-pede-demissao-de-programa-e-anuncia-afastamento-da-tv","status":"publish","type":"post","link":"https:\/\/blogopara.com.br\/index.php\/2023\/10\/01\/datena-pede-demissao-de-programa-e-anuncia-afastamento-da-tv","title":{"rendered":"Datena pede demiss\u00e3o de programa e anuncia afastamento da TV"},"content":{"rendered":"<p style=\"text-align: justify;\">Aos 66 anos, Datena resolveu dar um tempo na carreira. O apresentador anunciou que pediu demiss\u00e3o do programa que apresentava na R\u00e1dio Bandeirantes e que vai se afastar tamb\u00e9m, temporariamente, do &#8216;Brasil Urgente&#8217;, na TV Bandeirantes. As informa\u00e7\u00f5es foram confirmadas pelo Estad\u00e3o.<\/p>\n<p style=\"text-align: justify;\">De acordo com o apresentador, o motivo da pausa \u00e9 para cuidar da sa\u00fade. Sem dar muitos detalhes, Datena revelou que vai passar por duas cirurgias na pr\u00f3xima quinta-feira (5).<\/p>\n<p style=\"text-align: justify;\">Ao ser questionado sobre conflitos de opini\u00e3o com a dire\u00e7\u00e3o da r\u00e1dio, Datena negou que tenha sido a raz\u00e3o para a sa\u00edda.<\/p>\n<p style=\"text-align: justify;\">&#8220;Cansa\u00e7o e cuidar da sa\u00fade. Devo me afastar um tempo depois das cirurgias que farei no [hospital] S\u00edrio [Liban\u00eas]&#8221;, explicou, em entrevista ao portal Not\u00edcias da TV.<\/p>\n<p style=\"text-align: justify;\">No final de 2020, Datena chegou a ser internado \u00e0s pressas ap\u00f3s sentir dores no peito. Na \u00e9poca, aos 63 anos, ele falou sobre a sa\u00fade:<\/p>\n<p style=\"text-align: justify;\">&#8220;Esperan\u00e7a \u00e9 a palavra de sempre. Eu j\u00e1 luto contra todo tido de doen\u00e7a h\u00e1 muito tempo. E gra\u00e7as a Deus tenho vencido essas batalhas.&#8221;<\/p>\n<p style=\"text-align: justify;\">J\u00e1 em janeiro deste ano, Datena passou por um cateterismo ap\u00f3s exames mostrarem que ele estava com 70% das art\u00e9rias obstru\u00eddas.<\/p>\n","protected":false},"excerpt":{"rendered":"<p>Aos 66 anos, Datena resolveu dar um tempo na carreira. O apresentador anunciou que pediu demiss\u00e3o do programa que apresentava na R\u00e1dio Bandeirantes e que vai se afastar tamb\u00e9m, temporariamente, do &#8216;Brasil Urgente&#8217;, na TV Bandeirantes. As informa\u00e7\u00f5es foram confirmadas pelo Estad\u00e3o. De acordo com o apresentador, o motivo da pausa \u00e9 para cuidar da [&hellip;]<\/p>\n","protected":false},"author":1,"featured_media":57711,"comment_status":"closed","ping_status":"open","sticky":false,"template":"","format":"standard","meta":{"_uag_custom_page_level_css":"","_monsterinsights_skip_tracking":false,"_monsterinsights_sitenote_active":false,"_monsterinsights_sitenote_note":"","_monsterinsights_sitenote_category":0,"jetpack_post_was_ever_published":false,"_jetpack_newsletter_access":"","_jetpack_dont_email_post_to_subs":false,"_jetpack_newsletter_tier_id":0,"_jetpack_memberships_contains_paywalled_content":false,"_jetpack_memberships_contains_paid_content":false,"footnotes":"","jetpack_publicize_message":"","jetpack_publicize_feature_enabled":true,"jetpack_social_post_already_shared":true,"jetpack_social_options":{"image_generator_settings":{"template":"highway","default_image_id":0,"font":"","enabled":false},"version":2}},"categories":[203],"tags":[],"class_list":["post-57710","post","type-post","status-publish","format-standard","has-post-thumbnail","hentry","category-juazeiro"],"jetpack_publicize_connections":[],"jetpack_featured_media_url":"https:\/\/blogopara.com.br\/wp-content\/uploads\/2023\/09\/datena.jpg","uagb_featured_image_src":{"full":["https:\/\/blogopara.com.br\/wp-content\/uploads\/2023\/09\/datena.jpg",500,333,false],"thumbnail":["https:\/\/blogopara.com.br\/wp-content\/uploads\/2023\/09\/datena-150x150.jpg",150,150,true],"medium":["https:\/\/blogopara.com.br\/wp-content\/uploads\/2023\/09\/datena-300x200.jpg",300,200,true],"medium_large":["https:\/\/blogopara.com.br\/wp-content\/uploads\/2023\/09\/datena.jpg",500,333,false],"large":["https:\/\/blogopara.com.br\/wp-content\/uploads\/2023\/09\/datena.jpg",500,333,false],"1536x1536":["https:\/\/blogopara.com.br\/wp-content\/uploads\/2023\/09\/datena.jpg",500,333,false],"2048x2048":["https:\/\/blogopara.com.br\/wp-content\/uploads\/2023\/09\/datena.jpg",500,333,false],"mantranews-slider-large":["https:\/\/blogopara.com.br\/wp-content\/uploads\/2023\/09\/datena.jpg",500,333,false],"mantranews-featured-medium":["https:\/\/blogopara.com.br\/wp-content\/uploads\/2023\/09\/datena-420x307.jpg",420,307,true],"mantranews-featured-long":["https:\/\/blogopara.com.br\/wp-content\/uploads\/2023\/09\/datena-300x333.jpg",300,333,true],"mantranews-block-medium":["https:\/\/blogopara.com.br\/wp-content\/uploads\/2023\/09\/datena-464x290.jpg",464,290,true],"mantranews-carousel-image":["https:\/\/blogopara.com.br\/wp-content\/uploads\/2023\/09\/datena.jpg",500,333,false],"mantranews-block-thumb":["https:\/\/blogopara.com.br\/wp-content\/uploads\/2023\/09\/datena-322x230.jpg",322,230,true],"mantranews-single-large":["https:\/\/blogopara.com.br\/wp-content\/uploads\/2023\/09\/datena.jpg",500,333,false]},"uagb_author_info":{"display_name":"Reda\u00e7\u00e3o geral","author_link":"https:\/\/blogopara.com.br\/index.php\/author\/blogopara"},"uagb_comment_info":0,"uagb_excerpt":"Aos 66 anos, Datena resolveu dar um tempo na carreira. O apresentador anunciou que pediu demiss\u00e3o do programa que apresentava na R\u00e1dio Bandeirantes e que vai se afastar tamb\u00e9m, temporariamente, do &#8216;Brasil Urgente&#8217;, na TV Bandeirantes. As informa\u00e7\u00f5es foram confirmadas pelo Estad\u00e3o. De acordo com o apresentador, o motivo da pausa \u00e9 para cuidar da&hellip;","jetpack_sharing_enabled":true,"jetpack_likes_enabled":true,"_links":{"self":[{"href":"https:\/\/blogopara.com.br\/index.php\/wp-json\/wp\/v2\/posts\/57710","targetHints":{"allow":["GET"]}}],"collection":[{"href":"https:\/\/blogopara.com.br\/index.php\/wp-json\/wp\/v2\/posts"}],"about":[{"href":"https:\/\/blogopara.com.br\/index.php\/wp-json\/wp\/v2\/types\/post"}],"author":[{"embeddable":true,"href":"https:\/\/blogopara.com.br\/index.php\/wp-json\/wp\/v2\/users\/1"}],"replies":[{"embeddable":true,"href":"https:\/\/blogopara.com.br\/index.php\/wp-json\/wp\/v2\/comments?post=57710"}],"version-history":[{"count":1,"href":"https:\/\/blogopara.com.br\/index.php\/wp-json\/wp\/v2\/posts\/57710\/revisions"}],"predecessor-version":[{"id":57712,"href":"https:\/\/blogopara.com.br\/index.php\/wp-json\/wp\/v2\/posts\/57710\/revisions\/57712"}],"wp:featuredmedia":[{"embeddable":true,"href":"https:\/\/blogopara.com.br\/index.php\/wp-json\/wp\/v2\/media\/57711"}],"wp:attachment":[{"href":"https:\/\/blogopara.com.br\/index.php\/wp-json\/wp\/v2\/media?parent=57710"}],"wp:term":[{"taxonomy":"category","embeddable":true,"href":"https:\/\/blogopara.com.br\/index.php\/wp-json\/wp\/v2\/categories?post=57710"},{"taxonomy":"post_tag","embeddable":true,"href":"https:\/\/blogopara.com.br\/index.php\/wp-json\/wp\/v2\/tags?post=57710"}],"curies":[{"name":"wp","href":"https:\/\/api.w.org\/{rel}","templated":true}]}}