{"id":57731,"date":"2023-10-02T13:46:00","date_gmt":"2023-10-02T16:46:00","guid":{"rendered":"https:\/\/blogopara.com.br\/?p=57731"},"modified":"2023-10-01T09:50:12","modified_gmt":"2023-10-01T12:50:12","slug":"projeto-em-fortaleza-pode-derrubar-a-internet-em-todo-o-pais","status":"publish","type":"post","link":"https:\/\/blogopara.com.br\/index.php\/2023\/10\/02\/projeto-em-fortaleza-pode-derrubar-a-internet-em-todo-o-pais","title":{"rendered":"Projeto em Fortaleza pode derrubar a internet em todo o pa\u00eds"},"content":{"rendered":"<div class=\"mdc-layout-grid__cell mdc-layout-grid__cell--span-6-desktop mdc-layout-grid__cell--span-8-tablet comp paragrafo cXenseParse\">\n<p style=\"text-align: justify;\">Um projeto que pode derrubar a internet de todo o pa\u00eds est\u00e1 dando o que falar. O respons\u00e1vel pelo planejamento \u00e9 o governo do Cear\u00e1, que estuda a possibilidade de uma usina tirar sal da \u00e1gua do mar e abastecer a popula\u00e7\u00e3o de Fortaleza.<\/p>\n<p>Apesar da proposta ainda n\u00e3o ter sa\u00eddo do papel, os governantes j\u00e1 est\u00e3o em embate direto com as empresas do setor de internet.<\/p>\n<p>O problema \u00e9 que a Praia do Futuro, em Fortaleza, \u00e9 o local onde a usina de dessaliniza\u00e7\u00e3o ser\u00e1 constru\u00edda. E \u00e9 l\u00e1 que tamb\u00e9m existe um hub, um ponto de conex\u00e3o de cabos submarinos que ligam o pa\u00eds a outras regi\u00f5es do planeta (\u00c1frica, Europa e Am\u00e9rica do Norte e Central).<\/p>\n<\/div>\n<div class=\"mdc-layout-grid__cell mdc-layout-grid__cell--span-6-desktop mdc-layout-grid__cell--span-8-tablet comp paragrafo cXenseParse\" style=\"text-align: justify;\">\n<p>Essa localiza\u00e7\u00e3o \u00e9 estrat\u00e9gica porque Fortaleza fica em um ponto central entre a \u00c1frica, a Europa e os Estados Unidos, que concentram a maior parte dos dados de internet no mundo.<\/p>\n<\/div>\n<div class=\"mdc-layout-grid__cell mdc-layout-grid__cell--span-6-desktop mdc-layout-grid__cell--span-8-tablet comp paragrafo cXenseParse\" style=\"text-align: justify;\">\n<p>O grande problema \u00e9 que, segundo o Minist\u00e9rio das Comunica\u00e7\u00f5es, 90% do tr\u00e1fego de internet do Brasil passa pelo local e, com a constru\u00e7\u00e3o da usina, pode ocorrer rompimento nos cabos no mar e, principalmente, na terra, o que levaria a um apag\u00e3o de internet no pa\u00eds.<\/p>\n<\/div>\n<div class=\"mdc-layout-grid__cell mdc-layout-grid__cell--span-6-desktop mdc-layout-grid__cell--span-8-tablet comp paragrafo cXenseParse\" style=\"text-align: justify;\">\n<p>&#8220;Normalmente, quando tem uma ruptura de uma infra estrutura dessa demora de 40 a 50 dias para ser restabelecido o servi\u00e7o, ent\u00e3o voc\u00ea imagina o impacto que teria, por hip\u00f3tese, se houvesse um problema com essa infraestrutura, numa regi\u00e3o que s\u00e3o os hubs. Eu n\u00e3o estou falando s\u00f3 de uma subesta\u00e7\u00e3o. Estou falando de diversas subesta\u00e7\u00f5es na regi\u00e3o&#8221;, diz Luiz Henrique Barbosa, da Associa\u00e7\u00e3o de Prestadores de Servi\u00e7os de Telecomunica\u00e7\u00f5es em entrevista ao Jornal Nacional.<\/p>\n<\/div>\n<div class=\"mdc-layout-grid__cell mdc-layout-grid__cell--span-6-desktop mdc-layout-grid__cell--span-8-tablet comp paragrafo cXenseParse\" style=\"text-align: justify;\">\n<p>Respons\u00e1vel pela contrata\u00e7\u00e3o do projeto, a Companhia de \u00c1gua e Esgoto do Cear\u00e1, por sua vez, garante que o ponto de capta\u00e7\u00e3o da \u00e1gua do mar j\u00e1 foi deslocado para uma \u00e1rea que fica a mais de 500 metros de onde passam os cabos submarinos, e que o terreno destinado \u00e0 usina permanece a cerca 50 metros do trecho dos cabos instalados em terra, impedindo quaisquer riscos.<\/p>\n<\/div>\n<div id=\"single_bot_piano\" class=\"mdc-layout-grid__cell mdc-layout-grid__cell--span-6-desktop mdc-layout-grid__cell--span-8-tablet comp\" style=\"text-align: justify;\"><\/div>\n","protected":false},"excerpt":{"rendered":"<p>Um projeto que pode derrubar a internet de todo o pa\u00eds est\u00e1 dando o que falar. O respons\u00e1vel pelo planejamento \u00e9 o governo do Cear\u00e1, que estuda a possibilidade de uma usina tirar sal da \u00e1gua do mar e abastecer a popula\u00e7\u00e3o de Fortaleza. Apesar da proposta ainda n\u00e3o ter sa\u00eddo do papel, os governantes [&hellip;]<\/p>\n","protected":false},"author":1,"featured_media":57732,"comment_status":"closed","ping_status":"open","sticky":false,"template":"","format":"standard","meta":{"_uag_custom_page_level_css":"","_monsterinsights_skip_tracking":false,"_monsterinsights_sitenote_active":false,"_monsterinsights_sitenote_note":"","_monsterinsights_sitenote_category":0,"jetpack_post_was_ever_published":false,"_jetpack_newsletter_access":"","_jetpack_dont_email_post_to_subs":false,"_jetpack_newsletter_tier_id":0,"_jetpack_memberships_contains_paywalled_content":false,"_jetpack_memberships_contains_paid_content":false,"footnotes":"","jetpack_publicize_message":"","jetpack_publicize_feature_enabled":true,"jetpack_social_post_already_shared":true,"jetpack_social_options":{"image_generator_settings":{"template":"highway","default_image_id":0,"font":"","enabled":false},"version":2}},"categories":[203],"tags":[],"class_list":["post-57731","post","type-post","status-publish","format-standard","has-post-thumbnail","hentry","category-juazeiro"],"jetpack_publicize_connections":[],"jetpack_featured_media_url":"https:\/\/blogopara.com.br\/wp-content\/uploads\/2023\/10\/tFpNMtlkSu40FGcykBpFzIgINytb9h-metaV2hhdHNBcHAgSW1hZ2UgMjAyMy0xMC0wMSBhdCAwOC40NS40Ni5qcGVn-.jpg","uagb_featured_image_src":{"full":["https:\/\/blogopara.com.br\/wp-content\/uploads\/2023\/10\/tFpNMtlkSu40FGcykBpFzIgINytb9h-metaV2hhdHNBcHAgSW1hZ2UgMjAyMy0xMC0wMSBhdCAwOC40NS40Ni5qcGVn-.jpg",500,343,false],"thumbnail":["https:\/\/blogopara.com.br\/wp-content\/uploads\/2023\/10\/tFpNMtlkSu40FGcykBpFzIgINytb9h-metaV2hhdHNBcHAgSW1hZ2UgMjAyMy0xMC0wMSBhdCAwOC40NS40Ni5qcGVn--150x150.jpg",150,150,true],"medium":["https:\/\/blogopara.com.br\/wp-content\/uploads\/2023\/10\/tFpNMtlkSu40FGcykBpFzIgINytb9h-metaV2hhdHNBcHAgSW1hZ2UgMjAyMy0xMC0wMSBhdCAwOC40NS40Ni5qcGVn--300x206.jpg",300,206,true],"medium_large":["https:\/\/blogopara.com.br\/wp-content\/uploads\/2023\/10\/tFpNMtlkSu40FGcykBpFzIgINytb9h-metaV2hhdHNBcHAgSW1hZ2UgMjAyMy0xMC0wMSBhdCAwOC40NS40Ni5qcGVn-.jpg",500,343,false],"large":["https:\/\/blogopara.com.br\/wp-content\/uploads\/2023\/10\/tFpNMtlkSu40FGcykBpFzIgINytb9h-metaV2hhdHNBcHAgSW1hZ2UgMjAyMy0xMC0wMSBhdCAwOC40NS40Ni5qcGVn-.jpg",500,343,false],"1536x1536":["https:\/\/blogopara.com.br\/wp-content\/uploads\/2023\/10\/tFpNMtlkSu40FGcykBpFzIgINytb9h-metaV2hhdHNBcHAgSW1hZ2UgMjAyMy0xMC0wMSBhdCAwOC40NS40Ni5qcGVn-.jpg",500,343,false],"2048x2048":["https:\/\/blogopara.com.br\/wp-content\/uploads\/2023\/10\/tFpNMtlkSu40FGcykBpFzIgINytb9h-metaV2hhdHNBcHAgSW1hZ2UgMjAyMy0xMC0wMSBhdCAwOC40NS40Ni5qcGVn-.jpg",500,343,false],"mantranews-slider-large":["https:\/\/blogopara.com.br\/wp-content\/uploads\/2023\/10\/tFpNMtlkSu40FGcykBpFzIgINytb9h-metaV2hhdHNBcHAgSW1hZ2UgMjAyMy0xMC0wMSBhdCAwOC40NS40Ni5qcGVn-.jpg",500,343,false],"mantranews-featured-medium":["https:\/\/blogopara.com.br\/wp-content\/uploads\/2023\/10\/tFpNMtlkSu40FGcykBpFzIgINytb9h-metaV2hhdHNBcHAgSW1hZ2UgMjAyMy0xMC0wMSBhdCAwOC40NS40Ni5qcGVn--420x307.jpg",420,307,true],"mantranews-featured-long":["https:\/\/blogopara.com.br\/wp-content\/uploads\/2023\/10\/tFpNMtlkSu40FGcykBpFzIgINytb9h-metaV2hhdHNBcHAgSW1hZ2UgMjAyMy0xMC0wMSBhdCAwOC40NS40Ni5qcGVn--300x343.jpg",300,343,true],"mantranews-block-medium":["https:\/\/blogopara.com.br\/wp-content\/uploads\/2023\/10\/tFpNMtlkSu40FGcykBpFzIgINytb9h-metaV2hhdHNBcHAgSW1hZ2UgMjAyMy0xMC0wMSBhdCAwOC40NS40Ni5qcGVn--464x290.jpg",464,290,true],"mantranews-carousel-image":["https:\/\/blogopara.com.br\/wp-content\/uploads\/2023\/10\/tFpNMtlkSu40FGcykBpFzIgINytb9h-metaV2hhdHNBcHAgSW1hZ2UgMjAyMy0xMC0wMSBhdCAwOC40NS40Ni5qcGVn-.jpg",500,343,false],"mantranews-block-thumb":["https:\/\/blogopara.com.br\/wp-content\/uploads\/2023\/10\/tFpNMtlkSu40FGcykBpFzIgINytb9h-metaV2hhdHNBcHAgSW1hZ2UgMjAyMy0xMC0wMSBhdCAwOC40NS40Ni5qcGVn--322x230.jpg",322,230,true],"mantranews-single-large":["https:\/\/blogopara.com.br\/wp-content\/uploads\/2023\/10\/tFpNMtlkSu40FGcykBpFzIgINytb9h-metaV2hhdHNBcHAgSW1hZ2UgMjAyMy0xMC0wMSBhdCAwOC40NS40Ni5qcGVn-.jpg",500,343,false]},"uagb_author_info":{"display_name":"Reda\u00e7\u00e3o geral","author_link":"https:\/\/blogopara.com.br\/index.php\/author\/blogopara"},"uagb_comment_info":0,"uagb_excerpt":"Um projeto que pode derrubar a internet de todo o pa\u00eds est\u00e1 dando o que falar. O respons\u00e1vel pelo planejamento \u00e9 o governo do Cear\u00e1, que estuda a possibilidade de uma usina tirar sal da \u00e1gua do mar e abastecer a popula\u00e7\u00e3o de Fortaleza. Apesar da proposta ainda n\u00e3o ter sa\u00eddo do papel, os governantes&hellip;","jetpack_sharing_enabled":true,"jetpack_likes_enabled":true,"_links":{"self":[{"href":"https:\/\/blogopara.com.br\/index.php\/wp-json\/wp\/v2\/posts\/57731","targetHints":{"allow":["GET"]}}],"collection":[{"href":"https:\/\/blogopara.com.br\/index.php\/wp-json\/wp\/v2\/posts"}],"about":[{"href":"https:\/\/blogopara.com.br\/index.php\/wp-json\/wp\/v2\/types\/post"}],"author":[{"embeddable":true,"href":"https:\/\/blogopara.com.br\/index.php\/wp-json\/wp\/v2\/users\/1"}],"replies":[{"embeddable":true,"href":"https:\/\/blogopara.com.br\/index.php\/wp-json\/wp\/v2\/comments?post=57731"}],"version-history":[{"count":1,"href":"https:\/\/blogopara.com.br\/index.php\/wp-json\/wp\/v2\/posts\/57731\/revisions"}],"predecessor-version":[{"id":57733,"href":"https:\/\/blogopara.com.br\/index.php\/wp-json\/wp\/v2\/posts\/57731\/revisions\/57733"}],"wp:featuredmedia":[{"embeddable":true,"href":"https:\/\/blogopara.com.br\/index.php\/wp-json\/wp\/v2\/media\/57732"}],"wp:attachment":[{"href":"https:\/\/blogopara.com.br\/index.php\/wp-json\/wp\/v2\/media?parent=57731"}],"wp:term":[{"taxonomy":"category","embeddable":true,"href":"https:\/\/blogopara.com.br\/index.php\/wp-json\/wp\/v2\/categories?post=57731"},{"taxonomy":"post_tag","embeddable":true,"href":"https:\/\/blogopara.com.br\/index.php\/wp-json\/wp\/v2\/tags?post=57731"}],"curies":[{"name":"wp","href":"https:\/\/api.w.org\/{rel}","templated":true}]}}