{"id":57734,"date":"2023-10-02T18:52:00","date_gmt":"2023-10-02T21:52:00","guid":{"rendered":"https:\/\/blogopara.com.br\/?p=57734"},"modified":"2023-10-01T12:46:55","modified_gmt":"2023-10-01T15:46:55","slug":"sandy-e-lucas-lima-comentam-separacao-a-gente-se-ama-muito-somos-melhores-amigos","status":"publish","type":"post","link":"https:\/\/blogopara.com.br\/index.php\/2023\/10\/02\/sandy-e-lucas-lima-comentam-separacao-a-gente-se-ama-muito-somos-melhores-amigos","title":{"rendered":"Sandy e Lucas Lima comentam separa\u00e7\u00e3o: &#8220;A gente se ama muito, somos melhores amigos&#8221;"},"content":{"rendered":"<div class=\"mdc-layout-grid__cell mdc-layout-grid__cell--span-6-desktop mdc-layout-grid__cell--span-8-tablet comp paragrafo cXenseParse\">\n<p style=\"text-align: justify;\">Sandy e Lucas Lima, ambos de 40 anos, comentaram a decis\u00e3o de se separar publicamente pela primeira vez desde que anunciaram o fim da uni\u00e3o de 24 anos nas redes sociais. O ex-casal foi convidado para o programa Altas Horas, da Rede Globo, exibido neste s\u00e1bado (30).<\/p>\n<p>Logo no in\u00edcio da atra\u00e7\u00e3o, o apresentador Serginho Groisman comentou sobre o assunto. \u201cA grava\u00e7\u00e3o desse programa foi feita na ter\u00e7a-feira e segunda fomos impactados com a not\u00edcia. A gente conversou muito antes do programa, preciso dizer primeiro do amor que temos por eles e o respeito profissional que eles t\u00eam tamb\u00e9m. A gente j\u00e1 tinha marcado esse programa e eles honraram o compromisso vindo aqui. Tamb\u00e9m \u00e9 o momento de saber um pouco desse impacto que est\u00e1 causando nas pessoas que amam voc\u00eas\u201d, disse.<\/p>\n<\/div>\n<div class=\"mdc-layout-grid__cell mdc-layout-grid__cell--span-6-desktop mdc-layout-grid__cell--span-8-tablet comp paragrafo cXenseParse\" style=\"text-align: justify;\">\n<p>Em seguida, os cantores falaram sobre a separa\u00e7\u00e3o. \u201cN\u00e3o \u00e9 uma coisa f\u00e1cil de fazer, porque as pessoas n\u00e3o sabem como se portar esperando o que a gente vai fazer, mas existe uma amizade, um amor de 24 anos e isso nunca vai mudar. Pra mim e pra ele n\u00e3o \u00e9 estranho estar aqui. A gente se ama muito, somos melhores amigos, temos um fruto lindo que \u00e9 o Theo, de 9 anos, nosso filho que \u00e9 a prioridade\u201d, afirmou Sandy.<\/p>\n<\/div>\n<div class=\"mdc-layout-grid__cell mdc-layout-grid__cell--span-6-desktop mdc-layout-grid__cell--span-8-tablet comp paragrafo cXenseParse\" style=\"text-align: justify;\">\n<p>\u201cEstamos conversando h\u00e1 muito tempo. \u00c9 uma decis\u00e3o que tomamos h\u00e1 muito tempo. Precisamos organizar a nossa vida, organizar o Theo para trazer essa not\u00edcia. A gente entende que essa not\u00edcia tem que ser do mundo. Tamb\u00e9m foi um processo longo e de muita conversa, descobrimos um carinho diferente. Um casal com filhos nunca se separa\u201d, explicou o m\u00fasico.<\/p>\n<\/div>\n<div class=\"mdc-layout-grid__cell mdc-layout-grid__cell--span-6-desktop mdc-layout-grid__cell--span-8-tablet comp paragrafo cXenseParse\" style=\"text-align: justify;\">\n<p>\u201cO amor \u00e9 um elo para sempre\u201d, completou a cantora.<\/p>\n<\/div>\n<div class=\"mdc-layout-grid__cell mdc-layout-grid__cell--span-6-desktop mdc-layout-grid__cell--span-8-tablet comp paragrafo cXenseParse\" style=\"text-align: justify;\">\n<p>\u201cEstamos ressignificando esse amor. Faz um m\u00eas e pouco que decidimos&#8230;\u201d, disse o m\u00fasico.<\/p>\n<\/div>\n<div class=\"mdc-layout-grid__cell mdc-layout-grid__cell--span-6-desktop mdc-layout-grid__cell--span-8-tablet comp paragrafo cXenseParse\" style=\"text-align: justify;\">\n<p>\u201cFaz um tempinho, n\u00e3o precisamos dar n\u00famero, n\u00e3o foi uma coisa que a gente decidiu, acabou, n\u00e3o foi uma cosia impulsiva. As pessoas especulam, \u00e9 muito doloroso, n\u00e3o comunicamos para as pessoas assim que decidimos. Est\u00e1 tudo bem entre n\u00f3s, \u00e9 uma decis\u00e3o amadurecida\u201d, seguiu Sandy.<\/p>\n<\/div>\n<div class=\"mdc-layout-grid__cell mdc-layout-grid__cell--span-6-desktop mdc-layout-grid__cell--span-8-tablet comp paragrafo cXenseParse\" style=\"text-align: justify;\">\n<p>\u201cConversamos com amigos e o que sentimos, n\u00e3o \u00e9 incomum, mas \u00e9 dif\u00edcil encerrar um relacionamento assim, muitas pessoas deixam a chegar em brigas. A gente n\u00e3o deixou chegar a esse momento\u201d, finalizou Lucas.<\/p>\n<\/div>\n<div class=\"mdc-layout-grid__cell mdc-layout-grid__cell--span-6-desktop mdc-layout-grid__cell--span-8-tablet comp paragrafo cXenseParse\" style=\"text-align: justify;\">\n<p>\u201c\u00c9 muito dif\u00edcil, a gente sofre, chora, temos altos e baixos\u201d, finalizou Sandy.<\/p>\n<\/div>\n<div class=\"mdc-layout-grid__cell mdc-layout-grid__cell--span-6-desktop mdc-layout-grid__cell--span-8-tablet comp paragrafo cXenseParse\" style=\"text-align: justify;\">\n<p>Sandy e Lucas Lima anunciaram a separa\u00e7\u00e3o na \u00faltima segunda-feira (25). Os dois, que s\u00e3o pais de Theo, de 9 anos, estavam juntos h\u00e1 24 anos, sendo 15 de casados.<\/p>\n<\/div>\n<div id=\"single_bot_piano\" class=\"mdc-layout-grid__cell mdc-layout-grid__cell--span-6-desktop mdc-layout-grid__cell--span-8-tablet comp\" style=\"text-align: justify;\"><\/div>\n","protected":false},"excerpt":{"rendered":"<p>Sandy e Lucas Lima, ambos de 40 anos, comentaram a decis\u00e3o de se separar publicamente pela primeira vez desde que anunciaram o fim da uni\u00e3o de 24 anos nas redes sociais. O ex-casal foi convidado para o programa Altas Horas, da Rede Globo, exibido neste s\u00e1bado (30). Logo no in\u00edcio da atra\u00e7\u00e3o, o apresentador Serginho [&hellip;]<\/p>\n","protected":false},"author":1,"featured_media":57735,"comment_status":"closed","ping_status":"open","sticky":false,"template":"","format":"standard","meta":{"_uag_custom_page_level_css":"","_monsterinsights_skip_tracking":false,"_monsterinsights_sitenote_active":false,"_monsterinsights_sitenote_note":"","_monsterinsights_sitenote_category":0,"jetpack_post_was_ever_published":false,"_jetpack_newsletter_access":"","_jetpack_dont_email_post_to_subs":false,"_jetpack_newsletter_tier_id":0,"_jetpack_memberships_contains_paywalled_content":false,"_jetpack_memberships_contains_paid_content":false,"footnotes":"","jetpack_publicize_message":"","jetpack_publicize_feature_enabled":true,"jetpack_social_post_already_shared":true,"jetpack_social_options":{"image_generator_settings":{"template":"highway","default_image_id":0,"font":"","enabled":false},"version":2}},"categories":[203],"tags":[],"class_list":["post-57734","post","type-post","status-publish","format-standard","has-post-thumbnail","hentry","category-juazeiro"],"jetpack_publicize_connections":[],"jetpack_featured_media_url":"https:\/\/blogopara.com.br\/wp-content\/uploads\/2023\/10\/sandy-e-lucas-lima-lancam-versao-de-lugar-ao-sol-1613864554538_v2_4x3.jpg","uagb_featured_image_src":{"full":["https:\/\/blogopara.com.br\/wp-content\/uploads\/2023\/10\/sandy-e-lucas-lima-lancam-versao-de-lugar-ao-sol-1613864554538_v2_4x3.jpg",500,375,false],"thumbnail":["https:\/\/blogopara.com.br\/wp-content\/uploads\/2023\/10\/sandy-e-lucas-lima-lancam-versao-de-lugar-ao-sol-1613864554538_v2_4x3-150x150.jpg",150,150,true],"medium":["https:\/\/blogopara.com.br\/wp-content\/uploads\/2023\/10\/sandy-e-lucas-lima-lancam-versao-de-lugar-ao-sol-1613864554538_v2_4x3-300x225.jpg",300,225,true],"medium_large":["https:\/\/blogopara.com.br\/wp-content\/uploads\/2023\/10\/sandy-e-lucas-lima-lancam-versao-de-lugar-ao-sol-1613864554538_v2_4x3.jpg",500,375,false],"large":["https:\/\/blogopara.com.br\/wp-content\/uploads\/2023\/10\/sandy-e-lucas-lima-lancam-versao-de-lugar-ao-sol-1613864554538_v2_4x3.jpg",500,375,false],"1536x1536":["https:\/\/blogopara.com.br\/wp-content\/uploads\/2023\/10\/sandy-e-lucas-lima-lancam-versao-de-lugar-ao-sol-1613864554538_v2_4x3.jpg",500,375,false],"2048x2048":["https:\/\/blogopara.com.br\/wp-content\/uploads\/2023\/10\/sandy-e-lucas-lima-lancam-versao-de-lugar-ao-sol-1613864554538_v2_4x3.jpg",500,375,false],"mantranews-slider-large":["https:\/\/blogopara.com.br\/wp-content\/uploads\/2023\/10\/sandy-e-lucas-lima-lancam-versao-de-lugar-ao-sol-1613864554538_v2_4x3.jpg",500,375,false],"mantranews-featured-medium":["https:\/\/blogopara.com.br\/wp-content\/uploads\/2023\/10\/sandy-e-lucas-lima-lancam-versao-de-lugar-ao-sol-1613864554538_v2_4x3-420x307.jpg",420,307,true],"mantranews-featured-long":["https:\/\/blogopara.com.br\/wp-content\/uploads\/2023\/10\/sandy-e-lucas-lima-lancam-versao-de-lugar-ao-sol-1613864554538_v2_4x3-300x375.jpg",300,375,true],"mantranews-block-medium":["https:\/\/blogopara.com.br\/wp-content\/uploads\/2023\/10\/sandy-e-lucas-lima-lancam-versao-de-lugar-ao-sol-1613864554538_v2_4x3-464x290.jpg",464,290,true],"mantranews-carousel-image":["https:\/\/blogopara.com.br\/wp-content\/uploads\/2023\/10\/sandy-e-lucas-lima-lancam-versao-de-lugar-ao-sol-1613864554538_v2_4x3.jpg",500,375,false],"mantranews-block-thumb":["https:\/\/blogopara.com.br\/wp-content\/uploads\/2023\/10\/sandy-e-lucas-lima-lancam-versao-de-lugar-ao-sol-1613864554538_v2_4x3-322x230.jpg",322,230,true],"mantranews-single-large":["https:\/\/blogopara.com.br\/wp-content\/uploads\/2023\/10\/sandy-e-lucas-lima-lancam-versao-de-lugar-ao-sol-1613864554538_v2_4x3.jpg",500,375,false]},"uagb_author_info":{"display_name":"Reda\u00e7\u00e3o geral","author_link":"https:\/\/blogopara.com.br\/index.php\/author\/blogopara"},"uagb_comment_info":0,"uagb_excerpt":"Sandy e Lucas Lima, ambos de 40 anos, comentaram a decis\u00e3o de se separar publicamente pela primeira vez desde que anunciaram o fim da uni\u00e3o de 24 anos nas redes sociais. O ex-casal foi convidado para o programa Altas Horas, da Rede Globo, exibido neste s\u00e1bado (30). Logo no in\u00edcio da atra\u00e7\u00e3o, o apresentador Serginho&hellip;","jetpack_sharing_enabled":true,"jetpack_likes_enabled":true,"_links":{"self":[{"href":"https:\/\/blogopara.com.br\/index.php\/wp-json\/wp\/v2\/posts\/57734","targetHints":{"allow":["GET"]}}],"collection":[{"href":"https:\/\/blogopara.com.br\/index.php\/wp-json\/wp\/v2\/posts"}],"about":[{"href":"https:\/\/blogopara.com.br\/index.php\/wp-json\/wp\/v2\/types\/post"}],"author":[{"embeddable":true,"href":"https:\/\/blogopara.com.br\/index.php\/wp-json\/wp\/v2\/users\/1"}],"replies":[{"embeddable":true,"href":"https:\/\/blogopara.com.br\/index.php\/wp-json\/wp\/v2\/comments?post=57734"}],"version-history":[{"count":1,"href":"https:\/\/blogopara.com.br\/index.php\/wp-json\/wp\/v2\/posts\/57734\/revisions"}],"predecessor-version":[{"id":57736,"href":"https:\/\/blogopara.com.br\/index.php\/wp-json\/wp\/v2\/posts\/57734\/revisions\/57736"}],"wp:featuredmedia":[{"embeddable":true,"href":"https:\/\/blogopara.com.br\/index.php\/wp-json\/wp\/v2\/media\/57735"}],"wp:attachment":[{"href":"https:\/\/blogopara.com.br\/index.php\/wp-json\/wp\/v2\/media?parent=57734"}],"wp:term":[{"taxonomy":"category","embeddable":true,"href":"https:\/\/blogopara.com.br\/index.php\/wp-json\/wp\/v2\/categories?post=57734"},{"taxonomy":"post_tag","embeddable":true,"href":"https:\/\/blogopara.com.br\/index.php\/wp-json\/wp\/v2\/tags?post=57734"}],"curies":[{"name":"wp","href":"https:\/\/api.w.org\/{rel}","templated":true}]}}