{"id":57740,"date":"2023-10-02T16:38:00","date_gmt":"2023-10-02T19:38:00","guid":{"rendered":"https:\/\/blogopara.com.br\/?p=57740"},"modified":"2023-10-01T12:40:38","modified_gmt":"2023-10-01T15:40:38","slug":"setembro-azul-prefeitura-de-juazeiro-promove-inclusao-com-aulao-de-libras-gratuito","status":"publish","type":"post","link":"https:\/\/blogopara.com.br\/index.php\/2023\/10\/02\/setembro-azul-prefeitura-de-juazeiro-promove-inclusao-com-aulao-de-libras-gratuito","title":{"rendered":"Setembro Azul: Prefeitura de Juazeiro promove inclus\u00e3o com Aul\u00e3o de Libras gratuito"},"content":{"rendered":"<p class=\"x_MsoNormal\" style=\"text-align: justify;\">Para encerrar o m\u00eas de visibilidade da comunidade surda, celebrado com a Campanha Setembro Azul, a Prefeitura de Juazeiro, atrav\u00e9s da Secretaria de Educa\u00e7\u00e3o e Juventude (Seduc), realizou neste s\u00e1bado (30), o 1\u00ba Aul\u00e3o de Libras (L\u00edngua Brasileira de Sinais) da Escola de Idiomas. Com dura\u00e7\u00e3o de 4h, o aul\u00e3o gratuito aconteceu no audit\u00f3rio da Seduc e contou com a presen\u00e7a de mais de 100 participantes.<\/p>\n<p class=\"x_MsoNormal\" style=\"text-align: justify;\">Durante o aul\u00e3o, os participantes aprenderam alguns t\u00f3picos para inicia\u00e7\u00e3o do di\u00e1logo em Libras. \u201cEstamos muito felizes por participar dessa campanha, uma vez que ofertamos a L\u00edngua Brasileira de Sinais na Escola de Idiomas e sabemos a import\u00e2ncia que tem difundi-la. No aul\u00e3o, os participantes tiveram a oportunidade de conhecer alguns t\u00f3picos culturais sobre a l\u00edngua, aprenderam soletra\u00e7\u00e3o, sauda\u00e7\u00f5es, integrantes da fam\u00edlia, cores e tiveram a oportunidade de praticar o di\u00e1logo\u201d, explicou George Cabral, coordenador da Escola de Idiomas.<\/p>\n<p class=\"x_MsoNormal\" style=\"text-align: justify;\">O professor Jo\u00e3o Bosco de Souza Lima viu no aul\u00e3o uma oportunidade para melhorar a sua comunica\u00e7\u00e3o em sala de aula. \u201cEu gosto muito da l\u00edngua de sinais e j\u00e1 trabalho nessa \u00e1rea na rede municipal de ensino, onde acompanho uma crian\u00e7a surda. Isso motiva muito a aprender libras, porque o surdo precisa ter esse atendimento e a gente sente ainda essa defici\u00eancia na comunica\u00e7\u00e3o, por isso vim participar do aul\u00e3o\u201d, frisou Jo\u00e3o Bosco<\/p>\n<p class=\"x_MsoNormal\" style=\"text-align: justify;\">Todos os participantes receberam certificado de 4h, pela conclus\u00e3o do curso.<\/p>\n<p class=\"x_MsoNormal\" style=\"text-align: justify;\"><b>\u00a0<\/b><b>Curso de Libras<\/b><\/p>\n<p class=\"x_MsoNormal\" style=\"text-align: justify;\">Os estudantes da rede municipal de ensino e servidores municipais de Juazeiro que tenham interesse em aprender ou aprimorar o conhecimento em Libras, podem procurar a Escola de Idiomas de Juazeiro. A escola fica na Pra\u00e7a da Bandeira, n\u00ba 16, no Centro da cidade, e funciona de segunda a sexta-feira, das 8h \u00e0s 20h.<\/p>\n","protected":false},"excerpt":{"rendered":"<p>Para encerrar o m\u00eas de visibilidade da comunidade surda, celebrado com a Campanha Setembro Azul, a Prefeitura de Juazeiro, atrav\u00e9s da Secretaria de Educa\u00e7\u00e3o e Juventude (Seduc), realizou neste s\u00e1bado (30), o 1\u00ba Aul\u00e3o de Libras (L\u00edngua Brasileira de Sinais) da Escola de Idiomas. Com dura\u00e7\u00e3o de 4h, o aul\u00e3o gratuito aconteceu no audit\u00f3rio da [&hellip;]<\/p>\n","protected":false},"author":1,"featured_media":57741,"comment_status":"closed","ping_status":"open","sticky":false,"template":"","format":"standard","meta":{"_uag_custom_page_level_css":"","_monsterinsights_skip_tracking":false,"_monsterinsights_sitenote_active":false,"_monsterinsights_sitenote_note":"","_monsterinsights_sitenote_category":0,"jetpack_post_was_ever_published":false,"_jetpack_newsletter_access":"","_jetpack_dont_email_post_to_subs":false,"_jetpack_newsletter_tier_id":0,"_jetpack_memberships_contains_paywalled_content":false,"_jetpack_memberships_contains_paid_content":false,"footnotes":"","jetpack_publicize_message":"","jetpack_publicize_feature_enabled":true,"jetpack_social_post_already_shared":true,"jetpack_social_options":{"image_generator_settings":{"template":"highway","default_image_id":0,"font":"","enabled":false},"version":2}},"categories":[203],"tags":[],"class_list":["post-57740","post","type-post","status-publish","format-standard","has-post-thumbnail","hentry","category-juazeiro"],"jetpack_publicize_connections":[],"jetpack_featured_media_url":"https:\/\/blogopara.com.br\/wp-content\/uploads\/2023\/10\/thumbnail_53224256753_8d35a4a6a0_c.jpg","uagb_featured_image_src":{"full":["https:\/\/blogopara.com.br\/wp-content\/uploads\/2023\/10\/thumbnail_53224256753_8d35a4a6a0_c.jpg",500,333,false],"thumbnail":["https:\/\/blogopara.com.br\/wp-content\/uploads\/2023\/10\/thumbnail_53224256753_8d35a4a6a0_c-150x150.jpg",150,150,true],"medium":["https:\/\/blogopara.com.br\/wp-content\/uploads\/2023\/10\/thumbnail_53224256753_8d35a4a6a0_c-300x200.jpg",300,200,true],"medium_large":["https:\/\/blogopara.com.br\/wp-content\/uploads\/2023\/10\/thumbnail_53224256753_8d35a4a6a0_c.jpg",500,333,false],"large":["https:\/\/blogopara.com.br\/wp-content\/uploads\/2023\/10\/thumbnail_53224256753_8d35a4a6a0_c.jpg",500,333,false],"1536x1536":["https:\/\/blogopara.com.br\/wp-content\/uploads\/2023\/10\/thumbnail_53224256753_8d35a4a6a0_c.jpg",500,333,false],"2048x2048":["https:\/\/blogopara.com.br\/wp-content\/uploads\/2023\/10\/thumbnail_53224256753_8d35a4a6a0_c.jpg",500,333,false],"mantranews-slider-large":["https:\/\/blogopara.com.br\/wp-content\/uploads\/2023\/10\/thumbnail_53224256753_8d35a4a6a0_c.jpg",500,333,false],"mantranews-featured-medium":["https:\/\/blogopara.com.br\/wp-content\/uploads\/2023\/10\/thumbnail_53224256753_8d35a4a6a0_c-420x307.jpg",420,307,true],"mantranews-featured-long":["https:\/\/blogopara.com.br\/wp-content\/uploads\/2023\/10\/thumbnail_53224256753_8d35a4a6a0_c-300x333.jpg",300,333,true],"mantranews-block-medium":["https:\/\/blogopara.com.br\/wp-content\/uploads\/2023\/10\/thumbnail_53224256753_8d35a4a6a0_c-464x290.jpg",464,290,true],"mantranews-carousel-image":["https:\/\/blogopara.com.br\/wp-content\/uploads\/2023\/10\/thumbnail_53224256753_8d35a4a6a0_c.jpg",500,333,false],"mantranews-block-thumb":["https:\/\/blogopara.com.br\/wp-content\/uploads\/2023\/10\/thumbnail_53224256753_8d35a4a6a0_c-322x230.jpg",322,230,true],"mantranews-single-large":["https:\/\/blogopara.com.br\/wp-content\/uploads\/2023\/10\/thumbnail_53224256753_8d35a4a6a0_c.jpg",500,333,false]},"uagb_author_info":{"display_name":"Reda\u00e7\u00e3o geral","author_link":"https:\/\/blogopara.com.br\/index.php\/author\/blogopara"},"uagb_comment_info":0,"uagb_excerpt":"Para encerrar o m\u00eas de visibilidade da comunidade surda, celebrado com a Campanha Setembro Azul, a Prefeitura de Juazeiro, atrav\u00e9s da Secretaria de Educa\u00e7\u00e3o e Juventude (Seduc), realizou neste s\u00e1bado (30), o 1\u00ba Aul\u00e3o de Libras (L\u00edngua Brasileira de Sinais) da Escola de Idiomas. Com dura\u00e7\u00e3o de 4h, o aul\u00e3o gratuito aconteceu no audit\u00f3rio da&hellip;","jetpack_sharing_enabled":true,"jetpack_likes_enabled":true,"_links":{"self":[{"href":"https:\/\/blogopara.com.br\/index.php\/wp-json\/wp\/v2\/posts\/57740","targetHints":{"allow":["GET"]}}],"collection":[{"href":"https:\/\/blogopara.com.br\/index.php\/wp-json\/wp\/v2\/posts"}],"about":[{"href":"https:\/\/blogopara.com.br\/index.php\/wp-json\/wp\/v2\/types\/post"}],"author":[{"embeddable":true,"href":"https:\/\/blogopara.com.br\/index.php\/wp-json\/wp\/v2\/users\/1"}],"replies":[{"embeddable":true,"href":"https:\/\/blogopara.com.br\/index.php\/wp-json\/wp\/v2\/comments?post=57740"}],"version-history":[{"count":1,"href":"https:\/\/blogopara.com.br\/index.php\/wp-json\/wp\/v2\/posts\/57740\/revisions"}],"predecessor-version":[{"id":57742,"href":"https:\/\/blogopara.com.br\/index.php\/wp-json\/wp\/v2\/posts\/57740\/revisions\/57742"}],"wp:featuredmedia":[{"embeddable":true,"href":"https:\/\/blogopara.com.br\/index.php\/wp-json\/wp\/v2\/media\/57741"}],"wp:attachment":[{"href":"https:\/\/blogopara.com.br\/index.php\/wp-json\/wp\/v2\/media?parent=57740"}],"wp:term":[{"taxonomy":"category","embeddable":true,"href":"https:\/\/blogopara.com.br\/index.php\/wp-json\/wp\/v2\/categories?post=57740"},{"taxonomy":"post_tag","embeddable":true,"href":"https:\/\/blogopara.com.br\/index.php\/wp-json\/wp\/v2\/tags?post=57740"}],"curies":[{"name":"wp","href":"https:\/\/api.w.org\/{rel}","templated":true}]}}