{"id":57746,"date":"2023-10-02T14:43:00","date_gmt":"2023-10-02T17:43:00","guid":{"rendered":"https:\/\/blogopara.com.br\/?p=57746"},"modified":"2023-10-01T12:47:23","modified_gmt":"2023-10-01T15:47:23","slug":"tradicao-marca-desfile-civico-promovido-pela-prefeitura-de-juazeiro-em-carnaiba-do-sertao","status":"publish","type":"post","link":"https:\/\/blogopara.com.br\/index.php\/2023\/10\/02\/tradicao-marca-desfile-civico-promovido-pela-prefeitura-de-juazeiro-em-carnaiba-do-sertao","title":{"rendered":"Tradi\u00e7\u00e3o marca Desfile C\u00edvico promovido pela Prefeitura de Juazeiro em Carna\u00edba do Sert\u00e3o"},"content":{"rendered":"<p class=\"x_MsoNormal\" style=\"text-align: justify;\">\u00a0Finalizando o m\u00eas de setembro, o distrito de Carna\u00edba realizou, na manh\u00e3 deste s\u00e1bado (30), o desfile c\u00edvico alusivo \u00e0 Independ\u00eancia do Brasil, celebrado no dia 7 de setembro. Realizado pelas escolas municipais, com apoio da Prefeitura de Juazeiro, atrav\u00e9s da Secretaria de Educa\u00e7\u00e3o e Juventude (SEDUC), o evento teve como tema principal \u201cJuazeiro no exerc\u00edcio do pertencer, vai-se aprender a cuidar: da crian\u00e7a, do mo\u00e7o, do velho e do lugar\u201d.<\/p>\n<p class=\"x_MsoNormal\" style=\"text-align: justify;\">\u00a0Participaram do desfile as Escolas de tempo integral Pedro Dias, Matilde Costa Medrado, Os\u00f3rio Teles e EMEI Nossa Senhora das Grotas, com subtemas que remetiam \u00e0 sustentabilidade, preserva\u00e7\u00e3o da hist\u00f3ria e tradi\u00e7\u00f5es de Juazeiro.<\/p>\n<p class=\"x_MsoNormal\" style=\"text-align: justify;\">\u00a0A prefeita Suzana Ramos, acompanhada do secret\u00e1rio de educa\u00e7\u00e3o, Wank Medrado; do presidente da C\u00e2mara de Vereadores, Berg da Carna\u00edba; do deputado estadual, Jord\u00e1vio Ramos e outros secret\u00e1rios municipais, prestigiou o evento, que contou ainda com as fanfarras do Codefas e das escolas An\u00e1lia Barbosa e Dinorah Albernaz.<\/p>\n<p class=\"x_MsoNormal\" style=\"text-align: justify;\">\u00a0\u201cDestacamos hoje, em mais um distrito, a import\u00e2ncia de celebrar a independ\u00eancia do nosso pa\u00eds, trazendo para o interior um momento c\u00edvico e festivo. Gostaria de reconhecer o envolvimento e comprometimento de cada gestor, diretor e professor, que abrilhantaram a festa. Parabenizar tamb\u00e9m os pais dos alunos, que se dedicaram a traz\u00ea-los ao desfile e contribuir com a nossa hist\u00f3ria, destacou a prefeita Suzana Ramos.<\/p>\n<p class=\"x_MsoNormal\" style=\"text-align: justify;\">\u00a0Presitgiando a filha, Patr\u00edcia Batista, compartilhou a emo\u00e7\u00e3o de v\u00ea-la participando do desfile c\u00edvico. \u201cVer minha filha, mesmo t\u00e3o pequena, apresentar a alegria de desfilar e comemorar o 7 de Setembro \u00e9 muito bom. Est\u00e1 tudo muito bonito e fico feliz de ter visto o quanto a escola fez para deixar tudo assim t\u00e3o organizado\u201d, elogiou.<\/p>\n<p class=\"x_MsoNormal\" style=\"text-align: justify;\">\u00a0O deputado estadual Jord\u00e1vio Ramos tamb\u00e9m compartilhou a import\u00e2ncia da comemora\u00e7\u00e3o do 7 de setembro. \u201cPra n\u00f3s \u00e9 um grande prazer vir \u00e0 Carna\u00edba, prestigiar todas essas escolas e crian\u00e7as que est\u00e3o participando de um momento festivo e c\u00edvico. S\u00f3 temos a parabenizar a toda a organiza\u00e7\u00e3o, de professores a todos os outros profissionais que conduziram o bonito desfile\u201d, afirmou.<\/p>\n","protected":false},"excerpt":{"rendered":"<p>\u00a0Finalizando o m\u00eas de setembro, o distrito de Carna\u00edba realizou, na manh\u00e3 deste s\u00e1bado (30), o desfile c\u00edvico alusivo \u00e0 Independ\u00eancia do Brasil, celebrado no dia 7 de setembro. Realizado pelas escolas municipais, com apoio da Prefeitura de Juazeiro, atrav\u00e9s da Secretaria de Educa\u00e7\u00e3o e Juventude (SEDUC), o evento teve como tema principal \u201cJuazeiro no [&hellip;]<\/p>\n","protected":false},"author":1,"featured_media":57747,"comment_status":"closed","ping_status":"open","sticky":false,"template":"","format":"standard","meta":{"_uag_custom_page_level_css":"","_monsterinsights_skip_tracking":false,"_monsterinsights_sitenote_active":false,"_monsterinsights_sitenote_note":"","_monsterinsights_sitenote_category":0,"jetpack_post_was_ever_published":false,"_jetpack_newsletter_access":"","_jetpack_dont_email_post_to_subs":false,"_jetpack_newsletter_tier_id":0,"_jetpack_memberships_contains_paywalled_content":false,"_jetpack_memberships_contains_paid_content":false,"footnotes":"","jetpack_publicize_message":"","jetpack_publicize_feature_enabled":true,"jetpack_social_post_already_shared":true,"jetpack_social_options":{"image_generator_settings":{"template":"highway","default_image_id":0,"font":"","enabled":false},"version":2}},"categories":[203],"tags":[],"class_list":["post-57746","post","type-post","status-publish","format-standard","has-post-thumbnail","hentry","category-juazeiro"],"jetpack_publicize_connections":[],"jetpack_featured_media_url":"https:\/\/blogopara.com.br\/wp-content\/uploads\/2023\/10\/thumbnail_Desfile-Carnaiba-1.jpg","uagb_featured_image_src":{"full":["https:\/\/blogopara.com.br\/wp-content\/uploads\/2023\/10\/thumbnail_Desfile-Carnaiba-1.jpg",500,333,false],"thumbnail":["https:\/\/blogopara.com.br\/wp-content\/uploads\/2023\/10\/thumbnail_Desfile-Carnaiba-1-150x150.jpg",150,150,true],"medium":["https:\/\/blogopara.com.br\/wp-content\/uploads\/2023\/10\/thumbnail_Desfile-Carnaiba-1-300x200.jpg",300,200,true],"medium_large":["https:\/\/blogopara.com.br\/wp-content\/uploads\/2023\/10\/thumbnail_Desfile-Carnaiba-1.jpg",500,333,false],"large":["https:\/\/blogopara.com.br\/wp-content\/uploads\/2023\/10\/thumbnail_Desfile-Carnaiba-1.jpg",500,333,false],"1536x1536":["https:\/\/blogopara.com.br\/wp-content\/uploads\/2023\/10\/thumbnail_Desfile-Carnaiba-1.jpg",500,333,false],"2048x2048":["https:\/\/blogopara.com.br\/wp-content\/uploads\/2023\/10\/thumbnail_Desfile-Carnaiba-1.jpg",500,333,false],"mantranews-slider-large":["https:\/\/blogopara.com.br\/wp-content\/uploads\/2023\/10\/thumbnail_Desfile-Carnaiba-1.jpg",500,333,false],"mantranews-featured-medium":["https:\/\/blogopara.com.br\/wp-content\/uploads\/2023\/10\/thumbnail_Desfile-Carnaiba-1-420x307.jpg",420,307,true],"mantranews-featured-long":["https:\/\/blogopara.com.br\/wp-content\/uploads\/2023\/10\/thumbnail_Desfile-Carnaiba-1-300x333.jpg",300,333,true],"mantranews-block-medium":["https:\/\/blogopara.com.br\/wp-content\/uploads\/2023\/10\/thumbnail_Desfile-Carnaiba-1-464x290.jpg",464,290,true],"mantranews-carousel-image":["https:\/\/blogopara.com.br\/wp-content\/uploads\/2023\/10\/thumbnail_Desfile-Carnaiba-1.jpg",500,333,false],"mantranews-block-thumb":["https:\/\/blogopara.com.br\/wp-content\/uploads\/2023\/10\/thumbnail_Desfile-Carnaiba-1-322x230.jpg",322,230,true],"mantranews-single-large":["https:\/\/blogopara.com.br\/wp-content\/uploads\/2023\/10\/thumbnail_Desfile-Carnaiba-1.jpg",500,333,false]},"uagb_author_info":{"display_name":"Reda\u00e7\u00e3o geral","author_link":"https:\/\/blogopara.com.br\/index.php\/author\/blogopara"},"uagb_comment_info":0,"uagb_excerpt":"\u00a0Finalizando o m\u00eas de setembro, o distrito de Carna\u00edba realizou, na manh\u00e3 deste s\u00e1bado (30), o desfile c\u00edvico alusivo \u00e0 Independ\u00eancia do Brasil, celebrado no dia 7 de setembro. Realizado pelas escolas municipais, com apoio da Prefeitura de Juazeiro, atrav\u00e9s da Secretaria de Educa\u00e7\u00e3o e Juventude (SEDUC), o evento teve como tema principal \u201cJuazeiro no&hellip;","jetpack_sharing_enabled":true,"jetpack_likes_enabled":true,"_links":{"self":[{"href":"https:\/\/blogopara.com.br\/index.php\/wp-json\/wp\/v2\/posts\/57746","targetHints":{"allow":["GET"]}}],"collection":[{"href":"https:\/\/blogopara.com.br\/index.php\/wp-json\/wp\/v2\/posts"}],"about":[{"href":"https:\/\/blogopara.com.br\/index.php\/wp-json\/wp\/v2\/types\/post"}],"author":[{"embeddable":true,"href":"https:\/\/blogopara.com.br\/index.php\/wp-json\/wp\/v2\/users\/1"}],"replies":[{"embeddable":true,"href":"https:\/\/blogopara.com.br\/index.php\/wp-json\/wp\/v2\/comments?post=57746"}],"version-history":[{"count":1,"href":"https:\/\/blogopara.com.br\/index.php\/wp-json\/wp\/v2\/posts\/57746\/revisions"}],"predecessor-version":[{"id":57748,"href":"https:\/\/blogopara.com.br\/index.php\/wp-json\/wp\/v2\/posts\/57746\/revisions\/57748"}],"wp:featuredmedia":[{"embeddable":true,"href":"https:\/\/blogopara.com.br\/index.php\/wp-json\/wp\/v2\/media\/57747"}],"wp:attachment":[{"href":"https:\/\/blogopara.com.br\/index.php\/wp-json\/wp\/v2\/media?parent=57746"}],"wp:term":[{"taxonomy":"category","embeddable":true,"href":"https:\/\/blogopara.com.br\/index.php\/wp-json\/wp\/v2\/categories?post=57746"},{"taxonomy":"post_tag","embeddable":true,"href":"https:\/\/blogopara.com.br\/index.php\/wp-json\/wp\/v2\/tags?post=57746"}],"curies":[{"name":"wp","href":"https:\/\/api.w.org\/{rel}","templated":true}]}}