{"id":57750,"date":"2023-10-02T14:40:53","date_gmt":"2023-10-02T17:40:53","guid":{"rendered":"https:\/\/blogopara.com.br\/?p=57750"},"modified":"2023-10-02T14:40:55","modified_gmt":"2023-10-02T17:40:55","slug":"jogador-veterano-berg-da-carnaiba-parabeniza-o-time-palhao-por-exito-no-campeonato-de-veterano","status":"publish","type":"post","link":"https:\/\/blogopara.com.br\/index.php\/2023\/10\/02\/jogador-veterano-berg-da-carnaiba-parabeniza-o-time-palhao-por-exito-no-campeonato-de-veterano","title":{"rendered":"Jogador veterano, Berg da Carna\u00edba parabeniza o time Palh\u00e3o por \u00eaxito no Campeonato de Veterano*"},"content":{"rendered":"<p style=\"text-align: justify;\"><span style=\"font-size: revert; color: initial;\">\u201cO futebol amador traz ao povo do interior alegria, entretenimento, sa\u00fade e lazer, como tamb\u00e9m fomenta o com\u00e9rcio local\u201d, \u00e9 com esta mensagem que o vereador Berg da Carna\u00edba, comemora mais uma edi\u00e7\u00e3o de sucesso do Campeonato de Veteranos, que teve a partida final neste domingo, 1\u00ba de outubro em Carna\u00edba do Sert\u00e3o, Distrito de Juazeiro, Bahia. Evento acontece desde o ano 2016.<\/span><\/p>\n<p style=\"text-align: justify;\">Neste domingo (01), em Carna\u00edba do Sert\u00e3o, Distrito de Juazeiro, Bahia. A disputa final do Campeonato fora decidida entre Palh\u00e3o x Altaneira, um jogo hist\u00f3rico, as duas equipes jogaram muito bem e lutaram at\u00e9 o fim pela vit\u00f3ria, mais dessa vez o PALH\u00c3O levou a melhor.<\/p>\n<p style=\"text-align: justify;\">\u201cParab\u00e9ns a equipe campe\u00e3 e a todos os times, amigos e parceiros que nos ajudaram a realizar esta que \u00e9 quinta edi\u00e7\u00e3o do Campeonato Veterano em Carna\u00edba\u201d, agradece o vereador Berg da Carna\u00edba.<\/p>\n","protected":false},"excerpt":{"rendered":"<p>\u201cO futebol amador traz ao povo do interior alegria, entretenimento, sa\u00fade e lazer, como tamb\u00e9m fomenta o com\u00e9rcio local\u201d, \u00e9 com esta mensagem que o vereador Berg da Carna\u00edba, comemora mais uma edi\u00e7\u00e3o de sucesso do Campeonato de Veteranos, que teve a partida final neste domingo, 1\u00ba de outubro em Carna\u00edba do Sert\u00e3o, Distrito de [&hellip;]<\/p>\n","protected":false},"author":1,"featured_media":57751,"comment_status":"closed","ping_status":"open","sticky":false,"template":"","format":"standard","meta":{"_uag_custom_page_level_css":"","_monsterinsights_skip_tracking":false,"_monsterinsights_sitenote_active":false,"_monsterinsights_sitenote_note":"","_monsterinsights_sitenote_category":0,"jetpack_post_was_ever_published":false,"_jetpack_newsletter_access":"","_jetpack_dont_email_post_to_subs":false,"_jetpack_newsletter_tier_id":0,"_jetpack_memberships_contains_paywalled_content":false,"_jetpack_memberships_contains_paid_content":false,"footnotes":"","jetpack_publicize_message":"","jetpack_publicize_feature_enabled":true,"jetpack_social_post_already_shared":true,"jetpack_social_options":{"image_generator_settings":{"template":"highway","default_image_id":0,"font":"","enabled":false},"version":2}},"categories":[203],"tags":[],"class_list":["post-57750","post","type-post","status-publish","format-standard","has-post-thumbnail","hentry","category-juazeiro"],"jetpack_publicize_connections":[],"jetpack_featured_media_url":"https:\/\/blogopara.com.br\/wp-content\/uploads\/2023\/10\/IMG-20231002-WA0091.jpg","uagb_featured_image_src":{"full":["https:\/\/blogopara.com.br\/wp-content\/uploads\/2023\/10\/IMG-20231002-WA0091.jpg",500,281,false],"thumbnail":["https:\/\/blogopara.com.br\/wp-content\/uploads\/2023\/10\/IMG-20231002-WA0091-150x150.jpg",150,150,true],"medium":["https:\/\/blogopara.com.br\/wp-content\/uploads\/2023\/10\/IMG-20231002-WA0091-300x169.jpg",300,169,true],"medium_large":["https:\/\/blogopara.com.br\/wp-content\/uploads\/2023\/10\/IMG-20231002-WA0091.jpg",500,281,false],"large":["https:\/\/blogopara.com.br\/wp-content\/uploads\/2023\/10\/IMG-20231002-WA0091.jpg",500,281,false],"1536x1536":["https:\/\/blogopara.com.br\/wp-content\/uploads\/2023\/10\/IMG-20231002-WA0091.jpg",500,281,false],"2048x2048":["https:\/\/blogopara.com.br\/wp-content\/uploads\/2023\/10\/IMG-20231002-WA0091.jpg",500,281,false],"mantranews-slider-large":["https:\/\/blogopara.com.br\/wp-content\/uploads\/2023\/10\/IMG-20231002-WA0091.jpg",500,281,false],"mantranews-featured-medium":["https:\/\/blogopara.com.br\/wp-content\/uploads\/2023\/10\/IMG-20231002-WA0091-420x281.jpg",420,281,true],"mantranews-featured-long":["https:\/\/blogopara.com.br\/wp-content\/uploads\/2023\/10\/IMG-20231002-WA0091-300x281.jpg",300,281,true],"mantranews-block-medium":["https:\/\/blogopara.com.br\/wp-content\/uploads\/2023\/10\/IMG-20231002-WA0091-464x281.jpg",464,281,true],"mantranews-carousel-image":["https:\/\/blogopara.com.br\/wp-content\/uploads\/2023\/10\/IMG-20231002-WA0091.jpg",500,281,false],"mantranews-block-thumb":["https:\/\/blogopara.com.br\/wp-content\/uploads\/2023\/10\/IMG-20231002-WA0091-322x230.jpg",322,230,true],"mantranews-single-large":["https:\/\/blogopara.com.br\/wp-content\/uploads\/2023\/10\/IMG-20231002-WA0091.jpg",500,281,false]},"uagb_author_info":{"display_name":"Reda\u00e7\u00e3o geral","author_link":"https:\/\/blogopara.com.br\/index.php\/author\/blogopara"},"uagb_comment_info":0,"uagb_excerpt":"\u201cO futebol amador traz ao povo do interior alegria, entretenimento, sa\u00fade e lazer, como tamb\u00e9m fomenta o com\u00e9rcio local\u201d, \u00e9 com esta mensagem que o vereador Berg da Carna\u00edba, comemora mais uma edi\u00e7\u00e3o de sucesso do Campeonato de Veteranos, que teve a partida final neste domingo, 1\u00ba de outubro em Carna\u00edba do Sert\u00e3o, Distrito de&hellip;","jetpack_sharing_enabled":true,"jetpack_likes_enabled":true,"_links":{"self":[{"href":"https:\/\/blogopara.com.br\/index.php\/wp-json\/wp\/v2\/posts\/57750","targetHints":{"allow":["GET"]}}],"collection":[{"href":"https:\/\/blogopara.com.br\/index.php\/wp-json\/wp\/v2\/posts"}],"about":[{"href":"https:\/\/blogopara.com.br\/index.php\/wp-json\/wp\/v2\/types\/post"}],"author":[{"embeddable":true,"href":"https:\/\/blogopara.com.br\/index.php\/wp-json\/wp\/v2\/users\/1"}],"replies":[{"embeddable":true,"href":"https:\/\/blogopara.com.br\/index.php\/wp-json\/wp\/v2\/comments?post=57750"}],"version-history":[{"count":1,"href":"https:\/\/blogopara.com.br\/index.php\/wp-json\/wp\/v2\/posts\/57750\/revisions"}],"predecessor-version":[{"id":57752,"href":"https:\/\/blogopara.com.br\/index.php\/wp-json\/wp\/v2\/posts\/57750\/revisions\/57752"}],"wp:featuredmedia":[{"embeddable":true,"href":"https:\/\/blogopara.com.br\/index.php\/wp-json\/wp\/v2\/media\/57751"}],"wp:attachment":[{"href":"https:\/\/blogopara.com.br\/index.php\/wp-json\/wp\/v2\/media?parent=57750"}],"wp:term":[{"taxonomy":"category","embeddable":true,"href":"https:\/\/blogopara.com.br\/index.php\/wp-json\/wp\/v2\/categories?post=57750"},{"taxonomy":"post_tag","embeddable":true,"href":"https:\/\/blogopara.com.br\/index.php\/wp-json\/wp\/v2\/tags?post=57750"}],"curies":[{"name":"wp","href":"https:\/\/api.w.org\/{rel}","templated":true}]}}