{"id":57803,"date":"2023-10-05T17:31:00","date_gmt":"2023-10-05T20:31:00","guid":{"rendered":"https:\/\/blogopara.com.br\/?p=57803"},"modified":"2023-10-03T20:11:12","modified_gmt":"2023-10-03T23:11:12","slug":"edicao-especial-do-cha-das-5-acontece-nesta-sexta-feira-6-na-praca-da-catedral-de-juazeiro-2","status":"publish","type":"post","link":"https:\/\/blogopara.com.br\/index.php\/2023\/10\/05\/edicao-especial-do-cha-das-5-acontece-nesta-sexta-feira-6-na-praca-da-catedral-de-juazeiro-2","title":{"rendered":"Edi\u00e7\u00e3o especial do Ch\u00e1 das 5 acontece nesta sexta-feira (6) na Pra\u00e7a da Catedral de Juazeiro"},"content":{"rendered":"<p style=\"text-align: justify;\">M\u00fasica, teatro, dan\u00e7a e muito mais esperam a popula\u00e7\u00e3o juazeirense no Ch\u00e1 das 5 que acontecer\u00e1 nesta sexta-feira na pra\u00e7a Imaculada Concei\u00e7\u00e3o (Pra\u00e7a da Catedral) em Juazeiro. O evento \u00e9 mais uma realiza\u00e7\u00e3o da Prefeitura Municipal de Juazeiro atrav\u00e9s da \u00a0 Secretaria de Cultura, Turismo e Esporte (Seculte).<br aria-hidden=\"true\" \/><br aria-hidden=\"true\" \/>O termo Ch\u00e1 das 5 nasceu e se eternizou na Inglaterra, de l\u00e1 criou ra\u00edzes e se espalhou por todo o mundo. Em Juazeiro, o evento fez hist\u00f3ria na d\u00e9cada de 80 e homenageou poetas como Manuca Almeida e o ativista cultural Naldinho. A retomada do evento \u00e9 uma proposta da gest\u00e3o Suzana Ramos.<br aria-hidden=\"true\" \/><br aria-hidden=\"true\" \/>\u201c\u00c9 sempre uma honra para mim como juazeirense e prefeita da cidade, promover o resgate das nossas tradi\u00e7\u00f5es culturais e proporcionar momentos de lazer e bem-estar para a popula\u00e7\u00e3o. Sem d\u00favidas o Ch\u00e1 das 5 voltou pra ficar e movimentar os amantes da cultura\u201d, afirmou a prefeita Suzana Ramos.<br aria-hidden=\"true\" \/><br aria-hidden=\"true\" \/>Para Edvaldo Franciolli, coordenador de projetos de Cultura e Turismo da Prefeitura de Juazeiro, a expectativa para o Ch\u00e1 das 5 \u00e9 positiva. \u201cOrganizamos esse evento da melhor forma poss\u00edvel, fizemos quest\u00e3o de unir as diversas formas da arte para oferecer \u00e0 popula\u00e7\u00e3o um evento digno do juazeirense\u201d, destacou.<br aria-hidden=\"true\" \/><br aria-hidden=\"true\" \/>O evento ter\u00e1 in\u00edcio \u00e0s 17h com acesso aberto a todo p\u00fablico.<\/p>\n","protected":false},"excerpt":{"rendered":"<p>M\u00fasica, teatro, dan\u00e7a e muito mais esperam a popula\u00e7\u00e3o juazeirense no Ch\u00e1 das 5 que acontecer\u00e1 nesta sexta-feira na pra\u00e7a Imaculada Concei\u00e7\u00e3o (Pra\u00e7a da Catedral) em Juazeiro. O evento \u00e9 mais uma realiza\u00e7\u00e3o da Prefeitura Municipal de Juazeiro atrav\u00e9s da \u00a0 Secretaria de Cultura, Turismo e Esporte (Seculte).O termo Ch\u00e1 das 5 nasceu e se [&hellip;]<\/p>\n","protected":false},"author":1,"featured_media":57804,"comment_status":"closed","ping_status":"open","sticky":false,"template":"","format":"standard","meta":{"_uag_custom_page_level_css":"","_monsterinsights_skip_tracking":false,"_monsterinsights_sitenote_active":false,"_monsterinsights_sitenote_note":"","_monsterinsights_sitenote_category":0,"jetpack_post_was_ever_published":false,"_jetpack_newsletter_access":"","_jetpack_dont_email_post_to_subs":false,"_jetpack_newsletter_tier_id":0,"_jetpack_memberships_contains_paywalled_content":false,"_jetpack_memberships_contains_paid_content":false,"footnotes":"","jetpack_publicize_message":"","jetpack_publicize_feature_enabled":true,"jetpack_social_post_already_shared":true,"jetpack_social_options":{"image_generator_settings":{"template":"highway","default_image_id":0,"font":"","enabled":false},"version":2}},"categories":[203],"tags":[],"class_list":["post-57803","post","type-post","status-publish","format-standard","has-post-thumbnail","hentry","category-juazeiro"],"jetpack_publicize_connections":[],"jetpack_featured_media_url":"https:\/\/blogopara.com.br\/wp-content\/uploads\/2023\/10\/53046817105_a60de679ff_c.jpg","uagb_featured_image_src":{"full":["https:\/\/blogopara.com.br\/wp-content\/uploads\/2023\/10\/53046817105_a60de679ff_c.jpg",500,333,false],"thumbnail":["https:\/\/blogopara.com.br\/wp-content\/uploads\/2023\/10\/53046817105_a60de679ff_c-150x150.jpg",150,150,true],"medium":["https:\/\/blogopara.com.br\/wp-content\/uploads\/2023\/10\/53046817105_a60de679ff_c-300x200.jpg",300,200,true],"medium_large":["https:\/\/blogopara.com.br\/wp-content\/uploads\/2023\/10\/53046817105_a60de679ff_c.jpg",500,333,false],"large":["https:\/\/blogopara.com.br\/wp-content\/uploads\/2023\/10\/53046817105_a60de679ff_c.jpg",500,333,false],"1536x1536":["https:\/\/blogopara.com.br\/wp-content\/uploads\/2023\/10\/53046817105_a60de679ff_c.jpg",500,333,false],"2048x2048":["https:\/\/blogopara.com.br\/wp-content\/uploads\/2023\/10\/53046817105_a60de679ff_c.jpg",500,333,false],"mantranews-slider-large":["https:\/\/blogopara.com.br\/wp-content\/uploads\/2023\/10\/53046817105_a60de679ff_c.jpg",500,333,false],"mantranews-featured-medium":["https:\/\/blogopara.com.br\/wp-content\/uploads\/2023\/10\/53046817105_a60de679ff_c-420x307.jpg",420,307,true],"mantranews-featured-long":["https:\/\/blogopara.com.br\/wp-content\/uploads\/2023\/10\/53046817105_a60de679ff_c-300x333.jpg",300,333,true],"mantranews-block-medium":["https:\/\/blogopara.com.br\/wp-content\/uploads\/2023\/10\/53046817105_a60de679ff_c-464x290.jpg",464,290,true],"mantranews-carousel-image":["https:\/\/blogopara.com.br\/wp-content\/uploads\/2023\/10\/53046817105_a60de679ff_c.jpg",500,333,false],"mantranews-block-thumb":["https:\/\/blogopara.com.br\/wp-content\/uploads\/2023\/10\/53046817105_a60de679ff_c-322x230.jpg",322,230,true],"mantranews-single-large":["https:\/\/blogopara.com.br\/wp-content\/uploads\/2023\/10\/53046817105_a60de679ff_c.jpg",500,333,false]},"uagb_author_info":{"display_name":"Reda\u00e7\u00e3o geral","author_link":"https:\/\/blogopara.com.br\/index.php\/author\/blogopara"},"uagb_comment_info":0,"uagb_excerpt":"M\u00fasica, teatro, dan\u00e7a e muito mais esperam a popula\u00e7\u00e3o juazeirense no Ch\u00e1 das 5 que acontecer\u00e1 nesta sexta-feira na pra\u00e7a Imaculada Concei\u00e7\u00e3o (Pra\u00e7a da Catedral) em Juazeiro. O evento \u00e9 mais uma realiza\u00e7\u00e3o da Prefeitura Municipal de Juazeiro atrav\u00e9s da \u00a0 Secretaria de Cultura, Turismo e Esporte (Seculte).O termo Ch\u00e1 das 5 nasceu e se&hellip;","jetpack_sharing_enabled":true,"jetpack_likes_enabled":true,"_links":{"self":[{"href":"https:\/\/blogopara.com.br\/index.php\/wp-json\/wp\/v2\/posts\/57803","targetHints":{"allow":["GET"]}}],"collection":[{"href":"https:\/\/blogopara.com.br\/index.php\/wp-json\/wp\/v2\/posts"}],"about":[{"href":"https:\/\/blogopara.com.br\/index.php\/wp-json\/wp\/v2\/types\/post"}],"author":[{"embeddable":true,"href":"https:\/\/blogopara.com.br\/index.php\/wp-json\/wp\/v2\/users\/1"}],"replies":[{"embeddable":true,"href":"https:\/\/blogopara.com.br\/index.php\/wp-json\/wp\/v2\/comments?post=57803"}],"version-history":[{"count":1,"href":"https:\/\/blogopara.com.br\/index.php\/wp-json\/wp\/v2\/posts\/57803\/revisions"}],"predecessor-version":[{"id":57805,"href":"https:\/\/blogopara.com.br\/index.php\/wp-json\/wp\/v2\/posts\/57803\/revisions\/57805"}],"wp:featuredmedia":[{"embeddable":true,"href":"https:\/\/blogopara.com.br\/index.php\/wp-json\/wp\/v2\/media\/57804"}],"wp:attachment":[{"href":"https:\/\/blogopara.com.br\/index.php\/wp-json\/wp\/v2\/media?parent=57803"}],"wp:term":[{"taxonomy":"category","embeddable":true,"href":"https:\/\/blogopara.com.br\/index.php\/wp-json\/wp\/v2\/categories?post=57803"},{"taxonomy":"post_tag","embeddable":true,"href":"https:\/\/blogopara.com.br\/index.php\/wp-json\/wp\/v2\/tags?post=57803"}],"curies":[{"name":"wp","href":"https:\/\/api.w.org\/{rel}","templated":true}]}}