{"id":57824,"date":"2023-10-04T19:56:00","date_gmt":"2023-10-04T22:56:00","guid":{"rendered":"https:\/\/blogopara.com.br\/?p=57824"},"modified":"2023-10-03T19:58:23","modified_gmt":"2023-10-03T22:58:23","slug":"prefeitura-de-juazeiro-leva-servicos-de-limpeza-para-varias-areas-da-cidade","status":"publish","type":"post","link":"https:\/\/blogopara.com.br\/index.php\/2023\/10\/04\/prefeitura-de-juazeiro-leva-servicos-de-limpeza-para-varias-areas-da-cidade","title":{"rendered":"Prefeitura de Juazeiro leva servi\u00e7os de limpeza para v\u00e1rias \u00e1reas da cidade"},"content":{"rendered":"<p class=\"x_MsoNormal\" style=\"text-align: justify;\">A Prefeitura de Juazeiro, por meio da Secretaria de Servi\u00e7os P\u00fablicos (SESP), segue realizando a\u00e7\u00f5es de limpeza urbana em diversas \u00e1reas da cidade. Na \u00faltima sexta-feira (29), foi a vez dos bairros S\u00e3o Geraldo e Rio Jord\u00e3o receberem equipes da secretaria. As a\u00e7\u00f5es de limpeza e manuten\u00e7\u00e3o seguiram no domingo (01) nas feiras livres do Alto da Maravilha, Alto do Alencar, Piranga 2 e Jo\u00e3o Paulo II e nesta segunda (02) chegaram aos cemit\u00e9rios central, de Mani\u00e7oba e do Jo\u00e3o Paulo II.<\/p>\n<p class=\"x_MsoNormal\" style=\"text-align: justify;\">As atividades realizadas fazem parte do cronograma pr\u00e9-estabelecido pela SESP que beneficia sede e interior do munic\u00edpio. O objetivo \u00e9 fazer com que os servi\u00e7os cheguem a todas as comunidades e equipamentos p\u00fablicos.<\/p>\n<p class=\"x_MsoNormal\" style=\"text-align: justify;\">O secret\u00e1rio de Servi\u00e7os P\u00fablicos, Charles Leal, destaca as a\u00e7\u00f5es de melhoria implementadas na gest\u00e3o da prefeita Suzana Ramos. \u201cAs nossas equipes, de todas as \u00e1reas, est\u00e3o trabalhando diuturnamente para que a cidade receba essas atividades com celeridade e de forma que todas as localidades sejam beneficiadas\u201d, enfatizou Leal.<\/p>\n<p class=\"x_MsoNormal\" style=\"text-align: justify;\">Foram realizadas a\u00e7\u00f5es envolvendo retirada de lixo, onde mais de 60 toneladas foram recolhidas no entorno dos bairros S\u00e3o Geraldo e Rio Jord\u00e3o com a utiliza\u00e7\u00e3o de ca\u00e7ambas e retroescavadeiras. Nas feiras, foi feita toda a varri\u00e7\u00e3o e limpeza dos p\u00e1tios, al\u00e9m de limpeza, varri\u00e7\u00e3o, poda e pintura dos muros nos cemit\u00e9rios.<\/p>\n","protected":false},"excerpt":{"rendered":"<p>A Prefeitura de Juazeiro, por meio da Secretaria de Servi\u00e7os P\u00fablicos (SESP), segue realizando a\u00e7\u00f5es de limpeza urbana em diversas \u00e1reas da cidade. Na \u00faltima sexta-feira (29), foi a vez dos bairros S\u00e3o Geraldo e Rio Jord\u00e3o receberem equipes da secretaria. As a\u00e7\u00f5es de limpeza e manuten\u00e7\u00e3o seguiram no domingo (01) nas feiras livres do [&hellip;]<\/p>\n","protected":false},"author":1,"featured_media":57825,"comment_status":"closed","ping_status":"open","sticky":false,"template":"","format":"standard","meta":{"_uag_custom_page_level_css":"","_monsterinsights_skip_tracking":false,"_monsterinsights_sitenote_active":false,"_monsterinsights_sitenote_note":"","_monsterinsights_sitenote_category":0,"jetpack_post_was_ever_published":false,"_jetpack_newsletter_access":"","_jetpack_dont_email_post_to_subs":false,"_jetpack_newsletter_tier_id":0,"_jetpack_memberships_contains_paywalled_content":false,"_jetpack_memberships_contains_paid_content":false,"footnotes":"","jetpack_publicize_message":"","jetpack_publicize_feature_enabled":true,"jetpack_social_post_already_shared":true,"jetpack_social_options":{"image_generator_settings":{"template":"highway","default_image_id":0,"font":"","enabled":false},"version":2}},"categories":[203],"tags":[],"class_list":["post-57824","post","type-post","status-publish","format-standard","has-post-thumbnail","hentry","category-juazeiro"],"jetpack_publicize_connections":[],"jetpack_featured_media_url":"https:\/\/blogopara.com.br\/wp-content\/uploads\/2023\/10\/cemiterio-central.jpeg","uagb_featured_image_src":{"full":["https:\/\/blogopara.com.br\/wp-content\/uploads\/2023\/10\/cemiterio-central.jpeg",500,375,false],"thumbnail":["https:\/\/blogopara.com.br\/wp-content\/uploads\/2023\/10\/cemiterio-central-150x150.jpeg",150,150,true],"medium":["https:\/\/blogopara.com.br\/wp-content\/uploads\/2023\/10\/cemiterio-central-300x225.jpeg",300,225,true],"medium_large":["https:\/\/blogopara.com.br\/wp-content\/uploads\/2023\/10\/cemiterio-central.jpeg",500,375,false],"large":["https:\/\/blogopara.com.br\/wp-content\/uploads\/2023\/10\/cemiterio-central.jpeg",500,375,false],"1536x1536":["https:\/\/blogopara.com.br\/wp-content\/uploads\/2023\/10\/cemiterio-central.jpeg",500,375,false],"2048x2048":["https:\/\/blogopara.com.br\/wp-content\/uploads\/2023\/10\/cemiterio-central.jpeg",500,375,false],"mantranews-slider-large":["https:\/\/blogopara.com.br\/wp-content\/uploads\/2023\/10\/cemiterio-central.jpeg",500,375,false],"mantranews-featured-medium":["https:\/\/blogopara.com.br\/wp-content\/uploads\/2023\/10\/cemiterio-central-420x307.jpeg",420,307,true],"mantranews-featured-long":["https:\/\/blogopara.com.br\/wp-content\/uploads\/2023\/10\/cemiterio-central-300x375.jpeg",300,375,true],"mantranews-block-medium":["https:\/\/blogopara.com.br\/wp-content\/uploads\/2023\/10\/cemiterio-central-464x290.jpeg",464,290,true],"mantranews-carousel-image":["https:\/\/blogopara.com.br\/wp-content\/uploads\/2023\/10\/cemiterio-central.jpeg",500,375,false],"mantranews-block-thumb":["https:\/\/blogopara.com.br\/wp-content\/uploads\/2023\/10\/cemiterio-central-322x230.jpeg",322,230,true],"mantranews-single-large":["https:\/\/blogopara.com.br\/wp-content\/uploads\/2023\/10\/cemiterio-central.jpeg",500,375,false]},"uagb_author_info":{"display_name":"Reda\u00e7\u00e3o geral","author_link":"https:\/\/blogopara.com.br\/index.php\/author\/blogopara"},"uagb_comment_info":0,"uagb_excerpt":"A Prefeitura de Juazeiro, por meio da Secretaria de Servi\u00e7os P\u00fablicos (SESP), segue realizando a\u00e7\u00f5es de limpeza urbana em diversas \u00e1reas da cidade. Na \u00faltima sexta-feira (29), foi a vez dos bairros S\u00e3o Geraldo e Rio Jord\u00e3o receberem equipes da secretaria. As a\u00e7\u00f5es de limpeza e manuten\u00e7\u00e3o seguiram no domingo (01) nas feiras livres do&hellip;","jetpack_sharing_enabled":true,"jetpack_likes_enabled":true,"_links":{"self":[{"href":"https:\/\/blogopara.com.br\/index.php\/wp-json\/wp\/v2\/posts\/57824","targetHints":{"allow":["GET"]}}],"collection":[{"href":"https:\/\/blogopara.com.br\/index.php\/wp-json\/wp\/v2\/posts"}],"about":[{"href":"https:\/\/blogopara.com.br\/index.php\/wp-json\/wp\/v2\/types\/post"}],"author":[{"embeddable":true,"href":"https:\/\/blogopara.com.br\/index.php\/wp-json\/wp\/v2\/users\/1"}],"replies":[{"embeddable":true,"href":"https:\/\/blogopara.com.br\/index.php\/wp-json\/wp\/v2\/comments?post=57824"}],"version-history":[{"count":1,"href":"https:\/\/blogopara.com.br\/index.php\/wp-json\/wp\/v2\/posts\/57824\/revisions"}],"predecessor-version":[{"id":57826,"href":"https:\/\/blogopara.com.br\/index.php\/wp-json\/wp\/v2\/posts\/57824\/revisions\/57826"}],"wp:featuredmedia":[{"embeddable":true,"href":"https:\/\/blogopara.com.br\/index.php\/wp-json\/wp\/v2\/media\/57825"}],"wp:attachment":[{"href":"https:\/\/blogopara.com.br\/index.php\/wp-json\/wp\/v2\/media?parent=57824"}],"wp:term":[{"taxonomy":"category","embeddable":true,"href":"https:\/\/blogopara.com.br\/index.php\/wp-json\/wp\/v2\/categories?post=57824"},{"taxonomy":"post_tag","embeddable":true,"href":"https:\/\/blogopara.com.br\/index.php\/wp-json\/wp\/v2\/tags?post=57824"}],"curies":[{"name":"wp","href":"https:\/\/api.w.org\/{rel}","templated":true}]}}