{"id":5783,"date":"2019-12-20T08:29:58","date_gmt":"2019-12-20T11:29:58","guid":{"rendered":"http:\/\/blogopara.com.br\/?p=5783"},"modified":"2019-12-20T08:39:46","modified_gmt":"2019-12-20T11:39:46","slug":"os-baianos-gastaram-r-269-mi-daniel-almeida-e-felix-lideram-ranking-dos-deputados","status":"publish","type":"post","link":"https:\/\/blogopara.com.br\/index.php\/2019\/12\/20\/os-baianos-gastaram-r-269-mi-daniel-almeida-e-felix-lideram-ranking-dos-deputados","title":{"rendered":"Os deputados baianos gastaram 26,9 milh\u00f5es, Daniel Almeida e F\u00e9lix lideram o ranking"},"content":{"rendered":"<p style=\"text-align: justify;\">Durante o primeiro ano de atividade na 56\u00aa legislatura da C\u00e2mara dos Deputados, os parlamentares baianos custaram aos cofres p\u00fablicos mais de R$ 26,9 milh\u00f5es. O total leva em conta os gastos de cada um dos baianos com a legal e prevista cota partamentar.<\/p>\n<p style=\"text-align: justify;\">Em 2019, o l\u00edder de gastos com a Cota para o Exerc\u00edcio da Atividade Parlamentar (CEAP) foi o deputado federal Daniel Almeida (PCdoB). Ele usou\u00a0R$ 801.902,42 entre combust\u00edveis e lubrificantes, divulga\u00e7\u00e3o de atividade parlamentar, emiss\u00e3o de bilhete a\u00e9reo, alimenta\u00e7\u00e3o, hospedagem, loca\u00e7\u00e3o de ve\u00edculos, manuten\u00e7\u00e3o de escrit\u00f3rios, servi\u00e7os postais e telefonia. Os dados est\u00e3o dispon\u00edveis no portal da C\u00e2mara com base nas declara\u00e7\u00f5es fiscais feitas pelos deputados federais.<\/p>\n<p style=\"text-align: justify;\">A cota parlamentar \u00e9 o valor ressarcido aos deputados para custear os gastos exclusivamente vinculados ao exerc\u00edcio da atividade parlamentar. A m\u00e9dia de gastos dos deputados federais da Bahia foi de R$ 657,5 mil.<\/p>\n<p style=\"text-align: justify;\">No segundo lugar da lista dos baianos mais consumidores de cota est\u00e1 F\u00e9lix Mendon\u00e7a Junior (PDT), com um montante de R$ 783,6 mil. Entre a maior parte dos custos do deputado pedetista, est\u00e1 o emprego de R$ 157 mil com divulga\u00e7\u00e3o da atividade parlamentar.<\/p>\n<p style=\"text-align: justify;\">Em seguida aparece o democrata Elmar Nascimento com um gasto total de R$ 782,8 mil. Raimundo Costa (PL) \u00e9 o 4\u00ba que mais utilizou a verba (R$ 778,1 mil). Arthur Maia (DEM) fecha a rela\u00e7\u00e3o dos 5+ com um total de R$ 776,7 mil.<\/p>\n<p style=\"text-align: justify;\">E QUEM GASTOU MENOS?<\/p>\n<p style=\"text-align: justify;\">Na outra ponta deste ranking, entre os nomes que menos gastaram est\u00e1 o de Josias Gomes (PT) com uma soma de R$ 104,6 mil. No entanto, o petista est\u00e1 licenciado do parlamento e ocupa o cargo de titular da Secretaria de Desenvolvimento Rural da Bahia (SDR).<\/p>\n<p style=\"text-align: justify;\">Assim como Josias, Sergio Brito (PSD) ficou licenciado entre fevereiro e outubro, enquanto ocupava o cargo de secret\u00e1rio Desenvolvimento Urbano (Sedur) da Bahia. O gasto dele enquanto esteve na C\u00e2mara foi de\u00a0 R$ 156,4 mil.<\/p>\n<p style=\"text-align: justify;\">Entre os licenciados tamb\u00e9m est\u00e1 Nelson Pelegrino (PT), que deixou a C\u00e2mara no final de novembro para assumir Sedur. O petista utilizou R$ 721,7 mil,\u00a0 um total de R$ 64,2 mil a mais que a m\u00e9dia.<\/p>\n<p style=\"text-align: justify;\">\u00a0Ao deixar de fora os parlamentares que se licenciaram da C\u00e2mara em algum momento, Paulo Magalh\u00e3es (PSD) foi quem menos utilizou o benef\u00edcio da cota parlamentar em 2019. O deputado gastou R$ 412,8 mil. O maior emprego de recurso dele foi em emiss\u00e3o de bilhete a\u00e9reo, mais de R$ 75 mil.<\/p>\n<p style=\"text-align: justify;\">Partos Sargento Isid\u00f3rio (Avante) e Igor Kann\u00e1rio (DEM) tamb\u00e9m ocupam o fim da lista de gastos. O &#8220;doido&#8221; utilizou R$ 499,1 mil, sendo maior parte empregada em loca\u00e7\u00e3o ou fretamento de ve\u00edculos automotores (R$ 87,2 mil). Enquanto Kann\u00e1rio gastou na totalidade R$ 525,6 mil, sendo maioria (R$ 90 mil) com consultas, pesquisas e trabalhos t\u00e9cnicos.<\/p>\n<p>Fonte: Bahia Not\u00edcias<\/p>\n","protected":false},"excerpt":{"rendered":"<p>Durante o primeiro ano de atividade na 56\u00aa legislatura da C\u00e2mara dos Deputados, os parlamentares baianos custaram aos cofres p\u00fablicos mais de R$ 26,9 milh\u00f5es. O total leva em conta os gastos de cada um dos baianos com a legal e prevista cota partamentar. Em 2019, o l\u00edder de gastos com a Cota para o [&hellip;]<\/p>\n","protected":false},"author":1,"featured_media":5785,"comment_status":"open","ping_status":"open","sticky":false,"template":"","format":"standard","meta":{"_uag_custom_page_level_css":"","_monsterinsights_skip_tracking":false,"_monsterinsights_sitenote_active":false,"_monsterinsights_sitenote_note":"","_monsterinsights_sitenote_category":0,"jetpack_post_was_ever_published":false,"_jetpack_newsletter_access":"","_jetpack_dont_email_post_to_subs":false,"_jetpack_newsletter_tier_id":0,"_jetpack_memberships_contains_paywalled_content":false,"_jetpack_memberships_contains_paid_content":false,"footnotes":"","jetpack_publicize_message":"","jetpack_publicize_feature_enabled":true,"jetpack_social_post_already_shared":true,"jetpack_social_options":{"image_generator_settings":{"template":"highway","default_image_id":0,"font":"","enabled":false},"version":2}},"categories":[199],"tags":[525,702],"class_list":["post-5783","post","type-post","status-publish","format-standard","has-post-thumbnail","hentry","category-bahia","tag-camara-dos-deputados","tag-gastos"],"jetpack_publicize_connections":[],"jetpack_featured_media_url":"https:\/\/blogopara.com.br\/wp-content\/uploads\/2019\/12\/IMAGEM_NOTICIA_5-2.jpg","uagb_featured_image_src":{"full":["https:\/\/blogopara.com.br\/wp-content\/uploads\/2019\/12\/IMAGEM_NOTICIA_5-2.jpg",380,280,false],"thumbnail":["https:\/\/blogopara.com.br\/wp-content\/uploads\/2019\/12\/IMAGEM_NOTICIA_5-2-150x150.jpg",150,150,true],"medium":["https:\/\/blogopara.com.br\/wp-content\/uploads\/2019\/12\/IMAGEM_NOTICIA_5-2-300x221.jpg",300,221,true],"medium_large":["https:\/\/blogopara.com.br\/wp-content\/uploads\/2019\/12\/IMAGEM_NOTICIA_5-2.jpg",380,280,false],"large":["https:\/\/blogopara.com.br\/wp-content\/uploads\/2019\/12\/IMAGEM_NOTICIA_5-2.jpg",380,280,false],"1536x1536":["https:\/\/blogopara.com.br\/wp-content\/uploads\/2019\/12\/IMAGEM_NOTICIA_5-2.jpg",380,280,false],"2048x2048":["https:\/\/blogopara.com.br\/wp-content\/uploads\/2019\/12\/IMAGEM_NOTICIA_5-2.jpg",380,280,false],"mantranews-slider-large":["https:\/\/blogopara.com.br\/wp-content\/uploads\/2019\/12\/IMAGEM_NOTICIA_5-2.jpg",380,280,false],"mantranews-featured-medium":["https:\/\/blogopara.com.br\/wp-content\/uploads\/2019\/12\/IMAGEM_NOTICIA_5-2.jpg",380,280,false],"mantranews-featured-long":["https:\/\/blogopara.com.br\/wp-content\/uploads\/2019\/12\/IMAGEM_NOTICIA_5-2.jpg",300,221,false],"mantranews-block-medium":["https:\/\/blogopara.com.br\/wp-content\/uploads\/2019\/12\/IMAGEM_NOTICIA_5-2.jpg",380,280,false],"mantranews-carousel-image":["https:\/\/blogopara.com.br\/wp-content\/uploads\/2019\/12\/IMAGEM_NOTICIA_5-2.jpg",380,280,false],"mantranews-block-thumb":["https:\/\/blogopara.com.br\/wp-content\/uploads\/2019\/12\/IMAGEM_NOTICIA_5-2.jpg",312,230,false],"mantranews-single-large":["https:\/\/blogopara.com.br\/wp-content\/uploads\/2019\/12\/IMAGEM_NOTICIA_5-2.jpg",380,280,false]},"uagb_author_info":{"display_name":"Reda\u00e7\u00e3o geral","author_link":"https:\/\/blogopara.com.br\/index.php\/author\/blogopara"},"uagb_comment_info":0,"uagb_excerpt":"Durante o primeiro ano de atividade na 56\u00aa legislatura da C\u00e2mara dos Deputados, os parlamentares baianos custaram aos cofres p\u00fablicos mais de R$ 26,9 milh\u00f5es. O total leva em conta os gastos de cada um dos baianos com a legal e prevista cota partamentar. Em 2019, o l\u00edder de gastos com a Cota para o&hellip;","jetpack_sharing_enabled":true,"jetpack_likes_enabled":true,"_links":{"self":[{"href":"https:\/\/blogopara.com.br\/index.php\/wp-json\/wp\/v2\/posts\/5783","targetHints":{"allow":["GET"]}}],"collection":[{"href":"https:\/\/blogopara.com.br\/index.php\/wp-json\/wp\/v2\/posts"}],"about":[{"href":"https:\/\/blogopara.com.br\/index.php\/wp-json\/wp\/v2\/types\/post"}],"author":[{"embeddable":true,"href":"https:\/\/blogopara.com.br\/index.php\/wp-json\/wp\/v2\/users\/1"}],"replies":[{"embeddable":true,"href":"https:\/\/blogopara.com.br\/index.php\/wp-json\/wp\/v2\/comments?post=5783"}],"version-history":[{"count":4,"href":"https:\/\/blogopara.com.br\/index.php\/wp-json\/wp\/v2\/posts\/5783\/revisions"}],"predecessor-version":[{"id":5788,"href":"https:\/\/blogopara.com.br\/index.php\/wp-json\/wp\/v2\/posts\/5783\/revisions\/5788"}],"wp:featuredmedia":[{"embeddable":true,"href":"https:\/\/blogopara.com.br\/index.php\/wp-json\/wp\/v2\/media\/5785"}],"wp:attachment":[{"href":"https:\/\/blogopara.com.br\/index.php\/wp-json\/wp\/v2\/media?parent=5783"}],"wp:term":[{"taxonomy":"category","embeddable":true,"href":"https:\/\/blogopara.com.br\/index.php\/wp-json\/wp\/v2\/categories?post=5783"},{"taxonomy":"post_tag","embeddable":true,"href":"https:\/\/blogopara.com.br\/index.php\/wp-json\/wp\/v2\/tags?post=5783"}],"curies":[{"name":"wp","href":"https:\/\/api.w.org\/{rel}","templated":true}]}}