{"id":57844,"date":"2023-10-04T16:28:00","date_gmt":"2023-10-04T19:28:00","guid":{"rendered":"https:\/\/blogopara.com.br\/?p=57844"},"modified":"2023-10-03T20:34:20","modified_gmt":"2023-10-03T23:34:20","slug":"moradores-afirmam-ter-medo-de-sair-de-casa-por-causa-de-assaltos-e-homicidios-em-cidade-na-ba","status":"publish","type":"post","link":"https:\/\/blogopara.com.br\/index.php\/2023\/10\/04\/moradores-afirmam-ter-medo-de-sair-de-casa-por-causa-de-assaltos-e-homicidios-em-cidade-na-ba","title":{"rendered":"Moradores afirmam ter medo de sair de casa por causa de assaltos e homic\u00eddios em cidade na BA"},"content":{"rendered":"<div id=\"chunk-btbm6\">\n<div class=\"mc-column content-text active-extra-styles \" data-block-type=\"unstyled\" data-block-weight=\"48\" data-block-id=\"3\">\n<p class=\" content-text__container \" style=\"text-align: justify;\" data-track-category=\"Link no Texto\" data-track-links=\"\">Moradores do Conjunto Reserva do Parque, em\u00a0Feira de Santana, relatam rotinas de inseguran\u00e7a e medo no residencial neste ano. Por causa dos assaltos constantes e at\u00e9 homic\u00eddios nas ruas do condom\u00ednio, os moradores revelam ter medo de sair de casa a partir do final da tarde.<\/p>\n<\/div>\n<\/div>\n<div class=\"wall protected-content\">\n<div id=\"chunk-1k2s2\" style=\"text-align: justify;\">\n<div class=\"mc-column content-text active-extra-styles \" data-block-type=\"unstyled\" data-block-weight=\"22\" data-block-id=\"5\">\n<p class=\" content-text__container \" data-track-category=\"Link no Texto\" data-track-links=\"\">Al\u00e9m disso, segundo os moradores, \u00f4nibus, vans e motoboys se recusam a circular no local \u00e0 noite, dada a inseguran\u00e7a na regi\u00e3o.<\/p>\n<\/div>\n<\/div>\n<div id=\"chunk-cnfpc\" style=\"text-align: justify;\">\n<div class=\"mc-column content-text active-extra-styles \" data-block-type=\"unstyled\" data-block-weight=\"51\" data-block-id=\"6\">\n<p class=\" content-text__container \" data-track-category=\"Link no Texto\" data-track-links=\"\">Os relatos s\u00e3o de que homens chegam em grupos de 15, armados, se dividem e abordam os moradores na localidade. Os moradores, que t\u00eam medo de se identificar, dizem que todos j\u00e1 foram v\u00edtimas ou testemunharam ocorr\u00eancias. Al\u00e9m disso, a partir das 16h, muitos evitam sair de casa, por medo.<\/p>\n<\/div>\n<\/div>\n<div id=\"chunk-fco12\" style=\"text-align: justify;\">\n<div class=\"mc-column content-text active-extra-styles\" data-block-type=\"raw\" data-block-weight=\"33\" data-block-id=\"8\">\n<blockquote class=\"content-blockquote theme-border-color-primary-before\"><p>&#8220;Aqui tem pessoas que s\u00e3o assaltadas quase toda semana. Pessoas que chegam no \u00f4nibus de 19h, frequentemente s\u00e3o assaltadas. Essa semana, se eu n\u00e3o me engano, foram tr\u00eas vezes j\u00e1&#8221;, disse uma testemunha.<\/p><\/blockquote>\n<\/div>\n<\/div>\n<div id=\"chunk-5c63r\" style=\"text-align: justify;\">\n<div class=\"mc-column content-text active-extra-styles \" data-block-type=\"unstyled\" data-block-weight=\"50\" data-block-id=\"9\">\n<p class=\" content-text__container \" data-track-category=\"Link no Texto\" data-track-links=\"\">Os moradores dizem, inclusive, que motoristas de \u00f4nibus e vans avisaram que n\u00e3o v\u00e3o circular na regi\u00e3o depois das 18h por medo dos criminosos. A prefeitura de Feira de Santana foi procurada e nega que tenha ocorrido a suspens\u00e3o da circula\u00e7\u00e3o de \u00f4nibus no Conjunto Reserva do Parque.<\/p>\n<\/div>\n<\/div>\n<div id=\"chunk-966s6\" style=\"text-align: justify;\">\n<div class=\"mc-column content-text active-extra-styles \" data-block-type=\"unstyled\" data-block-weight=\"52\" data-block-id=\"10\">\n<p class=\" content-text__container \" data-track-category=\"Link no Texto\" data-track-links=\"\">&#8220;O aviso que a gente recebeu \u00e9 que a partir de 18h eles [os motoristas de \u00f4nibus] n\u00e3o v\u00e3o mais entrar aqui. A gente se sente preso (&#8230;) de dia a gente pode sair, mas, de noite, todo mundo preso dentro de casa. N\u00e3o d\u00e1 pra viver desse jeito&#8221;, disse outra moradora.<\/p>\n<\/div>\n<\/div>\n<div id=\"chunk-8uk46\" style=\"text-align: justify;\">\n<div class=\"mc-column content-text active-extra-styles \" data-block-type=\"unstyled\" data-block-weight=\"28\" data-block-id=\"11\">\n<p class=\" content-text__container \" data-track-category=\"Link no Texto\" data-track-links=\"\">Na noite de quarta-feira (27), um \u00f4nibus foi assaltado na regi\u00e3o do condom\u00ednio e o motorista e passageiros tiveram os bens levados na a\u00e7\u00e3o, mas ningu\u00e9m ficou ferido.<\/p>\n<\/div>\n<\/div>\n<div id=\"chunk-c3joj\" style=\"text-align: justify;\">\n<div class=\"mc-column content-text active-extra-styles \" data-block-type=\"unstyled\" data-block-weight=\"37\" data-block-id=\"12\">\n<p class=\" content-text__container \" data-track-category=\"Link no Texto\" data-track-links=\"\">Em nota, a empresa S\u00e3o Jo\u00e3o, respons\u00e1vel pela linha que circula no local, disse lamentar o ocorrido e que a empresa est\u00e1 tomando as medidas legais a respeito do fato e informando as autoridades competentes.<\/p>\n<\/div>\n<\/div>\n<div id=\"chunk-6phi1\" style=\"text-align: justify;\">\n<div class=\"mc-column content-text active-extra-styles \" data-block-type=\"unstyled\" data-block-weight=\"61\" data-block-id=\"15\">\n<p class=\" content-text__container \" data-track-category=\"Link no Texto\" data-track-links=\"\">Em nota \u00e0 TV Suba\u00e9, filiada da TV Bahia na regi\u00e3o, o comando da 65\u00aa Companhia Independente da Pol\u00edcia Militar informou que todas as providencias est\u00e3o sendo tomadas para garantir o refor\u00e7o do policiamento no local. Entre elas, o aumento da quantidade de viaturas e o acionamento do setor de intelig\u00eancia para coletar os dados e neutralizar as a\u00e7\u00f5es dos criminosos.<\/p>\n<\/div>\n<\/div>\n<div id=\"chunk-fl1do\" style=\"text-align: justify;\">\n<div class=\"mc-column content-text active-extra-styles \" data-block-type=\"unstyled\" data-block-weight=\"24\" data-block-id=\"16\">\n<p class=\" content-text__container \" data-track-category=\"Link no Texto\" data-track-links=\"\">O Comando tamb\u00e9m pede que os moradores denunciem na delegacia qualquer atividade ilegal para que a PM possa tomar a\u00e7\u00f5es para combater os crimes<\/p>\n<\/div>\n<\/div>\n<div id=\"chunk-i1j\" style=\"text-align: justify;\">\n<div class=\"mc-column content-text active-extra-styles \" data-block-type=\"unstyled\" data-block-weight=\"35\" data-block-id=\"17\">\n<p class=\" content-text__container \" data-track-category=\"Link no Texto\" data-track-links=\"\">De acordo com as testemunhas, a pol\u00edcia circula no residencial, mas n\u00e3o localiza os criminosos. Quem vive no local argumenta que h\u00e1 um matagal na regi\u00e3o, que seria usado como esconderijo durante as rondas policiais.<\/p>\n<\/div>\n<\/div>\n<div id=\"chunk-1dt0s\" style=\"text-align: justify;\">\n<div class=\"mc-column content-text active-extra-styles \" data-block-type=\"unstyled\" data-block-weight=\"27\" data-block-id=\"22\">\n<p class=\" content-text__container \" data-track-category=\"Link no Texto\" data-track-links=\"\">Os moradores exp\u00f5em uma rotina de medo e trauma por causa da inseguran\u00e7a. O maior medo deles \u00e9 serem v\u00edtimas dos homic\u00eddios que seriam frequentes no bairro.<\/p>\n<\/div>\n<\/div>\n<div id=\"chunk-i2ps\" style=\"text-align: justify;\">\n<div class=\"mc-column content-text active-extra-styles\" data-block-type=\"raw\" data-block-weight=\"34\" data-block-id=\"23\">\n<blockquote class=\"content-blockquote theme-border-color-primary-before\"><p>&#8220;\u00c9 uma sensa\u00e7\u00e3o de terror. Na verdade, eu mesma passo por psic\u00f3logo. Minha filha, inclusive, est\u00e1 indo agora para uma consulta com psic\u00f3logo por causa disso, pelo fato de viver presa&#8221;, contou uma moradora<\/p><\/blockquote>\n<p><span style=\"font-size: revert; color: initial;\">Em diversas paredes dos edif\u00edcios, \u00e9 poss\u00edvel observar marcas de tiros. Os relatos s\u00e3o de disparos frequentes. Em um deles, o morador conta que estava na janela de casa e ouvia uma vizinha contar que havia acabado de ser assaltada, quando foi visto por um dos criminosos que atirou em sua dire\u00e7\u00e3o.<\/span><\/p>\n<\/div>\n<\/div>\n<\/div>\n","protected":false},"excerpt":{"rendered":"<p>Moradores do Conjunto Reserva do Parque, em\u00a0Feira de Santana, relatam rotinas de inseguran\u00e7a e medo no residencial neste ano. Por causa dos assaltos constantes e at\u00e9 homic\u00eddios nas ruas do condom\u00ednio, os moradores revelam ter medo de sair de casa a partir do final da tarde. Al\u00e9m disso, segundo os moradores, \u00f4nibus, vans e motoboys [&hellip;]<\/p>\n","protected":false},"author":1,"featured_media":57845,"comment_status":"closed","ping_status":"open","sticky":false,"template":"","format":"standard","meta":{"_uag_custom_page_level_css":"","_monsterinsights_skip_tracking":false,"_monsterinsights_sitenote_active":false,"_monsterinsights_sitenote_note":"","_monsterinsights_sitenote_category":0,"jetpack_post_was_ever_published":false,"_jetpack_newsletter_access":"","_jetpack_dont_email_post_to_subs":false,"_jetpack_newsletter_tier_id":0,"_jetpack_memberships_contains_paywalled_content":false,"_jetpack_memberships_contains_paid_content":false,"footnotes":"","jetpack_publicize_message":"","jetpack_publicize_feature_enabled":true,"jetpack_social_post_already_shared":true,"jetpack_social_options":{"image_generator_settings":{"template":"highway","default_image_id":0,"font":"","enabled":false},"version":2}},"categories":[203],"tags":[8075,10136,4889],"class_list":["post-57844","post","type-post","status-publish","format-standard","has-post-thumbnail","hentry","category-juazeiro","tag-jeronimo-rodrigues","tag-pt-da-bahia","tag-ssp-ba"],"jetpack_publicize_connections":[],"jetpack_featured_media_url":"https:\/\/blogopara.com.br\/wp-content\/uploads\/2023\/10\/Captura-de-tela-2023-10-03-203247.jpg","uagb_featured_image_src":{"full":["https:\/\/blogopara.com.br\/wp-content\/uploads\/2023\/10\/Captura-de-tela-2023-10-03-203247.jpg",500,313,false],"thumbnail":["https:\/\/blogopara.com.br\/wp-content\/uploads\/2023\/10\/Captura-de-tela-2023-10-03-203247-150x150.jpg",150,150,true],"medium":["https:\/\/blogopara.com.br\/wp-content\/uploads\/2023\/10\/Captura-de-tela-2023-10-03-203247-300x188.jpg",300,188,true],"medium_large":["https:\/\/blogopara.com.br\/wp-content\/uploads\/2023\/10\/Captura-de-tela-2023-10-03-203247.jpg",500,313,false],"large":["https:\/\/blogopara.com.br\/wp-content\/uploads\/2023\/10\/Captura-de-tela-2023-10-03-203247.jpg",500,313,false],"1536x1536":["https:\/\/blogopara.com.br\/wp-content\/uploads\/2023\/10\/Captura-de-tela-2023-10-03-203247.jpg",500,313,false],"2048x2048":["https:\/\/blogopara.com.br\/wp-content\/uploads\/2023\/10\/Captura-de-tela-2023-10-03-203247.jpg",500,313,false],"mantranews-slider-large":["https:\/\/blogopara.com.br\/wp-content\/uploads\/2023\/10\/Captura-de-tela-2023-10-03-203247.jpg",500,313,false],"mantranews-featured-medium":["https:\/\/blogopara.com.br\/wp-content\/uploads\/2023\/10\/Captura-de-tela-2023-10-03-203247-420x307.jpg",420,307,true],"mantranews-featured-long":["https:\/\/blogopara.com.br\/wp-content\/uploads\/2023\/10\/Captura-de-tela-2023-10-03-203247-300x313.jpg",300,313,true],"mantranews-block-medium":["https:\/\/blogopara.com.br\/wp-content\/uploads\/2023\/10\/Captura-de-tela-2023-10-03-203247-464x290.jpg",464,290,true],"mantranews-carousel-image":["https:\/\/blogopara.com.br\/wp-content\/uploads\/2023\/10\/Captura-de-tela-2023-10-03-203247.jpg",500,313,false],"mantranews-block-thumb":["https:\/\/blogopara.com.br\/wp-content\/uploads\/2023\/10\/Captura-de-tela-2023-10-03-203247-322x230.jpg",322,230,true],"mantranews-single-large":["https:\/\/blogopara.com.br\/wp-content\/uploads\/2023\/10\/Captura-de-tela-2023-10-03-203247.jpg",500,313,false]},"uagb_author_info":{"display_name":"Reda\u00e7\u00e3o geral","author_link":"https:\/\/blogopara.com.br\/index.php\/author\/blogopara"},"uagb_comment_info":0,"uagb_excerpt":"Moradores do Conjunto Reserva do Parque, em\u00a0Feira de Santana, relatam rotinas de inseguran\u00e7a e medo no residencial neste ano. Por causa dos assaltos constantes e at\u00e9 homic\u00eddios nas ruas do condom\u00ednio, os moradores revelam ter medo de sair de casa a partir do final da tarde. Al\u00e9m disso, segundo os moradores, \u00f4nibus, vans e motoboys&hellip;","jetpack_sharing_enabled":true,"jetpack_likes_enabled":true,"_links":{"self":[{"href":"https:\/\/blogopara.com.br\/index.php\/wp-json\/wp\/v2\/posts\/57844","targetHints":{"allow":["GET"]}}],"collection":[{"href":"https:\/\/blogopara.com.br\/index.php\/wp-json\/wp\/v2\/posts"}],"about":[{"href":"https:\/\/blogopara.com.br\/index.php\/wp-json\/wp\/v2\/types\/post"}],"author":[{"embeddable":true,"href":"https:\/\/blogopara.com.br\/index.php\/wp-json\/wp\/v2\/users\/1"}],"replies":[{"embeddable":true,"href":"https:\/\/blogopara.com.br\/index.php\/wp-json\/wp\/v2\/comments?post=57844"}],"version-history":[{"count":1,"href":"https:\/\/blogopara.com.br\/index.php\/wp-json\/wp\/v2\/posts\/57844\/revisions"}],"predecessor-version":[{"id":57846,"href":"https:\/\/blogopara.com.br\/index.php\/wp-json\/wp\/v2\/posts\/57844\/revisions\/57846"}],"wp:featuredmedia":[{"embeddable":true,"href":"https:\/\/blogopara.com.br\/index.php\/wp-json\/wp\/v2\/media\/57845"}],"wp:attachment":[{"href":"https:\/\/blogopara.com.br\/index.php\/wp-json\/wp\/v2\/media?parent=57844"}],"wp:term":[{"taxonomy":"category","embeddable":true,"href":"https:\/\/blogopara.com.br\/index.php\/wp-json\/wp\/v2\/categories?post=57844"},{"taxonomy":"post_tag","embeddable":true,"href":"https:\/\/blogopara.com.br\/index.php\/wp-json\/wp\/v2\/tags?post=57844"}],"curies":[{"name":"wp","href":"https:\/\/api.w.org\/{rel}","templated":true}]}}