{"id":57858,"date":"2023-10-05T09:25:00","date_gmt":"2023-10-05T12:25:00","guid":{"rendered":"https:\/\/blogopara.com.br\/?p=57858"},"modified":"2023-10-04T21:28:29","modified_gmt":"2023-10-05T00:28:29","slug":"petrolina-pe-3a-edicao-do-festival-gastronomico-recebera-11-chefes-nacionais-e-regionais","status":"publish","type":"post","link":"https:\/\/blogopara.com.br\/index.php\/2023\/10\/05\/petrolina-pe-3a-edicao-do-festival-gastronomico-recebera-11-chefes-nacionais-e-regionais","title":{"rendered":"Petrolina (PE): 3\u00aa edi\u00e7\u00e3o do Festival Gastron\u00f4mico receber\u00e1 11 chefes nacionais e regionais"},"content":{"rendered":"<p style=\"text-align: justify;\">Realizado como forma de valorizar e divulgar a culin\u00e1ria local, estimular a economia criativa e impulsionar a visita\u00e7\u00e3o tur\u00edstica, o Festival Gastron\u00f4mico de Petrolina, que neste ano est\u00e1 em sua 3\u00aa edi\u00e7\u00e3o, contar\u00e1 com a participa\u00e7\u00e3o de 11 chefes renomados nacionalmente. O evento ainda ter\u00e1 shows com atra\u00e7\u00f5es art\u00edsticas todas as noites. A entrada \u00e9 gratuita.<\/p>\n<p style=\"text-align: justify;\">O Festival come\u00e7a nesta sexta-feira (6) e vai at\u00e9 o domingo (8), na Porta do Rio, das 17h \u00e0s 00h. Cada Chef ter\u00e1 tr\u00eas op\u00e7\u00f5es de pratos, que ir\u00e3o custar R$ 25, R$ 35 ou R$ 45. Ser\u00e1 uma oportunidade para a popula\u00e7\u00e3o conhecer nomes da culin\u00e1ria local, regional e nacional. A programa\u00e7\u00e3o ainda contar\u00e1 com os shows musicais das bandas Radiof\u00f4nica, MPA, The Odd Folks e The Doctors, e ter\u00e1 tamb\u00e9m \u00e1rea para crian\u00e7as e \u00e9 Pet Friendly.<\/p>\n<p style=\"text-align: justify;\">\u201cO Festival Gastron\u00f4mico \u00e9 um evento que sempre faz um grande sucesso, durante os tr\u00eas dias, os petrolinenses e turistas podem aproveitar uma programa\u00e7\u00e3o completa, com op\u00e7\u00f5es culin\u00e1rias assinadas por chefs renomados, al\u00e9m de usufruir espa\u00e7o para as crian\u00e7as e uma boa programa\u00e7\u00e3o musical. O prefeito Sim\u00e3o Durando convida todos a vir participar e trazer a fam\u00edlia\u201d, destacou o secret\u00e1rio de Desenvolvimento Econ\u00f4mico e Turismo, Giovanni Costa.<\/p>\n<p style=\"text-align: justify;\">Os interessados em conhecer mais sobre o Festival Gastron\u00f4mico podem acompanhar o perfil no Instagram @festivalgastropetrolina, onde est\u00e3o sendo divulgadas curiosidades gastron\u00f4micas. O evento \u00e9 realizado pela Associa\u00e7\u00e3o Integrada de Turismo (ASSITUR) e tem o apoio da Prefeitura Municipal de Petrolina, atrav\u00e9s da Secretaria de Desenvolvimento Econ\u00f4mico e Turismo (SEDETUR).<\/p>\n","protected":false},"excerpt":{"rendered":"<p>Realizado como forma de valorizar e divulgar a culin\u00e1ria local, estimular a economia criativa e impulsionar a visita\u00e7\u00e3o tur\u00edstica, o Festival Gastron\u00f4mico de Petrolina, que neste ano est\u00e1 em sua 3\u00aa edi\u00e7\u00e3o, contar\u00e1 com a participa\u00e7\u00e3o de 11 chefes renomados nacionalmente. O evento ainda ter\u00e1 shows com atra\u00e7\u00f5es art\u00edsticas todas as noites. A entrada \u00e9 [&hellip;]<\/p>\n","protected":false},"author":1,"featured_media":57859,"comment_status":"closed","ping_status":"open","sticky":false,"template":"","format":"standard","meta":{"_uag_custom_page_level_css":"","_monsterinsights_skip_tracking":false,"_monsterinsights_sitenote_active":false,"_monsterinsights_sitenote_note":"","_monsterinsights_sitenote_category":0,"jetpack_post_was_ever_published":false,"_jetpack_newsletter_access":"","_jetpack_dont_email_post_to_subs":false,"_jetpack_newsletter_tier_id":0,"_jetpack_memberships_contains_paywalled_content":false,"_jetpack_memberships_contains_paid_content":false,"footnotes":"","jetpack_publicize_message":"","jetpack_publicize_feature_enabled":true,"jetpack_social_post_already_shared":true,"jetpack_social_options":{"image_generator_settings":{"template":"highway","default_image_id":0,"font":"","enabled":false},"version":2}},"categories":[203],"tags":[],"class_list":["post-57858","post","type-post","status-publish","format-standard","has-post-thumbnail","hentry","category-juazeiro"],"jetpack_publicize_connections":[],"jetpack_featured_media_url":"https:\/\/blogopara.com.br\/wp-content\/uploads\/2023\/10\/chefes-850x491-1.jpeg","uagb_featured_image_src":{"full":["https:\/\/blogopara.com.br\/wp-content\/uploads\/2023\/10\/chefes-850x491-1.jpeg",500,288,false],"thumbnail":["https:\/\/blogopara.com.br\/wp-content\/uploads\/2023\/10\/chefes-850x491-1-150x150.jpeg",150,150,true],"medium":["https:\/\/blogopara.com.br\/wp-content\/uploads\/2023\/10\/chefes-850x491-1-300x173.jpeg",300,173,true],"medium_large":["https:\/\/blogopara.com.br\/wp-content\/uploads\/2023\/10\/chefes-850x491-1.jpeg",500,288,false],"large":["https:\/\/blogopara.com.br\/wp-content\/uploads\/2023\/10\/chefes-850x491-1.jpeg",500,288,false],"1536x1536":["https:\/\/blogopara.com.br\/wp-content\/uploads\/2023\/10\/chefes-850x491-1.jpeg",500,288,false],"2048x2048":["https:\/\/blogopara.com.br\/wp-content\/uploads\/2023\/10\/chefes-850x491-1.jpeg",500,288,false],"mantranews-slider-large":["https:\/\/blogopara.com.br\/wp-content\/uploads\/2023\/10\/chefes-850x491-1.jpeg",500,288,false],"mantranews-featured-medium":["https:\/\/blogopara.com.br\/wp-content\/uploads\/2023\/10\/chefes-850x491-1-420x288.jpeg",420,288,true],"mantranews-featured-long":["https:\/\/blogopara.com.br\/wp-content\/uploads\/2023\/10\/chefes-850x491-1-300x288.jpeg",300,288,true],"mantranews-block-medium":["https:\/\/blogopara.com.br\/wp-content\/uploads\/2023\/10\/chefes-850x491-1-464x288.jpeg",464,288,true],"mantranews-carousel-image":["https:\/\/blogopara.com.br\/wp-content\/uploads\/2023\/10\/chefes-850x491-1.jpeg",500,288,false],"mantranews-block-thumb":["https:\/\/blogopara.com.br\/wp-content\/uploads\/2023\/10\/chefes-850x491-1-322x230.jpeg",322,230,true],"mantranews-single-large":["https:\/\/blogopara.com.br\/wp-content\/uploads\/2023\/10\/chefes-850x491-1.jpeg",500,288,false]},"uagb_author_info":{"display_name":"Reda\u00e7\u00e3o geral","author_link":"https:\/\/blogopara.com.br\/index.php\/author\/blogopara"},"uagb_comment_info":0,"uagb_excerpt":"Realizado como forma de valorizar e divulgar a culin\u00e1ria local, estimular a economia criativa e impulsionar a visita\u00e7\u00e3o tur\u00edstica, o Festival Gastron\u00f4mico de Petrolina, que neste ano est\u00e1 em sua 3\u00aa edi\u00e7\u00e3o, contar\u00e1 com a participa\u00e7\u00e3o de 11 chefes renomados nacionalmente. O evento ainda ter\u00e1 shows com atra\u00e7\u00f5es art\u00edsticas todas as noites. A entrada \u00e9&hellip;","jetpack_sharing_enabled":true,"jetpack_likes_enabled":true,"_links":{"self":[{"href":"https:\/\/blogopara.com.br\/index.php\/wp-json\/wp\/v2\/posts\/57858","targetHints":{"allow":["GET"]}}],"collection":[{"href":"https:\/\/blogopara.com.br\/index.php\/wp-json\/wp\/v2\/posts"}],"about":[{"href":"https:\/\/blogopara.com.br\/index.php\/wp-json\/wp\/v2\/types\/post"}],"author":[{"embeddable":true,"href":"https:\/\/blogopara.com.br\/index.php\/wp-json\/wp\/v2\/users\/1"}],"replies":[{"embeddable":true,"href":"https:\/\/blogopara.com.br\/index.php\/wp-json\/wp\/v2\/comments?post=57858"}],"version-history":[{"count":1,"href":"https:\/\/blogopara.com.br\/index.php\/wp-json\/wp\/v2\/posts\/57858\/revisions"}],"predecessor-version":[{"id":57860,"href":"https:\/\/blogopara.com.br\/index.php\/wp-json\/wp\/v2\/posts\/57858\/revisions\/57860"}],"wp:featuredmedia":[{"embeddable":true,"href":"https:\/\/blogopara.com.br\/index.php\/wp-json\/wp\/v2\/media\/57859"}],"wp:attachment":[{"href":"https:\/\/blogopara.com.br\/index.php\/wp-json\/wp\/v2\/media?parent=57858"}],"wp:term":[{"taxonomy":"category","embeddable":true,"href":"https:\/\/blogopara.com.br\/index.php\/wp-json\/wp\/v2\/categories?post=57858"},{"taxonomy":"post_tag","embeddable":true,"href":"https:\/\/blogopara.com.br\/index.php\/wp-json\/wp\/v2\/tags?post=57858"}],"curies":[{"name":"wp","href":"https:\/\/api.w.org\/{rel}","templated":true}]}}