{"id":57904,"date":"2023-10-07T10:46:00","date_gmt":"2023-10-07T13:46:00","guid":{"rendered":"https:\/\/blogopara.com.br\/?p=57904"},"modified":"2023-10-07T06:46:46","modified_gmt":"2023-10-07T09:46:46","slug":"reurb-prefeitura-de-juazeiro-e-diocese-alinham-os-proximos-passos-do-programa","status":"publish","type":"post","link":"https:\/\/blogopara.com.br\/index.php\/2023\/10\/07\/reurb-prefeitura-de-juazeiro-e-diocese-alinham-os-proximos-passos-do-programa","title":{"rendered":"Reurb: Prefeitura de Juazeiro e Diocese alinham os pr\u00f3ximos passos do programa"},"content":{"rendered":"<p class=\"x_MsoNormal\" style=\"text-align: justify;\">A Prefeitura Municipal, por meio da Procuradoria Geral do Munic\u00edpio (PGM), realizou uma reuni\u00e3o com representantes da Diocese de Juazeiro, nesta quarta-feira(4). O encontro, aconteceu na sede da PMG e foi uma oportunidade para as institui\u00e7\u00f5es alinharem as pr\u00f3ximas etapas da Regulariza\u00e7\u00e3o Fundi\u00e1ria Urbana (Reurb).<\/p>\n<p class=\"x_MsoNormal\" style=\"text-align: justify;\">A prefeita Suzana Ramos destaca que a iniciativa \u00e9 pioneira da sua gest\u00e3o, em parceria com a Diocese, e garante a regulariza\u00e7\u00e3o para as fam\u00edlias de baixa renda. \u201c\u00c9 um passo muito importante para a cidade, ao regularizar esses im\u00f3veis trazemos seguran\u00e7a, dignidade e cidadania para todos\u201d, falou a gestora municipal.<\/p>\n<p class=\"x_MsoNormal\" style=\"text-align: justify;\">Segundo o Procurador Geral do Munic\u00edpio de Juazeiro, Thiago Cordeiro, os estudos e levantamento de dados para os procedimentos legais da primeira etapa do programa est\u00e3o sendo finalizados. \u201cNosso di\u00e1logo constante com a Diocese, \u00f3rg\u00e3os do judici\u00e1rio e o tabelionato, v\u00e3o refletir na celeridade e seguran\u00e7a jur\u00eddica da Reurb. Programa pioneiro da gest\u00e3o Suzana Ramos, que vai levar dignidade para o povo e desenvolvimento para Juazeiro\u201d, disse Thiago Cordeiro.<\/p>\n<p class=\"x_MsoNormal\" style=\"text-align: justify;\">O programa, at\u00e9 o momento, vai beneficiar 13 bairros, s\u00e3o eles: Alto da Alian\u00e7a, Piranga, Piranga I e II, Malhada da Areia, Nova Esperan\u00e7a, Ant\u00f4nio Conselheiro, Argemiro, Jardim S\u00e3o Paulo, Vila Tiradentes, Palmares I e II, Padre Vicente (Codevasf) e Jo\u00e3o Paulo II.<\/p>\n","protected":false},"excerpt":{"rendered":"<p>A Prefeitura Municipal, por meio da Procuradoria Geral do Munic\u00edpio (PGM), realizou uma reuni\u00e3o com representantes da Diocese de Juazeiro, nesta quarta-feira(4). O encontro, aconteceu na sede da PMG e foi uma oportunidade para as institui\u00e7\u00f5es alinharem as pr\u00f3ximas etapas da Regulariza\u00e7\u00e3o Fundi\u00e1ria Urbana (Reurb). A prefeita Suzana Ramos destaca que a iniciativa \u00e9 pioneira [&hellip;]<\/p>\n","protected":false},"author":1,"featured_media":57905,"comment_status":"closed","ping_status":"open","sticky":false,"template":"","format":"standard","meta":{"_uag_custom_page_level_css":"","_monsterinsights_skip_tracking":false,"_monsterinsights_sitenote_active":false,"_monsterinsights_sitenote_note":"","_monsterinsights_sitenote_category":0,"jetpack_post_was_ever_published":false,"_jetpack_newsletter_access":"","_jetpack_dont_email_post_to_subs":false,"_jetpack_newsletter_tier_id":0,"_jetpack_memberships_contains_paywalled_content":false,"_jetpack_memberships_contains_paid_content":false,"footnotes":"","jetpack_publicize_message":"","jetpack_publicize_feature_enabled":true,"jetpack_social_post_already_shared":true,"jetpack_social_options":{"image_generator_settings":{"template":"highway","default_image_id":0,"font":"","enabled":false},"version":2}},"categories":[203],"tags":[],"class_list":["post-57904","post","type-post","status-publish","format-standard","has-post-thumbnail","hentry","category-juazeiro"],"jetpack_publicize_connections":[],"jetpack_featured_media_url":"https:\/\/blogopara.com.br\/wp-content\/uploads\/2023\/10\/diocese.jpg","uagb_featured_image_src":{"full":["https:\/\/blogopara.com.br\/wp-content\/uploads\/2023\/10\/diocese.jpg",500,333,false],"thumbnail":["https:\/\/blogopara.com.br\/wp-content\/uploads\/2023\/10\/diocese-150x150.jpg",150,150,true],"medium":["https:\/\/blogopara.com.br\/wp-content\/uploads\/2023\/10\/diocese-300x200.jpg",300,200,true],"medium_large":["https:\/\/blogopara.com.br\/wp-content\/uploads\/2023\/10\/diocese.jpg",500,333,false],"large":["https:\/\/blogopara.com.br\/wp-content\/uploads\/2023\/10\/diocese.jpg",500,333,false],"1536x1536":["https:\/\/blogopara.com.br\/wp-content\/uploads\/2023\/10\/diocese.jpg",500,333,false],"2048x2048":["https:\/\/blogopara.com.br\/wp-content\/uploads\/2023\/10\/diocese.jpg",500,333,false],"mantranews-slider-large":["https:\/\/blogopara.com.br\/wp-content\/uploads\/2023\/10\/diocese.jpg",500,333,false],"mantranews-featured-medium":["https:\/\/blogopara.com.br\/wp-content\/uploads\/2023\/10\/diocese-420x307.jpg",420,307,true],"mantranews-featured-long":["https:\/\/blogopara.com.br\/wp-content\/uploads\/2023\/10\/diocese-300x333.jpg",300,333,true],"mantranews-block-medium":["https:\/\/blogopara.com.br\/wp-content\/uploads\/2023\/10\/diocese-464x290.jpg",464,290,true],"mantranews-carousel-image":["https:\/\/blogopara.com.br\/wp-content\/uploads\/2023\/10\/diocese.jpg",500,333,false],"mantranews-block-thumb":["https:\/\/blogopara.com.br\/wp-content\/uploads\/2023\/10\/diocese-322x230.jpg",322,230,true],"mantranews-single-large":["https:\/\/blogopara.com.br\/wp-content\/uploads\/2023\/10\/diocese.jpg",500,333,false]},"uagb_author_info":{"display_name":"Reda\u00e7\u00e3o geral","author_link":"https:\/\/blogopara.com.br\/index.php\/author\/blogopara"},"uagb_comment_info":0,"uagb_excerpt":"A Prefeitura Municipal, por meio da Procuradoria Geral do Munic\u00edpio (PGM), realizou uma reuni\u00e3o com representantes da Diocese de Juazeiro, nesta quarta-feira(4). O encontro, aconteceu na sede da PMG e foi uma oportunidade para as institui\u00e7\u00f5es alinharem as pr\u00f3ximas etapas da Regulariza\u00e7\u00e3o Fundi\u00e1ria Urbana (Reurb). A prefeita Suzana Ramos destaca que a iniciativa \u00e9 pioneira&hellip;","jetpack_sharing_enabled":true,"jetpack_likes_enabled":true,"_links":{"self":[{"href":"https:\/\/blogopara.com.br\/index.php\/wp-json\/wp\/v2\/posts\/57904","targetHints":{"allow":["GET"]}}],"collection":[{"href":"https:\/\/blogopara.com.br\/index.php\/wp-json\/wp\/v2\/posts"}],"about":[{"href":"https:\/\/blogopara.com.br\/index.php\/wp-json\/wp\/v2\/types\/post"}],"author":[{"embeddable":true,"href":"https:\/\/blogopara.com.br\/index.php\/wp-json\/wp\/v2\/users\/1"}],"replies":[{"embeddable":true,"href":"https:\/\/blogopara.com.br\/index.php\/wp-json\/wp\/v2\/comments?post=57904"}],"version-history":[{"count":1,"href":"https:\/\/blogopara.com.br\/index.php\/wp-json\/wp\/v2\/posts\/57904\/revisions"}],"predecessor-version":[{"id":57906,"href":"https:\/\/blogopara.com.br\/index.php\/wp-json\/wp\/v2\/posts\/57904\/revisions\/57906"}],"wp:featuredmedia":[{"embeddable":true,"href":"https:\/\/blogopara.com.br\/index.php\/wp-json\/wp\/v2\/media\/57905"}],"wp:attachment":[{"href":"https:\/\/blogopara.com.br\/index.php\/wp-json\/wp\/v2\/media?parent=57904"}],"wp:term":[{"taxonomy":"category","embeddable":true,"href":"https:\/\/blogopara.com.br\/index.php\/wp-json\/wp\/v2\/categories?post=57904"},{"taxonomy":"post_tag","embeddable":true,"href":"https:\/\/blogopara.com.br\/index.php\/wp-json\/wp\/v2\/tags?post=57904"}],"curies":[{"name":"wp","href":"https:\/\/api.w.org\/{rel}","templated":true}]}}