{"id":58035,"date":"2023-10-12T08:29:00","date_gmt":"2023-10-12T11:29:00","guid":{"rendered":"https:\/\/blogopara.com.br\/?p=58035"},"modified":"2023-10-11T09:31:25","modified_gmt":"2023-10-11T12:31:25","slug":"no-dia-nacional-da-guarda-municipal-gestao-suzana-ramos-destaca-importantes-avancos-na-corporacao","status":"publish","type":"post","link":"https:\/\/blogopara.com.br\/index.php\/2023\/10\/12\/no-dia-nacional-da-guarda-municipal-gestao-suzana-ramos-destaca-importantes-avancos-na-corporacao","title":{"rendered":"No Dia Nacional da Guarda Municipal, Gest\u00e3o Suzana Ramos destaca importantes avan\u00e7os na corpora\u00e7\u00e3o"},"content":{"rendered":"<p class=\"x_MsoNormal\" style=\"text-align: justify;\">Hoje, 10 de outubro, comemora-se o Dia Nacional da Guarda Municipal, e a gest\u00e3o Suzana Ramos destaca a import\u00e2ncia dos agentes e a valoriza\u00e7\u00e3o da gest\u00e3o com a categoria que vem sendo capacitada e especializada cada vez mais para a excel\u00eancia na presta\u00e7\u00e3o de seus servi\u00e7os na seguran\u00e7a da cidade, sempre pr\u00f3ximos da popula\u00e7\u00e3o.<\/p>\n<p class=\"x_MsoNormal\" style=\"text-align: justify;\">\u201cS\u00e3o mais de 20 anos na presta\u00e7\u00e3o de servi\u00e7o \u00e0 popula\u00e7\u00e3o juazeirense, e nesta data especial, quero destacar as importantes a\u00e7\u00f5es que desenvolvemos para essa corpora\u00e7\u00e3o que tem feito um trabalho de qualidade, prote\u00e7\u00e3o e zelo do patrim\u00f4nio p\u00fablico, bem como a seguran\u00e7a da nossa cidade. Vamos continuar valorizando e promovendo o bem-estar dos agentes, capacitando e especializando cada vez mais para a excel\u00eancia na presta\u00e7\u00e3o de seus servi\u00e7os na seguran\u00e7a de todos\u201d, destacou a Prefeita Suzana Ramos.<\/p>\n<p class=\"x_MsoNormal\" style=\"text-align: justify;\"><b>\u00a0<\/b><b>Avan\u00e7os<\/b><\/p>\n<p class=\"x_MsoNormal\" style=\"text-align: justify;\">Nesta gest\u00e3o foi realizada a reforma da base da GCM, e instalada a central de v\u00eddeo monitoramento em sua sede. A gest\u00e3o Suzana Ramos criou a Patrulha Maria da Penha, um passo importante no desenvolvimento de pol\u00edticas p\u00fablicas de prote\u00e7\u00e3o \u00e0s mulheres v\u00edtimas de viol\u00eancia dom\u00e9stica. Uma iniciativa que visa garantir a efetividade da Lei Maria da Penha no Munic\u00edpio, integrando a\u00e7\u00f5es, estabelecendo rela\u00e7\u00e3o direta com a comunidade e assegurando o acompanhamento e atendimento de mulheres v\u00edtimas de viol\u00eancia dom\u00e9stica e familiar. A gest\u00e3o Suzana Ramos tamb\u00e9m reativou a Opera\u00e7\u00e3o Paz nas Comunidades e criou o Grupamento Ostensivo T\u00e1tico em \u00c1rea Rural (Gotar), al\u00e9m da atualiza\u00e7\u00e3o do Plano de Cargos, Carreiras e Remunera\u00e7\u00e3o.<\/p>\n<p class=\"x_MsoNormal\" style=\"text-align: justify;\">Atrav\u00e9s do acordo de coopera\u00e7\u00e3o t\u00e9cnica com a Pol\u00edcia Rodovi\u00e1ria Federal (PRF) est\u00e3o sendo instaladas novas c\u00e2meras com integra\u00e7\u00e3o do sistema PRF e GCM al\u00e9m da aquisi\u00e7\u00e3o de uma viatura doada pela PRF. Mais da metade dos GCMs adquiriram o porte de arma custeado pelo munic\u00edpio, cursos de capacita\u00e7\u00e3o e especializa\u00e7\u00e3o na \u00e1rea de atua\u00e7\u00e3o, renova\u00e7\u00e3o da frota de ve\u00edculos dando melhores condi\u00e7\u00f5es de trabalho aos agentes e a entrega de coletes bal\u00edsticos e outros equipamentos para atua\u00e7\u00e3o no dia a dia.<\/p>\n<p class=\"x_MsoNormal\" style=\"text-align: justify;\">\u201cVamos continuar investindo nessa corpora\u00e7\u00e3o que vem desempenhando um papel fundamental em nossa cidade, levando seguran\u00e7a para perto das pessoas. Parab\u00e9ns a todos que fazem a Guarda Municipal de Juazeiro\u201d, concluiu a prefeita Suzana Ramos.<\/p>\n<p class=\"x_MsoNormal\" style=\"text-align: justify;\"><b>GCM<\/b><\/p>\n<p class=\"x_MsoNormal\" style=\"text-align: justify;\">\n<p class=\"x_MsoNormal\" style=\"text-align: justify;\">Atualmente a Guarda Municipal de Juazeiro conta com mais de 170 integrantes, entre homens e mulheres, que atuam no patrulhamento de pr\u00e9dios p\u00fablicos e fiscaliza\u00e7\u00e3o em toda a cidade, com atua\u00e7\u00e3o em diversas situa\u00e7\u00f5es envolvendo a estrutura de seguran\u00e7a, como furtos, roubos, combate ao tr\u00e1fico de drogas entre outras situa\u00e7\u00f5es que requerem a atua\u00e7\u00e3o da corpora\u00e7\u00e3o. O servi\u00e7o de seguran\u00e7a da GCM funciona 24 horas por dia. Os agentes verificam as mais diversas den\u00fancias que s\u00e3o recebidas atrav\u00e9s dos n\u00fameros 153 (Central de Atendimento) e 3611-9880.<\/p>\n<p class=\"x_MsoNormal\" style=\"text-align: justify;\">\u201cHoje temos muito a celebrar, a GCM \u00e9 um \u00f3rg\u00e3o essencial no dia a dia da cidade. S\u00e3o muitas conquistas adquiridas nesta gest\u00e3o que cuida dos seus servidores para que prestem um servi\u00e7o de qualidade para a popula\u00e7\u00e3o\u201d, resumiu o inspetor-chefe da Guarda Civil, Gilson Santos.<\/p>\n","protected":false},"excerpt":{"rendered":"<p>Hoje, 10 de outubro, comemora-se o Dia Nacional da Guarda Municipal, e a gest\u00e3o Suzana Ramos destaca a import\u00e2ncia dos agentes e a valoriza\u00e7\u00e3o da gest\u00e3o com a categoria que vem sendo capacitada e especializada cada vez mais para a excel\u00eancia na presta\u00e7\u00e3o de seus servi\u00e7os na seguran\u00e7a da cidade, sempre pr\u00f3ximos da popula\u00e7\u00e3o. \u201cS\u00e3o [&hellip;]<\/p>\n","protected":false},"author":1,"featured_media":58036,"comment_status":"closed","ping_status":"open","sticky":false,"template":"","format":"standard","meta":{"_uag_custom_page_level_css":"","_monsterinsights_skip_tracking":false,"_monsterinsights_sitenote_active":false,"_monsterinsights_sitenote_note":"","_monsterinsights_sitenote_category":0,"jetpack_post_was_ever_published":false,"_jetpack_newsletter_access":"","_jetpack_dont_email_post_to_subs":false,"_jetpack_newsletter_tier_id":0,"_jetpack_memberships_contains_paywalled_content":false,"_jetpack_memberships_contains_paid_content":false,"footnotes":"","jetpack_publicize_message":"","jetpack_publicize_feature_enabled":true,"jetpack_social_post_already_shared":true,"jetpack_social_options":{"image_generator_settings":{"template":"highway","default_image_id":0,"font":"","enabled":false},"version":2}},"categories":[203],"tags":[],"class_list":["post-58035","post","type-post","status-publish","format-standard","has-post-thumbnail","hentry","category-juazeiro"],"jetpack_publicize_connections":[],"jetpack_featured_media_url":"https:\/\/blogopara.com.br\/wp-content\/uploads\/2023\/10\/WhatsApp-Image-2022-10-10-at-11.09.19-1.jpeg","uagb_featured_image_src":{"full":["https:\/\/blogopara.com.br\/wp-content\/uploads\/2023\/10\/WhatsApp-Image-2022-10-10-at-11.09.19-1.jpeg",500,333,false],"thumbnail":["https:\/\/blogopara.com.br\/wp-content\/uploads\/2023\/10\/WhatsApp-Image-2022-10-10-at-11.09.19-1-150x150.jpeg",150,150,true],"medium":["https:\/\/blogopara.com.br\/wp-content\/uploads\/2023\/10\/WhatsApp-Image-2022-10-10-at-11.09.19-1-300x200.jpeg",300,200,true],"medium_large":["https:\/\/blogopara.com.br\/wp-content\/uploads\/2023\/10\/WhatsApp-Image-2022-10-10-at-11.09.19-1.jpeg",500,333,false],"large":["https:\/\/blogopara.com.br\/wp-content\/uploads\/2023\/10\/WhatsApp-Image-2022-10-10-at-11.09.19-1.jpeg",500,333,false],"1536x1536":["https:\/\/blogopara.com.br\/wp-content\/uploads\/2023\/10\/WhatsApp-Image-2022-10-10-at-11.09.19-1.jpeg",500,333,false],"2048x2048":["https:\/\/blogopara.com.br\/wp-content\/uploads\/2023\/10\/WhatsApp-Image-2022-10-10-at-11.09.19-1.jpeg",500,333,false],"mantranews-slider-large":["https:\/\/blogopara.com.br\/wp-content\/uploads\/2023\/10\/WhatsApp-Image-2022-10-10-at-11.09.19-1.jpeg",500,333,false],"mantranews-featured-medium":["https:\/\/blogopara.com.br\/wp-content\/uploads\/2023\/10\/WhatsApp-Image-2022-10-10-at-11.09.19-1-420x307.jpeg",420,307,true],"mantranews-featured-long":["https:\/\/blogopara.com.br\/wp-content\/uploads\/2023\/10\/WhatsApp-Image-2022-10-10-at-11.09.19-1-300x333.jpeg",300,333,true],"mantranews-block-medium":["https:\/\/blogopara.com.br\/wp-content\/uploads\/2023\/10\/WhatsApp-Image-2022-10-10-at-11.09.19-1-464x290.jpeg",464,290,true],"mantranews-carousel-image":["https:\/\/blogopara.com.br\/wp-content\/uploads\/2023\/10\/WhatsApp-Image-2022-10-10-at-11.09.19-1.jpeg",500,333,false],"mantranews-block-thumb":["https:\/\/blogopara.com.br\/wp-content\/uploads\/2023\/10\/WhatsApp-Image-2022-10-10-at-11.09.19-1-322x230.jpeg",322,230,true],"mantranews-single-large":["https:\/\/blogopara.com.br\/wp-content\/uploads\/2023\/10\/WhatsApp-Image-2022-10-10-at-11.09.19-1.jpeg",500,333,false]},"uagb_author_info":{"display_name":"Reda\u00e7\u00e3o geral","author_link":"https:\/\/blogopara.com.br\/index.php\/author\/blogopara"},"uagb_comment_info":0,"uagb_excerpt":"Hoje, 10 de outubro, comemora-se o Dia Nacional da Guarda Municipal, e a gest\u00e3o Suzana Ramos destaca a import\u00e2ncia dos agentes e a valoriza\u00e7\u00e3o da gest\u00e3o com a categoria que vem sendo capacitada e especializada cada vez mais para a excel\u00eancia na presta\u00e7\u00e3o de seus servi\u00e7os na seguran\u00e7a da cidade, sempre pr\u00f3ximos da popula\u00e7\u00e3o. \u201cS\u00e3o&hellip;","jetpack_sharing_enabled":true,"jetpack_likes_enabled":true,"_links":{"self":[{"href":"https:\/\/blogopara.com.br\/index.php\/wp-json\/wp\/v2\/posts\/58035","targetHints":{"allow":["GET"]}}],"collection":[{"href":"https:\/\/blogopara.com.br\/index.php\/wp-json\/wp\/v2\/posts"}],"about":[{"href":"https:\/\/blogopara.com.br\/index.php\/wp-json\/wp\/v2\/types\/post"}],"author":[{"embeddable":true,"href":"https:\/\/blogopara.com.br\/index.php\/wp-json\/wp\/v2\/users\/1"}],"replies":[{"embeddable":true,"href":"https:\/\/blogopara.com.br\/index.php\/wp-json\/wp\/v2\/comments?post=58035"}],"version-history":[{"count":1,"href":"https:\/\/blogopara.com.br\/index.php\/wp-json\/wp\/v2\/posts\/58035\/revisions"}],"predecessor-version":[{"id":58037,"href":"https:\/\/blogopara.com.br\/index.php\/wp-json\/wp\/v2\/posts\/58035\/revisions\/58037"}],"wp:featuredmedia":[{"embeddable":true,"href":"https:\/\/blogopara.com.br\/index.php\/wp-json\/wp\/v2\/media\/58036"}],"wp:attachment":[{"href":"https:\/\/blogopara.com.br\/index.php\/wp-json\/wp\/v2\/media?parent=58035"}],"wp:term":[{"taxonomy":"category","embeddable":true,"href":"https:\/\/blogopara.com.br\/index.php\/wp-json\/wp\/v2\/categories?post=58035"},{"taxonomy":"post_tag","embeddable":true,"href":"https:\/\/blogopara.com.br\/index.php\/wp-json\/wp\/v2\/tags?post=58035"}],"curies":[{"name":"wp","href":"https:\/\/api.w.org\/{rel}","templated":true}]}}