{"id":58044,"date":"2023-10-11T18:47:00","date_gmt":"2023-10-11T21:47:00","guid":{"rendered":"https:\/\/blogopara.com.br\/?p=58044"},"modified":"2023-10-11T09:54:58","modified_gmt":"2023-10-11T12:54:58","slug":"governo-de-pernambuco-contrata-empresa-organizadora-de-concurso-da-pm-e-dos-bombeiros","status":"publish","type":"post","link":"https:\/\/blogopara.com.br\/index.php\/2023\/10\/11\/governo-de-pernambuco-contrata-empresa-organizadora-de-concurso-da-pm-e-dos-bombeiros","title":{"rendered":"Governo de Pernambuco contrata empresa organizadora de concurso da PM e dos Bombeiros"},"content":{"rendered":"<p style=\"text-align: justify;\">O Governo de Pernambuco vai realizar concurso p\u00fablico para a Pol\u00edcia Militar e Bombeiro Militar do Estado, com 3.360 vagas previstas. A empresa respons\u00e1vel pela organiza\u00e7\u00e3o ser\u00e1 a AOCP, associa\u00e7\u00e3o civil de car\u00e1ter assistencial e educacional que tem mais de dez anos de atua\u00e7\u00e3o em concursos p\u00fablicos em \u00f3rg\u00e3os federais, estaduais e municipais. O edital dever\u00e1 ser publicado no dia 13 de novembro de 2023. A contrata\u00e7\u00e3o da AOCP foi publicada no Di\u00e1rio Oficial do Estado desta quarta-feira (11).<\/p>\n<p style=\"text-align: justify;\">As provas ser\u00e3o realizadas em tr\u00eas munic\u00edpios: Recife, Caruaru e Petrolina (apenas para os cargos de Pra\u00e7a da Pol\u00edcia Militar e Bombeiro). A maior parte das vagas (2.400) ser\u00e1 para Pra\u00e7a da Pol\u00edcia Militar. Haver\u00e1 ainda 600 vagas para Pra\u00e7a do Corpo de Bombeiros Militar, 300 para Oficial da Pol\u00edcia Militar e 60 Oficial do Corpo de Bombeiros Militar.<\/p>\n<p style=\"text-align: justify;\">\u201cEstamos determinados a fazer um concurso qualificado para que o objetivo do governo, que \u00e9 o refor\u00e7o da Pol\u00edcia Militar e do Corpo dos Bombeiros, aconte\u00e7a de forma transparente, no tempo certo e selecionando quadros de qualidade. A SAD est\u00e1 completamente envolvida nesse processo, que refor\u00e7a o Juntos Pela Seguran\u00e7a\u201d, completou a secret\u00e1ria de Administra\u00e7\u00e3o, Ana Mara\u00edza.<\/p>\n","protected":false},"excerpt":{"rendered":"<p>O Governo de Pernambuco vai realizar concurso p\u00fablico para a Pol\u00edcia Militar e Bombeiro Militar do Estado, com 3.360 vagas previstas. A empresa respons\u00e1vel pela organiza\u00e7\u00e3o ser\u00e1 a AOCP, associa\u00e7\u00e3o civil de car\u00e1ter assistencial e educacional que tem mais de dez anos de atua\u00e7\u00e3o em concursos p\u00fablicos em \u00f3rg\u00e3os federais, estaduais e municipais. O edital [&hellip;]<\/p>\n","protected":false},"author":1,"featured_media":58045,"comment_status":"closed","ping_status":"open","sticky":false,"template":"","format":"standard","meta":{"_uag_custom_page_level_css":"","_monsterinsights_skip_tracking":false,"_monsterinsights_sitenote_active":false,"_monsterinsights_sitenote_note":"","_monsterinsights_sitenote_category":0,"jetpack_post_was_ever_published":false,"_jetpack_newsletter_access":"","_jetpack_dont_email_post_to_subs":false,"_jetpack_newsletter_tier_id":0,"_jetpack_memberships_contains_paywalled_content":false,"_jetpack_memberships_contains_paid_content":false,"footnotes":"","jetpack_publicize_message":"","jetpack_publicize_feature_enabled":true,"jetpack_social_post_already_shared":true,"jetpack_social_options":{"image_generator_settings":{"template":"highway","default_image_id":0,"font":"","enabled":false},"version":2}},"categories":[203],"tags":[],"class_list":["post-58044","post","type-post","status-publish","format-standard","has-post-thumbnail","hentry","category-juazeiro"],"jetpack_publicize_connections":[],"jetpack_featured_media_url":"https:\/\/blogopara.com.br\/wp-content\/uploads\/2023\/10\/policia-militar-pernambuco.jpeg","uagb_featured_image_src":{"full":["https:\/\/blogopara.com.br\/wp-content\/uploads\/2023\/10\/policia-militar-pernambuco.jpeg",500,332,false],"thumbnail":["https:\/\/blogopara.com.br\/wp-content\/uploads\/2023\/10\/policia-militar-pernambuco-150x150.jpeg",150,150,true],"medium":["https:\/\/blogopara.com.br\/wp-content\/uploads\/2023\/10\/policia-militar-pernambuco-300x199.jpeg",300,199,true],"medium_large":["https:\/\/blogopara.com.br\/wp-content\/uploads\/2023\/10\/policia-militar-pernambuco.jpeg",500,332,false],"large":["https:\/\/blogopara.com.br\/wp-content\/uploads\/2023\/10\/policia-militar-pernambuco.jpeg",500,332,false],"1536x1536":["https:\/\/blogopara.com.br\/wp-content\/uploads\/2023\/10\/policia-militar-pernambuco.jpeg",500,332,false],"2048x2048":["https:\/\/blogopara.com.br\/wp-content\/uploads\/2023\/10\/policia-militar-pernambuco.jpeg",500,332,false],"mantranews-slider-large":["https:\/\/blogopara.com.br\/wp-content\/uploads\/2023\/10\/policia-militar-pernambuco.jpeg",500,332,false],"mantranews-featured-medium":["https:\/\/blogopara.com.br\/wp-content\/uploads\/2023\/10\/policia-militar-pernambuco-420x307.jpeg",420,307,true],"mantranews-featured-long":["https:\/\/blogopara.com.br\/wp-content\/uploads\/2023\/10\/policia-militar-pernambuco-300x332.jpeg",300,332,true],"mantranews-block-medium":["https:\/\/blogopara.com.br\/wp-content\/uploads\/2023\/10\/policia-militar-pernambuco-464x290.jpeg",464,290,true],"mantranews-carousel-image":["https:\/\/blogopara.com.br\/wp-content\/uploads\/2023\/10\/policia-militar-pernambuco.jpeg",500,332,false],"mantranews-block-thumb":["https:\/\/blogopara.com.br\/wp-content\/uploads\/2023\/10\/policia-militar-pernambuco-322x230.jpeg",322,230,true],"mantranews-single-large":["https:\/\/blogopara.com.br\/wp-content\/uploads\/2023\/10\/policia-militar-pernambuco.jpeg",500,332,false]},"uagb_author_info":{"display_name":"Reda\u00e7\u00e3o geral","author_link":"https:\/\/blogopara.com.br\/index.php\/author\/blogopara"},"uagb_comment_info":0,"uagb_excerpt":"O Governo de Pernambuco vai realizar concurso p\u00fablico para a Pol\u00edcia Militar e Bombeiro Militar do Estado, com 3.360 vagas previstas. A empresa respons\u00e1vel pela organiza\u00e7\u00e3o ser\u00e1 a AOCP, associa\u00e7\u00e3o civil de car\u00e1ter assistencial e educacional que tem mais de dez anos de atua\u00e7\u00e3o em concursos p\u00fablicos em \u00f3rg\u00e3os federais, estaduais e municipais. O edital&hellip;","jetpack_sharing_enabled":true,"jetpack_likes_enabled":true,"_links":{"self":[{"href":"https:\/\/blogopara.com.br\/index.php\/wp-json\/wp\/v2\/posts\/58044","targetHints":{"allow":["GET"]}}],"collection":[{"href":"https:\/\/blogopara.com.br\/index.php\/wp-json\/wp\/v2\/posts"}],"about":[{"href":"https:\/\/blogopara.com.br\/index.php\/wp-json\/wp\/v2\/types\/post"}],"author":[{"embeddable":true,"href":"https:\/\/blogopara.com.br\/index.php\/wp-json\/wp\/v2\/users\/1"}],"replies":[{"embeddable":true,"href":"https:\/\/blogopara.com.br\/index.php\/wp-json\/wp\/v2\/comments?post=58044"}],"version-history":[{"count":1,"href":"https:\/\/blogopara.com.br\/index.php\/wp-json\/wp\/v2\/posts\/58044\/revisions"}],"predecessor-version":[{"id":58046,"href":"https:\/\/blogopara.com.br\/index.php\/wp-json\/wp\/v2\/posts\/58044\/revisions\/58046"}],"wp:featuredmedia":[{"embeddable":true,"href":"https:\/\/blogopara.com.br\/index.php\/wp-json\/wp\/v2\/media\/58045"}],"wp:attachment":[{"href":"https:\/\/blogopara.com.br\/index.php\/wp-json\/wp\/v2\/media?parent=58044"}],"wp:term":[{"taxonomy":"category","embeddable":true,"href":"https:\/\/blogopara.com.br\/index.php\/wp-json\/wp\/v2\/categories?post=58044"},{"taxonomy":"post_tag","embeddable":true,"href":"https:\/\/blogopara.com.br\/index.php\/wp-json\/wp\/v2\/tags?post=58044"}],"curies":[{"name":"wp","href":"https:\/\/api.w.org\/{rel}","templated":true}]}}