{"id":58087,"date":"2023-10-14T18:51:23","date_gmt":"2023-10-14T21:51:23","guid":{"rendered":"https:\/\/blogopara.com.br\/?p=58087"},"modified":"2023-10-14T18:51:23","modified_gmt":"2023-10-14T21:51:23","slug":"estudantes-do-caic-comemoram-dia-das-criancas-com-festival-de-pipas","status":"publish","type":"post","link":"https:\/\/blogopara.com.br\/index.php\/2023\/10\/14\/estudantes-do-caic-comemoram-dia-das-criancas-com-festival-de-pipas","title":{"rendered":"Estudantes do Caic comemoram Dia das Crian\u00e7as com Festival de Pipas"},"content":{"rendered":"<p class=\"x_MsoNormal\" style=\"text-align: justify;\">Para comemorar o Dia das Crian\u00e7as, festejado no dia 12 de outubro, o Col\u00e9gio de Tempo Integral Caic Misael Aguilar realizou, nesta quarta-feira (11), um Festival de Pipas. Os estudantes do 6\u00b0 ao 8\u00b0 ano do Ensino Fundamental participaram nas categorias: Pipa mais alta, Pipa mais bonita e Maior pipa.<\/p>\n<p class=\"x_MsoNormal\" style=\"text-align: justify;\">De acordo com a professora Souzanira Silva, respons\u00e1vel pela organiza\u00e7\u00e3o do Festival, o evento foi pensado a partir da observa\u00e7\u00e3o do cotidiano dos estudantes. \u201cPercebemos que muitos alunos ainda utilizam brincadeiras antigas e uma delas \u00e9 empinar pipa. Assim, comecei a fazer questionamentos sobre a origem e a fun\u00e7\u00e3o dela para a humanidade. Isso me motivou a trazer a hist\u00f3ria da pipa para a sala de aula. O projeto, que culminou no Festival, viabilizou o entendimento educacional sociointeracionista, favorecendo, al\u00e9m da coordena\u00e7\u00e3o motora, o racioc\u00ednio l\u00f3gico na \u00e1rea da Matem\u00e1tica e a criatividade\u201d, contou a professora.<\/p>\n<p class=\"x_MsoNormal\" style=\"text-align: justify;\">Antes de ser um brinquedo, a pipa foi um meio de comunica\u00e7\u00e3o. \u201cAntes a pipa n\u00e3o era um brinquedo, mas um objeto para transmitir mensagens para o imperador chin\u00eas em um per\u00edodo de guerra. Ap\u00f3s a guerra, o estudo da pipa por pesquisadores das ci\u00eancias exatas e humanas deu origem ao para-raios\u201d, acrescentou a professora Souzanira, explicando o tipo de conhecimento trabalhado em sala de aula com os estudantes.<\/p>\n<p class=\"x_MsoNormal\" style=\"text-align: justify;\">O gestor do Caic, Mathias Dias, tamb\u00e9m ressaltou a import\u00e2ncia do Festival para proporcionar um dia de aprendizado diferente aos estudantes. \u201cO festival de pipas foi uma experi\u00eancia incr\u00edvel, cheia de divers\u00e3o e aprendizado. Fiquei encantado ao ver nossos alunos aproveitando e aprendendo com essa tradi\u00e7\u00e3o antiga. Isso sem d\u00favida trouxe um toque especial \u00e0 nossa escola e proporcionou uma oportunidade valiosa para o desenvolvimento de habilidades e conhecimentos\u201d.<\/p>\n<p class=\"x_MsoNormal\" style=\"text-align: justify;\">O evento tamb\u00e9m contou com a participa\u00e7\u00e3o dos professores de educa\u00e7\u00e3o f\u00edsica Renato Siqueira e Willyams Costa, na organiza\u00e7\u00e3o.<\/p>\n<p class=\"x_MsoNormal\" style=\"text-align: justify;\" aria-hidden=\"true\">\n","protected":false},"excerpt":{"rendered":"<p>Para comemorar o Dia das Crian\u00e7as, festejado no dia 12 de outubro, o Col\u00e9gio de Tempo Integral Caic Misael Aguilar realizou, nesta quarta-feira (11), um Festival de Pipas. Os estudantes do 6\u00b0 ao 8\u00b0 ano do Ensino Fundamental participaram nas categorias: Pipa mais alta, Pipa mais bonita e Maior pipa. De acordo com a professora [&hellip;]<\/p>\n","protected":false},"author":1,"featured_media":58089,"comment_status":"closed","ping_status":"open","sticky":false,"template":"","format":"standard","meta":{"_uag_custom_page_level_css":"","_monsterinsights_skip_tracking":false,"_monsterinsights_sitenote_active":false,"_monsterinsights_sitenote_note":"","_monsterinsights_sitenote_category":0,"jetpack_post_was_ever_published":false,"_jetpack_newsletter_access":"","_jetpack_dont_email_post_to_subs":false,"_jetpack_newsletter_tier_id":0,"_jetpack_memberships_contains_paywalled_content":false,"_jetpack_memberships_contains_paid_content":false,"footnotes":"","jetpack_publicize_message":"","jetpack_publicize_feature_enabled":true,"jetpack_social_post_already_shared":true,"jetpack_social_options":{"image_generator_settings":{"template":"highway","default_image_id":0,"font":"","enabled":false},"version":2}},"categories":[203],"tags":[],"class_list":["post-58087","post","type-post","status-publish","format-standard","has-post-thumbnail","hentry","category-juazeiro"],"jetpack_publicize_connections":[],"jetpack_featured_media_url":"https:\/\/blogopara.com.br\/wp-content\/uploads\/2023\/10\/Caic03.jpeg","uagb_featured_image_src":{"full":["https:\/\/blogopara.com.br\/wp-content\/uploads\/2023\/10\/Caic03.jpeg",500,402,false],"thumbnail":["https:\/\/blogopara.com.br\/wp-content\/uploads\/2023\/10\/Caic03-150x150.jpeg",150,150,true],"medium":["https:\/\/blogopara.com.br\/wp-content\/uploads\/2023\/10\/Caic03-300x241.jpeg",300,241,true],"medium_large":["https:\/\/blogopara.com.br\/wp-content\/uploads\/2023\/10\/Caic03.jpeg",500,402,false],"large":["https:\/\/blogopara.com.br\/wp-content\/uploads\/2023\/10\/Caic03.jpeg",500,402,false],"1536x1536":["https:\/\/blogopara.com.br\/wp-content\/uploads\/2023\/10\/Caic03.jpeg",500,402,false],"2048x2048":["https:\/\/blogopara.com.br\/wp-content\/uploads\/2023\/10\/Caic03.jpeg",500,402,false],"mantranews-slider-large":["https:\/\/blogopara.com.br\/wp-content\/uploads\/2023\/10\/Caic03.jpeg",500,402,false],"mantranews-featured-medium":["https:\/\/blogopara.com.br\/wp-content\/uploads\/2023\/10\/Caic03-420x307.jpeg",420,307,true],"mantranews-featured-long":["https:\/\/blogopara.com.br\/wp-content\/uploads\/2023\/10\/Caic03-300x402.jpeg",300,402,true],"mantranews-block-medium":["https:\/\/blogopara.com.br\/wp-content\/uploads\/2023\/10\/Caic03-464x290.jpeg",464,290,true],"mantranews-carousel-image":["https:\/\/blogopara.com.br\/wp-content\/uploads\/2023\/10\/Caic03.jpeg",500,402,false],"mantranews-block-thumb":["https:\/\/blogopara.com.br\/wp-content\/uploads\/2023\/10\/Caic03-322x230.jpeg",322,230,true],"mantranews-single-large":["https:\/\/blogopara.com.br\/wp-content\/uploads\/2023\/10\/Caic03.jpeg",500,402,false]},"uagb_author_info":{"display_name":"Reda\u00e7\u00e3o geral","author_link":"https:\/\/blogopara.com.br\/index.php\/author\/blogopara"},"uagb_comment_info":0,"uagb_excerpt":"Para comemorar o Dia das Crian\u00e7as, festejado no dia 12 de outubro, o Col\u00e9gio de Tempo Integral Caic Misael Aguilar realizou, nesta quarta-feira (11), um Festival de Pipas. Os estudantes do 6\u00b0 ao 8\u00b0 ano do Ensino Fundamental participaram nas categorias: Pipa mais alta, Pipa mais bonita e Maior pipa. De acordo com a professora&hellip;","jetpack_sharing_enabled":true,"jetpack_likes_enabled":true,"_links":{"self":[{"href":"https:\/\/blogopara.com.br\/index.php\/wp-json\/wp\/v2\/posts\/58087","targetHints":{"allow":["GET"]}}],"collection":[{"href":"https:\/\/blogopara.com.br\/index.php\/wp-json\/wp\/v2\/posts"}],"about":[{"href":"https:\/\/blogopara.com.br\/index.php\/wp-json\/wp\/v2\/types\/post"}],"author":[{"embeddable":true,"href":"https:\/\/blogopara.com.br\/index.php\/wp-json\/wp\/v2\/users\/1"}],"replies":[{"embeddable":true,"href":"https:\/\/blogopara.com.br\/index.php\/wp-json\/wp\/v2\/comments?post=58087"}],"version-history":[{"count":1,"href":"https:\/\/blogopara.com.br\/index.php\/wp-json\/wp\/v2\/posts\/58087\/revisions"}],"predecessor-version":[{"id":58090,"href":"https:\/\/blogopara.com.br\/index.php\/wp-json\/wp\/v2\/posts\/58087\/revisions\/58090"}],"wp:featuredmedia":[{"embeddable":true,"href":"https:\/\/blogopara.com.br\/index.php\/wp-json\/wp\/v2\/media\/58089"}],"wp:attachment":[{"href":"https:\/\/blogopara.com.br\/index.php\/wp-json\/wp\/v2\/media?parent=58087"}],"wp:term":[{"taxonomy":"category","embeddable":true,"href":"https:\/\/blogopara.com.br\/index.php\/wp-json\/wp\/v2\/categories?post=58087"},{"taxonomy":"post_tag","embeddable":true,"href":"https:\/\/blogopara.com.br\/index.php\/wp-json\/wp\/v2\/tags?post=58087"}],"curies":[{"name":"wp","href":"https:\/\/api.w.org\/{rel}","templated":true}]}}