{"id":58102,"date":"2023-10-15T14:19:00","date_gmt":"2023-10-15T17:19:00","guid":{"rendered":"https:\/\/blogopara.com.br\/?p=58102"},"modified":"2023-10-14T19:21:53","modified_gmt":"2023-10-14T22:21:53","slug":"brasil-tem-mais-de-30-mil-cameras-corporais-em-uso-por-policiais","status":"publish","type":"post","link":"https:\/\/blogopara.com.br\/index.php\/2023\/10\/15\/brasil-tem-mais-de-30-mil-cameras-corporais-em-uso-por-policiais","title":{"rendered":"Brasil tem mais de 30 mil c\u00e2meras corporais em uso por policiais"},"content":{"rendered":"<article id=\"post-289840\" class=\"hentry post-289840 post type-post status-publish format-standard has-post-thumbnail category-noticia\">\n<div class=\"bdaia-post-content\">\n<p style=\"text-align: justify;\">Mais de 30 mil c\u00e2meras corporais est\u00e3o em uso por policiais e guardas municipais de todo o pa\u00eds, segundo levantamento feito pelo Minist\u00e9rio da Justi\u00e7a e Seguran\u00e7a P\u00fablica (MJSP). Os equipamentos s\u00e3o usados em fardas dos agentes das for\u00e7as de seguran\u00e7a para gravar a\u00e7\u00f5es e proteger tanto os cidad\u00e3os quanto os pr\u00f3prios policiais.<\/p>\n<p style=\"text-align: justify;\">O levantamento \u00e9 parte de um diagn\u00f3stico feito pelo MJSP, em parceria com universidades, para tra\u00e7ar um quadro sobre o cen\u00e1rio atual do uso das c\u00e2meras (tamb\u00e9m conhecidas pelo nome em ingl\u00eas, bodycams) no pa\u00eds. De acordo com o minist\u00e9rio, at\u00e9 agosto, 26 unidades da federa\u00e7\u00e3o j\u00e1 estavam usando o equipamento ou se preparando para come\u00e7ar sua utiliza\u00e7\u00e3o.<\/p>\n<p style=\"text-align: justify;\">Tr\u00eas estados est\u00e3o com o uso mais difundido, segundo o MJSP: S\u00e3o Paulo, Santa Catarina e Rio de Janeiro. Al\u00e9m desses, em outros quatro estados, o processo de implementa\u00e7\u00e3o j\u00e1 come\u00e7ou: Minas Gerais, Rio Grande do Norte, Roraima e Rond\u00f4nia. Minas, por exemplo, est\u00e1 em uma fase de projeto-piloto, com o uso experimental de mil c\u00e2meras.<\/p>\n<p style=\"text-align: justify;\">Apenas Mato Grosso ainda n\u00e3o planeja adquirir os equipamentos. Prefeituras, como a de Curitiba, j\u00e1 est\u00e3o usando as c\u00e2meras em suas guardas municipais. A capital paranaense tem cerca de 500 equipamentos em uso.<\/p>\n<p style=\"text-align: justify;\">O minist\u00e9rio deve divulgar, em novembro, uma diretriz nacional para o uso dessas c\u00e2meras. O documento deve trazer informa\u00e7\u00f5es sobre processos como tempo de grava\u00e7\u00e3o, rotinas, quem pode acessar as imagens e como essas grava\u00e7\u00f5es podem ser guardadas e compartilhadas.<\/p>\n<p style=\"text-align: justify;\">As diretrizes n\u00e3o ser\u00e3o obrigat\u00f3rias para estados e munic\u00edpios, j\u00e1 que eles continuar\u00e3o tendo autonomia para criar suas pr\u00f3prias regras para o uso das c\u00e2meras, mas servir\u00e3o como par\u00e2metro para as for\u00e7as federais e para financiamentos \u00e0 compra desses equipamentos com recursos do Fundo Nacional de Seguran\u00e7a P\u00fablica (FNSP).<\/p>\n<p style=\"text-align: justify;\">Al\u00e9m das diretrizes para o uso das c\u00e2meras, o MJSP est\u00e1 elaborando uma normal de padroniza\u00e7\u00e3o e certifica\u00e7\u00e3o para esses equipamentos, com crit\u00e9rios t\u00e9cnicos para auxiliar estados e munic\u00edpios em seus processos de aquisi\u00e7\u00e3o das c\u00e2meras. Tamb\u00e9m ser\u00e3o oferecidos treinamentos para a opera\u00e7\u00e3o dessa tecnologia e avalia\u00e7\u00f5es do impacto de sua ado\u00e7\u00e3o no pa\u00eds.<\/p>\n<p style=\"text-align: justify;\">Juntas, essas a\u00e7\u00f5es fazem parte de um projeto nacional de c\u00e2meras corporais do governo federal. \u201cA ideia \u00e9 melhorar a legitimidade e a confian\u00e7a das pessoas nas pol\u00edcias. \u00c9 fazer com que as pol\u00edcias sejam vistas de uma outra forma. E isso s\u00f3 ser\u00e1 poss\u00edvel por meio da melhoria da qualidade do trabalho\u201d, afirma o coordenador-geral de Governan\u00e7a e Gest\u00e3o do Sistema \u00danico de Seguran\u00e7a P\u00fablica, M\u00e1rcio Mattos.<a id=\"check-also-close\" href=\"https:\/\/www.edenevaldoalves.com.br\/brasil-tem-mais-de-30-mil-cameras-corporais-em-uso-por-policiais\/#\"><\/a><\/p>\n<\/div>\n<\/article>\n","protected":false},"excerpt":{"rendered":"<p>Mais de 30 mil c\u00e2meras corporais est\u00e3o em uso por policiais e guardas municipais de todo o pa\u00eds, segundo levantamento feito pelo Minist\u00e9rio da Justi\u00e7a e Seguran\u00e7a P\u00fablica (MJSP). Os equipamentos s\u00e3o usados em fardas dos agentes das for\u00e7as de seguran\u00e7a para gravar a\u00e7\u00f5es e proteger tanto os cidad\u00e3os quanto os pr\u00f3prios policiais. O levantamento [&hellip;]<\/p>\n","protected":false},"author":1,"featured_media":58103,"comment_status":"closed","ping_status":"open","sticky":false,"template":"","format":"standard","meta":{"_uag_custom_page_level_css":"","_monsterinsights_skip_tracking":false,"_monsterinsights_sitenote_active":false,"_monsterinsights_sitenote_note":"","_monsterinsights_sitenote_category":0,"jetpack_post_was_ever_published":false,"_jetpack_newsletter_access":"","_jetpack_dont_email_post_to_subs":false,"_jetpack_newsletter_tier_id":0,"_jetpack_memberships_contains_paywalled_content":false,"_jetpack_memberships_contains_paid_content":false,"footnotes":"","jetpack_publicize_message":"","jetpack_publicize_feature_enabled":true,"jetpack_social_post_already_shared":true,"jetpack_social_options":{"image_generator_settings":{"template":"highway","default_image_id":0,"font":"","enabled":false},"version":2}},"categories":[203],"tags":[],"class_list":["post-58102","post","type-post","status-publish","format-standard","has-post-thumbnail","hentry","category-juazeiro"],"jetpack_publicize_connections":[],"jetpack_featured_media_url":"https:\/\/blogopara.com.br\/wp-content\/uploads\/2023\/10\/cameras_uniformes_de_policiais_militares_sao_paulo_rvrsa_abr_2804223630_0.jpg","uagb_featured_image_src":{"full":["https:\/\/blogopara.com.br\/wp-content\/uploads\/2023\/10\/cameras_uniformes_de_policiais_militares_sao_paulo_rvrsa_abr_2804223630_0.jpg",500,298,false],"thumbnail":["https:\/\/blogopara.com.br\/wp-content\/uploads\/2023\/10\/cameras_uniformes_de_policiais_militares_sao_paulo_rvrsa_abr_2804223630_0-150x150.jpg",150,150,true],"medium":["https:\/\/blogopara.com.br\/wp-content\/uploads\/2023\/10\/cameras_uniformes_de_policiais_militares_sao_paulo_rvrsa_abr_2804223630_0-300x179.jpg",300,179,true],"medium_large":["https:\/\/blogopara.com.br\/wp-content\/uploads\/2023\/10\/cameras_uniformes_de_policiais_militares_sao_paulo_rvrsa_abr_2804223630_0.jpg",500,298,false],"large":["https:\/\/blogopara.com.br\/wp-content\/uploads\/2023\/10\/cameras_uniformes_de_policiais_militares_sao_paulo_rvrsa_abr_2804223630_0.jpg",500,298,false],"1536x1536":["https:\/\/blogopara.com.br\/wp-content\/uploads\/2023\/10\/cameras_uniformes_de_policiais_militares_sao_paulo_rvrsa_abr_2804223630_0.jpg",500,298,false],"2048x2048":["https:\/\/blogopara.com.br\/wp-content\/uploads\/2023\/10\/cameras_uniformes_de_policiais_militares_sao_paulo_rvrsa_abr_2804223630_0.jpg",500,298,false],"mantranews-slider-large":["https:\/\/blogopara.com.br\/wp-content\/uploads\/2023\/10\/cameras_uniformes_de_policiais_militares_sao_paulo_rvrsa_abr_2804223630_0.jpg",500,298,false],"mantranews-featured-medium":["https:\/\/blogopara.com.br\/wp-content\/uploads\/2023\/10\/cameras_uniformes_de_policiais_militares_sao_paulo_rvrsa_abr_2804223630_0-420x298.jpg",420,298,true],"mantranews-featured-long":["https:\/\/blogopara.com.br\/wp-content\/uploads\/2023\/10\/cameras_uniformes_de_policiais_militares_sao_paulo_rvrsa_abr_2804223630_0-300x298.jpg",300,298,true],"mantranews-block-medium":["https:\/\/blogopara.com.br\/wp-content\/uploads\/2023\/10\/cameras_uniformes_de_policiais_militares_sao_paulo_rvrsa_abr_2804223630_0-464x290.jpg",464,290,true],"mantranews-carousel-image":["https:\/\/blogopara.com.br\/wp-content\/uploads\/2023\/10\/cameras_uniformes_de_policiais_militares_sao_paulo_rvrsa_abr_2804223630_0.jpg",500,298,false],"mantranews-block-thumb":["https:\/\/blogopara.com.br\/wp-content\/uploads\/2023\/10\/cameras_uniformes_de_policiais_militares_sao_paulo_rvrsa_abr_2804223630_0-322x230.jpg",322,230,true],"mantranews-single-large":["https:\/\/blogopara.com.br\/wp-content\/uploads\/2023\/10\/cameras_uniformes_de_policiais_militares_sao_paulo_rvrsa_abr_2804223630_0.jpg",500,298,false]},"uagb_author_info":{"display_name":"Reda\u00e7\u00e3o geral","author_link":"https:\/\/blogopara.com.br\/index.php\/author\/blogopara"},"uagb_comment_info":0,"uagb_excerpt":"Mais de 30 mil c\u00e2meras corporais est\u00e3o em uso por policiais e guardas municipais de todo o pa\u00eds, segundo levantamento feito pelo Minist\u00e9rio da Justi\u00e7a e Seguran\u00e7a P\u00fablica (MJSP). Os equipamentos s\u00e3o usados em fardas dos agentes das for\u00e7as de seguran\u00e7a para gravar a\u00e7\u00f5es e proteger tanto os cidad\u00e3os quanto os pr\u00f3prios policiais. O levantamento&hellip;","jetpack_sharing_enabled":true,"jetpack_likes_enabled":true,"_links":{"self":[{"href":"https:\/\/blogopara.com.br\/index.php\/wp-json\/wp\/v2\/posts\/58102","targetHints":{"allow":["GET"]}}],"collection":[{"href":"https:\/\/blogopara.com.br\/index.php\/wp-json\/wp\/v2\/posts"}],"about":[{"href":"https:\/\/blogopara.com.br\/index.php\/wp-json\/wp\/v2\/types\/post"}],"author":[{"embeddable":true,"href":"https:\/\/blogopara.com.br\/index.php\/wp-json\/wp\/v2\/users\/1"}],"replies":[{"embeddable":true,"href":"https:\/\/blogopara.com.br\/index.php\/wp-json\/wp\/v2\/comments?post=58102"}],"version-history":[{"count":1,"href":"https:\/\/blogopara.com.br\/index.php\/wp-json\/wp\/v2\/posts\/58102\/revisions"}],"predecessor-version":[{"id":58104,"href":"https:\/\/blogopara.com.br\/index.php\/wp-json\/wp\/v2\/posts\/58102\/revisions\/58104"}],"wp:featuredmedia":[{"embeddable":true,"href":"https:\/\/blogopara.com.br\/index.php\/wp-json\/wp\/v2\/media\/58103"}],"wp:attachment":[{"href":"https:\/\/blogopara.com.br\/index.php\/wp-json\/wp\/v2\/media?parent=58102"}],"wp:term":[{"taxonomy":"category","embeddable":true,"href":"https:\/\/blogopara.com.br\/index.php\/wp-json\/wp\/v2\/categories?post=58102"},{"taxonomy":"post_tag","embeddable":true,"href":"https:\/\/blogopara.com.br\/index.php\/wp-json\/wp\/v2\/tags?post=58102"}],"curies":[{"name":"wp","href":"https:\/\/api.w.org\/{rel}","templated":true}]}}