{"id":58116,"date":"2023-10-15T15:18:00","date_gmt":"2023-10-15T18:18:00","guid":{"rendered":"https:\/\/blogopara.com.br\/?p=58116"},"modified":"2023-10-15T09:25:35","modified_gmt":"2023-10-15T12:25:35","slug":"gestao-suzana-ramos-parabeniza-professores-pelo-seu-dia-e-destaca-investimentos-na-educacao","status":"publish","type":"post","link":"https:\/\/blogopara.com.br\/index.php\/2023\/10\/15\/gestao-suzana-ramos-parabeniza-professores-pelo-seu-dia-e-destaca-investimentos-na-educacao","title":{"rendered":"Gest\u00e3o Suzana Ramos parabeniza professores pelo seu dia e destaca investimentos na educa\u00e7\u00e3o"},"content":{"rendered":"<p class=\"x_MsoNormal\" style=\"text-align: justify;\">No Dia do Professor, celebrado neste domingo (15), a Prefeitura de Juazeiro, atrav\u00e9s da Secretaria de Educa\u00e7\u00e3o e Juventude (Seduc), celebra os investimentos do munic\u00edpio na Educa\u00e7\u00e3o, na valoriza\u00e7\u00e3o dos educadores e parabeniza toda a categoria pelo compromisso e cuidado com estudantes da rede municipal de ensino.<\/p>\n<p class=\"x_MsoNormal\" style=\"text-align: justify;\">\u201cAssim como os professores t\u00eam um compromisso com as nossas crian\u00e7as e jovens, n\u00f3s temos um compromisso com esses profissionais que desenvolvem um papel fundamental em nossa sociedade. O professor n\u00e3o apenas ensina, ele desperta os sonhos dos estudantes, o desejo de aprender, constr\u00f3i futuros e ajuda a fazer do mundo um lugar melhor. N\u00f3s, enquanto poder p\u00fablico, estamos trabalhando e fornecendo as ferramentas necess\u00e1rias para ajudar o professor nessa miss\u00e3o\u201d, frisou a prefeita Suzana Ramos.<\/p>\n<p class=\"x_MsoNormal\" style=\"text-align: justify;\">O secret\u00e1rio de Educa\u00e7\u00e3o e Juventude, Wank Medrado, tamb\u00e9m parabenizou os professores. \u201cA gente costuma dizer que todo dia \u00e9 dia do professor, mas h\u00e1 uma data oficial, onde a gente comemora, a gente celebra essa profiss\u00e3o que constr\u00f3i extraordinariamente o futuro de uma na\u00e7\u00e3o e a Seduc, atuando de maneira democr\u00e1tica, como a prefeita Suzana Ramos sempre preconiza, jamais poderia deixar de abra\u00e7ar e de compartilhar tamb\u00e9m muitas realiza\u00e7\u00f5es que t\u00eam sido feitas no sentido de valorizar o profissional da educa\u00e7\u00e3o, como a certifica\u00e7\u00e3o da equipe gestora, o revalida, a reinser\u00e7\u00e3o da reg\u00eancia, melhoria da infraestrutura escolar e muitas outras conquistas\u201d.<\/p>\n<p class=\"x_MsoNormal\" style=\"text-align: justify;\">A professora Souzanira Silva tamb\u00e9m reconheceu e destacou as melhorias da educa\u00e7\u00e3o no munic\u00edpio. \u201cA Prefeitura de Juazeiro tem feito alguns investimentos para melhorar a cada dia o trabalho do professor, fazendo forma\u00e7\u00f5es e trazendo para o ambiente escolar, ferramentas multim\u00eddia, forma\u00e7\u00f5es para as disciplinas, aulas de monitoria para os alunos com dificuldades e, assim deixa o professor mais \u00e0 vontade para planejar, fazendo com que suas aulas sejam mais din\u00e2micas e proativas, para que os alunos possam aprender mais\u201d, frisou a educadora.<\/p>\n<p class=\"x_MsoNormal\" style=\"text-align: justify;\"><b>\u00a0<\/b><b>Valoriza\u00e7\u00e3o<\/b><\/p>\n<p class=\"x_MsoNormal\" style=\"text-align: justify;\">Nos \u00faltimos dois anos, com recursos pr\u00f3prios, a gest\u00e3o Suzana Ramos vem alcan\u00e7ando uma s\u00e9rie de melhorias na educa\u00e7\u00e3o municipal, potencializando o desenvolvimento pedag\u00f3gico da rede municipal. J\u00e1 s\u00e3o contabilizadas 54 escolas reestruturadas, e 11 est\u00e3o com obras em andamento na sede e no interior. S\u00e3o unidades de ensino requalificadas, climatizadas, com mobili\u00e1rio novo e mais confort\u00e1vel, parques infantis, assist\u00eancia estudantil, valoriza\u00e7\u00e3o profissional e inova\u00e7\u00e3o.<\/p>\n<p class=\"x_MsoNormal\" style=\"text-align: justify;\">O munic\u00edpio tamb\u00e9m vem investindo na carreira do professor, a atual gest\u00e3o instituiu a retomada da reg\u00eancia, sancionou a Lei 3.812 de 2023 que eleva o piso salarial dos profissionais da educa\u00e7\u00e3o em 15%, consagrando pol\u00edticas p\u00fablicas de valoriza\u00e7\u00e3o da educa\u00e7\u00e3o e de seus profissionais, al\u00e9m de cumprir com a implementa\u00e7\u00e3o de a\u00e7\u00f5es previstas no Plano de Cargos, Carreiras e Remunera\u00e7\u00f5es (PCCR), que prev\u00ea a promo\u00e7\u00e3o de forma\u00e7\u00f5es continuadas que ampliam a qualifica\u00e7\u00e3o dos profissionais e geram impactos positivos no desempenho dos estudantes.<\/p>\n<p class=\"x_MsoNormal\" style=\"text-align: justify;\">E as a\u00e7\u00f5es n\u00e3o param por a\u00ed. O munic\u00edpio tamb\u00e9m realizou concurso p\u00fablico com a oferta de mais de 500 vagas para atua\u00e7\u00e3o na Educa\u00e7\u00e3o Infantil, Anos Iniciais e Finais do Ensino Fundamental, e vai iniciar, nesta segunda-feira (16), as inscri\u00e7\u00f5es pr\u00e9vias de candidatos para a elei\u00e7\u00e3o de gestores, vice-gestores e coordenadores pedag\u00f3gicos.<\/p>\n<p class=\"x_MsoNormal\" style=\"text-align: justify;\" aria-hidden=\"true\">\n","protected":false},"excerpt":{"rendered":"<p>No Dia do Professor, celebrado neste domingo (15), a Prefeitura de Juazeiro, atrav\u00e9s da Secretaria de Educa\u00e7\u00e3o e Juventude (Seduc), celebra os investimentos do munic\u00edpio na Educa\u00e7\u00e3o, na valoriza\u00e7\u00e3o dos educadores e parabeniza toda a categoria pelo compromisso e cuidado com estudantes da rede municipal de ensino. \u201cAssim como os professores t\u00eam um compromisso com [&hellip;]<\/p>\n","protected":false},"author":1,"featured_media":58117,"comment_status":"closed","ping_status":"open","sticky":false,"template":"","format":"standard","meta":{"_uag_custom_page_level_css":"","_monsterinsights_skip_tracking":false,"_monsterinsights_sitenote_active":false,"_monsterinsights_sitenote_note":"","_monsterinsights_sitenote_category":0,"jetpack_post_was_ever_published":false,"_jetpack_newsletter_access":"","_jetpack_dont_email_post_to_subs":false,"_jetpack_newsletter_tier_id":0,"_jetpack_memberships_contains_paywalled_content":false,"_jetpack_memberships_contains_paid_content":false,"footnotes":"","jetpack_publicize_message":"","jetpack_publicize_feature_enabled":true,"jetpack_social_post_already_shared":true,"jetpack_social_options":{"image_generator_settings":{"template":"highway","default_image_id":0,"font":"","enabled":false},"version":2}},"categories":[203],"tags":[],"class_list":["post-58116","post","type-post","status-publish","format-standard","has-post-thumbnail","hentry","category-juazeiro"],"jetpack_publicize_connections":[],"jetpack_featured_media_url":"https:\/\/blogopara.com.br\/wp-content\/uploads\/2023\/10\/thumbnail_51952250593_ecfed8f19a_k.jpg","uagb_featured_image_src":{"full":["https:\/\/blogopara.com.br\/wp-content\/uploads\/2023\/10\/thumbnail_51952250593_ecfed8f19a_k.jpg",500,333,false],"thumbnail":["https:\/\/blogopara.com.br\/wp-content\/uploads\/2023\/10\/thumbnail_51952250593_ecfed8f19a_k-150x150.jpg",150,150,true],"medium":["https:\/\/blogopara.com.br\/wp-content\/uploads\/2023\/10\/thumbnail_51952250593_ecfed8f19a_k-300x200.jpg",300,200,true],"medium_large":["https:\/\/blogopara.com.br\/wp-content\/uploads\/2023\/10\/thumbnail_51952250593_ecfed8f19a_k.jpg",500,333,false],"large":["https:\/\/blogopara.com.br\/wp-content\/uploads\/2023\/10\/thumbnail_51952250593_ecfed8f19a_k.jpg",500,333,false],"1536x1536":["https:\/\/blogopara.com.br\/wp-content\/uploads\/2023\/10\/thumbnail_51952250593_ecfed8f19a_k.jpg",500,333,false],"2048x2048":["https:\/\/blogopara.com.br\/wp-content\/uploads\/2023\/10\/thumbnail_51952250593_ecfed8f19a_k.jpg",500,333,false],"mantranews-slider-large":["https:\/\/blogopara.com.br\/wp-content\/uploads\/2023\/10\/thumbnail_51952250593_ecfed8f19a_k.jpg",500,333,false],"mantranews-featured-medium":["https:\/\/blogopara.com.br\/wp-content\/uploads\/2023\/10\/thumbnail_51952250593_ecfed8f19a_k-420x307.jpg",420,307,true],"mantranews-featured-long":["https:\/\/blogopara.com.br\/wp-content\/uploads\/2023\/10\/thumbnail_51952250593_ecfed8f19a_k-300x333.jpg",300,333,true],"mantranews-block-medium":["https:\/\/blogopara.com.br\/wp-content\/uploads\/2023\/10\/thumbnail_51952250593_ecfed8f19a_k-464x290.jpg",464,290,true],"mantranews-carousel-image":["https:\/\/blogopara.com.br\/wp-content\/uploads\/2023\/10\/thumbnail_51952250593_ecfed8f19a_k.jpg",500,333,false],"mantranews-block-thumb":["https:\/\/blogopara.com.br\/wp-content\/uploads\/2023\/10\/thumbnail_51952250593_ecfed8f19a_k-322x230.jpg",322,230,true],"mantranews-single-large":["https:\/\/blogopara.com.br\/wp-content\/uploads\/2023\/10\/thumbnail_51952250593_ecfed8f19a_k.jpg",500,333,false]},"uagb_author_info":{"display_name":"Reda\u00e7\u00e3o geral","author_link":"https:\/\/blogopara.com.br\/index.php\/author\/blogopara"},"uagb_comment_info":0,"uagb_excerpt":"No Dia do Professor, celebrado neste domingo (15), a Prefeitura de Juazeiro, atrav\u00e9s da Secretaria de Educa\u00e7\u00e3o e Juventude (Seduc), celebra os investimentos do munic\u00edpio na Educa\u00e7\u00e3o, na valoriza\u00e7\u00e3o dos educadores e parabeniza toda a categoria pelo compromisso e cuidado com estudantes da rede municipal de ensino. \u201cAssim como os professores t\u00eam um compromisso com&hellip;","jetpack_sharing_enabled":true,"jetpack_likes_enabled":true,"_links":{"self":[{"href":"https:\/\/blogopara.com.br\/index.php\/wp-json\/wp\/v2\/posts\/58116","targetHints":{"allow":["GET"]}}],"collection":[{"href":"https:\/\/blogopara.com.br\/index.php\/wp-json\/wp\/v2\/posts"}],"about":[{"href":"https:\/\/blogopara.com.br\/index.php\/wp-json\/wp\/v2\/types\/post"}],"author":[{"embeddable":true,"href":"https:\/\/blogopara.com.br\/index.php\/wp-json\/wp\/v2\/users\/1"}],"replies":[{"embeddable":true,"href":"https:\/\/blogopara.com.br\/index.php\/wp-json\/wp\/v2\/comments?post=58116"}],"version-history":[{"count":1,"href":"https:\/\/blogopara.com.br\/index.php\/wp-json\/wp\/v2\/posts\/58116\/revisions"}],"predecessor-version":[{"id":58118,"href":"https:\/\/blogopara.com.br\/index.php\/wp-json\/wp\/v2\/posts\/58116\/revisions\/58118"}],"wp:featuredmedia":[{"embeddable":true,"href":"https:\/\/blogopara.com.br\/index.php\/wp-json\/wp\/v2\/media\/58117"}],"wp:attachment":[{"href":"https:\/\/blogopara.com.br\/index.php\/wp-json\/wp\/v2\/media?parent=58116"}],"wp:term":[{"taxonomy":"category","embeddable":true,"href":"https:\/\/blogopara.com.br\/index.php\/wp-json\/wp\/v2\/categories?post=58116"},{"taxonomy":"post_tag","embeddable":true,"href":"https:\/\/blogopara.com.br\/index.php\/wp-json\/wp\/v2\/tags?post=58116"}],"curies":[{"name":"wp","href":"https:\/\/api.w.org\/{rel}","templated":true}]}}