{"id":58126,"date":"2023-10-16T10:00:00","date_gmt":"2023-10-16T13:00:00","guid":{"rendered":"https:\/\/blogopara.com.br\/?p=58126"},"modified":"2023-10-15T10:06:13","modified_gmt":"2023-10-15T13:06:13","slug":"terceira-maior-cidade-da-bahia-registra-mais-de-100-casos-de-violencia-sexual-contra-criancas-no-1-semestre-de-2023","status":"publish","type":"post","link":"https:\/\/blogopara.com.br\/index.php\/2023\/10\/16\/terceira-maior-cidade-da-bahia-registra-mais-de-100-casos-de-violencia-sexual-contra-criancas-no-1-semestre-de-2023","title":{"rendered":"Terceira maior cidade da Bahia registra mais de 100 casos de viol\u00eancia sexual contra crian\u00e7as no 1\u00b0 semestre de 2023"},"content":{"rendered":"<div id=\"chunk-euogq\">\n<div class=\"mc-column content-text active-extra-styles \" data-block-type=\"unstyled\" data-block-weight=\"42\" data-block-id=\"3\">\n<p class=\" content-text__container \" style=\"text-align: justify;\" data-track-category=\"Link no Texto\" data-track-links=\"\">Vit\u00f3ria da Conquista, terceira maior cidade da Bahia, registrou mais de 100 casos de viol\u00eancia sexual contra crian\u00e7as no 1\u00b0 semestre de 2023. Segundo a Pol\u00edcia Civil, na maioria dos casos, os abusos foram cometidos por parentes ou pessoas pr\u00f3ximas \u00e0 fam\u00edlia.<\/p>\n<\/div>\n<\/div>\n<div class=\"wall protected-content\">\n<div id=\"chunk-bn83u\" style=\"text-align: justify;\">\n<div class=\"mc-column content-text active-extra-styles \" data-block-type=\"unstyled\" data-block-weight=\"48\" data-block-id=\"5\">\n<p class=\" content-text__container \" data-track-category=\"Link no Texto\" data-track-links=\"\">&#8220;Na realidade, a gente acredita que essas crian\u00e7as e esses adolescentes est\u00e3o precisando de uma prote\u00e7\u00e3o maior dentro das suas casas. Toda vez que a den\u00fancia chega na gente, a v\u00edtima j\u00e1 foi abusada cotidianamente&#8221;, disse a delegada do N\u00facleo de Defesa da Crian\u00e7a e Adolescente, Rosilene Moreira.<\/p>\n<\/div>\n<\/div>\n<div id=\"chunk-fu7b6\" style=\"text-align: justify;\">\n<div class=\"mc-column content-text active-extra-styles \" data-block-type=\"unstyled\" data-block-weight=\"31\" data-block-id=\"7\">\n<p class=\" content-text__container \" data-track-category=\"Link no Texto\" data-track-links=\"\">&#8220;Qualquer ato que simule uma conota\u00e7\u00e3o sexual, um beijo lascivo, pegar nas partes \u00edntimas, convidar uma crian\u00e7a para uma situa\u00e7\u00e3o de sexo, s\u00e3o crimes e devem ser denunciados&#8221;, explicou a delegada.<\/p>\n<\/div>\n<\/div>\n<div id=\"chunk-1kk6j\" style=\"text-align: justify;\">\n<div class=\"row medium-uncollapsed content-media content-photo\" data-block-type=\"backstage-photo\" data-block-id=\"8\">\n<div class=\" mc-column  content-media__container\">\n<div class=\"content-media-container glb-skeleton-box\">\n<figure class=\"content-media-figure\">\n<p><figure style=\"width: 647px\" class=\"wp-caption aligncenter\"><img loading=\"lazy\" decoding=\"async\" class=\"i-amphtml-fill-content i-amphtml-replaced-content\" src=\"https:\/\/s2-g1.glbimg.com\/3I-75xt1VhOeoRb_L5vn-TpbkaU=\/0x0:1209x729\/984x0\/smart\/filters:strip_icc()\/i.s3.glbimg.com\/v1\/AUTH_59edd422c0c84a879bd37670ae4f538a\/internal_photos\/bs\/2023\/L\/B\/HnvBKRQTOd9Bh5EAFIhA\/whatsapp-image-2023-10-11-at-14.17.13.jpeg\" sizes=\"auto, (max-width: 1366px) 648px, 100vw\" srcset=\"https:\/\/s2-g1.glbimg.com\/hlATuSxSlhJ6i_YzldozgihygCk=\/0x0:1209x729\/1000x0\/smart\/filters:strip_icc()\/i.s3.glbimg.com\/v1\/AUTH_59edd422c0c84a879bd37670ae4f538a\/internal_photos\/bs\/2023\/L\/B\/HnvBKRQTOd9Bh5EAFIhA\/whatsapp-image-2023-10-11-at-14.17.13.jpeg 1000w, https:\/\/s2-g1.glbimg.com\/3I-75xt1VhOeoRb_L5vn-TpbkaU=\/0x0:1209x729\/984x0\/smart\/filters:strip_icc()\/i.s3.glbimg.com\/v1\/AUTH_59edd422c0c84a879bd37670ae4f538a\/internal_photos\/bs\/2023\/L\/B\/HnvBKRQTOd9Bh5EAFIhA\/whatsapp-image-2023-10-11-at-14.17.13.jpeg 984w, https:\/\/s2-g1.glbimg.com\/uzLYnOwurLs5PO2_sslRNcGi630=\/0x0:1209x729\/640x0\/smart\/filters:strip_icc()\/i.s3.glbimg.com\/v1\/AUTH_59edd422c0c84a879bd37670ae4f538a\/internal_photos\/bs\/2023\/L\/B\/HnvBKRQTOd9Bh5EAFIhA\/whatsapp-image-2023-10-11-at-14.17.13.jpeg 640w, https:\/\/s2-g1.glbimg.com\/mMjgDK5cnFIaKvh0mVnKwPQuXSw=\/0x0:1209x729\/600x0\/smart\/filters:strip_icc()\/i.s3.glbimg.com\/v1\/AUTH_59edd422c0c84a879bd37670ae4f538a\/internal_photos\/bs\/2023\/L\/B\/HnvBKRQTOd9Bh5EAFIhA\/whatsapp-image-2023-10-11-at-14.17.13.jpeg 600w\" alt=\"V\u00edtimas t\u00eam direito de escuta protegida \u2014 Foto: Reprodu\u00e7\u00e3o\/TV Sudoeste\" width=\"647\" height=\"390\" \/><figcaption class=\"wp-caption-text\">V\u00edtimas t\u00eam direito de escuta protegida \u2014 Foto: Reprodu\u00e7\u00e3o\/TV Sudoeste<\/figcaption><\/figure><\/figure>\n<\/div>\n<\/div>\n<\/div>\n<\/div>\n<div id=\"chunk-38h16\" style=\"text-align: justify;\">\n<div class=\"mc-column content-text active-extra-styles \" data-block-type=\"unstyled\" data-block-weight=\"35\" data-block-id=\"9\">\n<p class=\" content-text__container \" data-track-category=\"Link no Texto\" data-track-links=\"\">O Centro Integrado dos Direitos da Crian\u00e7a e do Adolescente de Vit\u00f3ria da Conquista \u00e9 a rede de prote\u00e7\u00e3o e de apoio no munic\u00edpio. No local, funcionam v\u00e1rios servi\u00e7os, entre eles o da escuta protegida.<\/p>\n<\/div>\n<\/div>\n<div id=\"chunk-d900k\" style=\"text-align: justify;\">\n<div class=\"mc-column content-text active-extra-styles \" data-block-type=\"unstyled\" data-block-weight=\"36\" data-block-id=\"10\">\n<p class=\" content-text__container \" data-track-category=\"Link no Texto\" data-track-links=\"\">&#8220;Antigamente essa escuta era feita dentro da sala de audi\u00eancia, onde todos os operadores do direito estavam presentes, e qu\/\/e n\u00e3o era um ambiente inadequado para a crian\u00e7a e adolescente&#8221;, afirmou a entrevistadora forense S\u00edlvia Azevedo.<\/p>\n<\/div>\n<\/div>\n<div id=\"chunk-80hr7\" style=\"text-align: justify;\">\n<div class=\"mc-column content-text active-extra-styles \" data-block-type=\"unstyled\" data-block-weight=\"24\" data-block-id=\"12\">\n<p class=\" content-text__container \" data-track-category=\"Link no Texto\" data-track-links=\"\">Durante a escuta protegida, crian\u00e7as e adolescentes v\u00edtimas ou testemunhas de viol\u00eancia contam com atendimentos que garantem a prote\u00e7\u00e3o durante todo o processo judicial.<\/p>\n<\/div>\n<\/div>\n<div id=\"chunk-en30e\" style=\"text-align: justify;\">\n<div class=\"mc-column content-text active-extra-styles \" data-block-type=\"unstyled\" data-block-weight=\"40\" data-block-id=\"15\">\n<p class=\" content-text__container \" data-track-category=\"Link no Texto\" data-track-links=\"\">Segundo os \u00f3rg\u00e3os de seguran\u00e7a, a maioria das crian\u00e7as que s\u00e3o abusadas sexualmente n\u00e3o sabe diferenciar afeto de abuso. Para mudar essa realidade, especialistas apontam que \u00e9 preciso abordar a educa\u00e7\u00e3o sexual com as v\u00edtimas, como forma de preven\u00e7\u00e3o.<\/p>\n<\/div>\n<\/div>\n<div id=\"chunk-5t84a\" style=\"text-align: justify;\">\n<div class=\"mc-column content-text active-extra-styles \" data-block-type=\"unstyled\" data-block-weight=\"30\" data-block-id=\"16\">\n<p class=\" content-text__container \" data-track-category=\"Link no Texto\" data-track-links=\"\">De acordo com os especialistas, al\u00e9m de abordar aspectos comportamentais e de sa\u00fade, a educa\u00e7\u00e3o sexual tamb\u00e9m ajuda crian\u00e7as a identificarem casos de abusos dentro e fora de casa.<\/p>\n<p class=\" content-text__container \" data-track-category=\"Link no Texto\" data-track-links=\"\"><span style=\"color: initial;\">&#8220;A maior parte das crian\u00e7as que passam pela viol\u00eancia s\u00e3o violentadas mais de uma vez. Os abusos sexuais s\u00e3o feitos de forma reiterada&#8221;, explicou a entrevistadora forense S\u00edlvia Azevedo.<\/span><\/p>\n<\/div>\n<\/div>\n<div id=\"chunk-39ra8\">\n<div class=\"row medium-uncollapsed content-media content-photo\" data-block-type=\"backstage-photo\" data-block-id=\"18\">\n<div class=\" mc-column  content-media__container\">\n<div class=\"content-media-container glb-skeleton-box\">\n<p style=\"text-align: justify;\"><em>Fonte: g1 Bahia<\/em><\/p>\n<\/div>\n<\/div>\n<\/div>\n<\/div>\n<\/div>\n","protected":false},"excerpt":{"rendered":"<p>Vit\u00f3ria da Conquista, terceira maior cidade da Bahia, registrou mais de 100 casos de viol\u00eancia sexual contra crian\u00e7as no 1\u00b0 semestre de 2023. Segundo a Pol\u00edcia Civil, na maioria dos casos, os abusos foram cometidos por parentes ou pessoas pr\u00f3ximas \u00e0 fam\u00edlia. &#8220;Na realidade, a gente acredita que essas crian\u00e7as e esses adolescentes est\u00e3o precisando [&hellip;]<\/p>\n","protected":false},"author":1,"featured_media":58127,"comment_status":"closed","ping_status":"open","sticky":false,"template":"","format":"standard","meta":{"_uag_custom_page_level_css":"","_monsterinsights_skip_tracking":false,"_monsterinsights_sitenote_active":false,"_monsterinsights_sitenote_note":"","_monsterinsights_sitenote_category":0,"jetpack_post_was_ever_published":false,"_jetpack_newsletter_access":"","_jetpack_dont_email_post_to_subs":false,"_jetpack_newsletter_tier_id":0,"_jetpack_memberships_contains_paywalled_content":false,"_jetpack_memberships_contains_paid_content":false,"footnotes":"","jetpack_publicize_message":"","jetpack_publicize_feature_enabled":true,"jetpack_social_post_already_shared":true,"jetpack_social_options":{"image_generator_settings":{"template":"highway","default_image_id":0,"font":"","enabled":false},"version":2}},"categories":[199,10104],"tags":[11,11073,402],"class_list":["post-58126","post","type-post","status-publish","format-standard","has-post-thumbnail","hentry","category-bahia","category-violencia","tag-bahia","tag-violencia-sexual","tag-vitoria-da-conquista"],"jetpack_publicize_connections":[],"jetpack_featured_media_url":"https:\/\/blogopara.com.br\/wp-content\/uploads\/2023\/10\/whatsapp-image-2023-10-11-at-14.17.35-e1697375164384.webp","uagb_featured_image_src":{"full":["https:\/\/blogopara.com.br\/wp-content\/uploads\/2023\/10\/whatsapp-image-2023-10-11-at-14.17.35-e1697375164384.webp",500,294,false],"thumbnail":["https:\/\/blogopara.com.br\/wp-content\/uploads\/2023\/10\/whatsapp-image-2023-10-11-at-14.17.35-150x150.webp",150,150,true],"medium":["https:\/\/blogopara.com.br\/wp-content\/uploads\/2023\/10\/whatsapp-image-2023-10-11-at-14.17.35-300x177.webp",300,177,true],"medium_large":["https:\/\/blogopara.com.br\/wp-content\/uploads\/2023\/10\/whatsapp-image-2023-10-11-at-14.17.35-768x452.webp",640,377,true],"large":["https:\/\/blogopara.com.br\/wp-content\/uploads\/2023\/10\/whatsapp-image-2023-10-11-at-14.17.35-e1697375164384.webp",500,294,false],"1536x1536":["https:\/\/blogopara.com.br\/wp-content\/uploads\/2023\/10\/whatsapp-image-2023-10-11-at-14.17.35-e1697375164384.webp",500,294,false],"2048x2048":["https:\/\/blogopara.com.br\/wp-content\/uploads\/2023\/10\/whatsapp-image-2023-10-11-at-14.17.35-e1697375164384.webp",500,294,false],"mantranews-slider-large":["https:\/\/blogopara.com.br\/wp-content\/uploads\/2023\/10\/whatsapp-image-2023-10-11-at-14.17.35-e1697375164384.webp",500,294,false],"mantranews-featured-medium":["https:\/\/blogopara.com.br\/wp-content\/uploads\/2023\/10\/whatsapp-image-2023-10-11-at-14.17.35-420x307.webp",420,307,true],"mantranews-featured-long":["https:\/\/blogopara.com.br\/wp-content\/uploads\/2023\/10\/whatsapp-image-2023-10-11-at-14.17.35-300x443.webp",300,443,true],"mantranews-block-medium":["https:\/\/blogopara.com.br\/wp-content\/uploads\/2023\/10\/whatsapp-image-2023-10-11-at-14.17.35-464x290.webp",464,290,true],"mantranews-carousel-image":["https:\/\/blogopara.com.br\/wp-content\/uploads\/2023\/10\/whatsapp-image-2023-10-11-at-14.17.35-600x500.webp",600,500,true],"mantranews-block-thumb":["https:\/\/blogopara.com.br\/wp-content\/uploads\/2023\/10\/whatsapp-image-2023-10-11-at-14.17.35-322x230.webp",322,230,true],"mantranews-single-large":["https:\/\/blogopara.com.br\/wp-content\/uploads\/2023\/10\/whatsapp-image-2023-10-11-at-14.17.35-e1697375164384.webp",500,294,false]},"uagb_author_info":{"display_name":"Reda\u00e7\u00e3o geral","author_link":"https:\/\/blogopara.com.br\/index.php\/author\/blogopara"},"uagb_comment_info":0,"uagb_excerpt":"Vit\u00f3ria da Conquista, terceira maior cidade da Bahia, registrou mais de 100 casos de viol\u00eancia sexual contra crian\u00e7as no 1\u00b0 semestre de 2023. Segundo a Pol\u00edcia Civil, na maioria dos casos, os abusos foram cometidos por parentes ou pessoas pr\u00f3ximas \u00e0 fam\u00edlia. &#8220;Na realidade, a gente acredita que essas crian\u00e7as e esses adolescentes est\u00e3o precisando&hellip;","jetpack_sharing_enabled":true,"jetpack_likes_enabled":true,"_links":{"self":[{"href":"https:\/\/blogopara.com.br\/index.php\/wp-json\/wp\/v2\/posts\/58126","targetHints":{"allow":["GET"]}}],"collection":[{"href":"https:\/\/blogopara.com.br\/index.php\/wp-json\/wp\/v2\/posts"}],"about":[{"href":"https:\/\/blogopara.com.br\/index.php\/wp-json\/wp\/v2\/types\/post"}],"author":[{"embeddable":true,"href":"https:\/\/blogopara.com.br\/index.php\/wp-json\/wp\/v2\/users\/1"}],"replies":[{"embeddable":true,"href":"https:\/\/blogopara.com.br\/index.php\/wp-json\/wp\/v2\/comments?post=58126"}],"version-history":[{"count":1,"href":"https:\/\/blogopara.com.br\/index.php\/wp-json\/wp\/v2\/posts\/58126\/revisions"}],"predecessor-version":[{"id":58128,"href":"https:\/\/blogopara.com.br\/index.php\/wp-json\/wp\/v2\/posts\/58126\/revisions\/58128"}],"wp:featuredmedia":[{"embeddable":true,"href":"https:\/\/blogopara.com.br\/index.php\/wp-json\/wp\/v2\/media\/58127"}],"wp:attachment":[{"href":"https:\/\/blogopara.com.br\/index.php\/wp-json\/wp\/v2\/media?parent=58126"}],"wp:term":[{"taxonomy":"category","embeddable":true,"href":"https:\/\/blogopara.com.br\/index.php\/wp-json\/wp\/v2\/categories?post=58126"},{"taxonomy":"post_tag","embeddable":true,"href":"https:\/\/blogopara.com.br\/index.php\/wp-json\/wp\/v2\/tags?post=58126"}],"curies":[{"name":"wp","href":"https:\/\/api.w.org\/{rel}","templated":true}]}}