{"id":58132,"date":"2023-10-16T12:00:00","date_gmt":"2023-10-16T15:00:00","guid":{"rendered":"https:\/\/blogopara.com.br\/?p=58132"},"modified":"2023-10-15T10:20:39","modified_gmt":"2023-10-15T13:20:39","slug":"o-que-os-bombeiros-encontraram-dentro-do-apartamento-de-karol-eller","status":"publish","type":"post","link":"https:\/\/blogopara.com.br\/index.php\/2023\/10\/16\/o-que-os-bombeiros-encontraram-dentro-do-apartamento-de-karol-eller","title":{"rendered":"O que os bombeiros encontraram dentro do apartamento de Karol Eller"},"content":{"rendered":"<p style=\"text-align: justify;\">Logo depois de a influencer bolsonarista\u00a0Karol Eller, de 36 anos,\u00a0tirar a pr\u00f3pria vida\u00a0ao se atirar do 5\u00ba andar do pr\u00e9dio em que morava, na zona sul de\u00a0S\u00e3o Paulo, o im\u00f3vel foi arrombado por bombeiros. Ela morreu logo ap\u00f3s a queda, na noite da \u00faltima quinta-feira (12\/10), no bairro do Campo Belo.<\/p>\n<p style=\"text-align: justify;\" data-gtm-vis-recent-on-screen104869357_94=\"17224\" data-gtm-vis-first-on-screen104869357_94=\"17224\" data-gtm-vis-total-visible-time104869357_94=\"100\" data-gtm-vis-has-fired104869357_94=\"1\">Antes de pular da janela de seu apartamento, ela havia publicado mensagens nas redes sociais com afirma\u00e7\u00f5es como \u201cperdi a guerra\u201d e \u201clutei pela p\u00e1tria\u201d. Por causa disso, um dos moradores do pr\u00e9dio chegou a interfonar para alertar o porteiro Odair da Silva, de 40 anos.<\/p>\n<p style=\"text-align: justify;\">Ele e policiais militares, que chegaram em seguida,\u00a0tentaram sem sucesso conversar com Karol, quando ela j\u00e1 estava do lado de fora da janela de seu apartamento.<\/p>\n<p style=\"text-align: justify;\">Assim que a morte de Karol foi confirmada, pela socorrista de uma Unidade de Resgate dos\u00a0Bombeiros, membros da corpora\u00e7\u00e3o arrombaram o apartamento dela, \u201cpara tentar encontrar documenta\u00e7\u00e3o\u201d da v\u00edtima.<\/p>\n<p style=\"text-align: justify;\">No im\u00f3vel, os militares encontraram \u201cbastante medica\u00e7\u00e3o\u201d, conforme registros da\u00a0Pol\u00edcia Civil, nos quais n\u00e3o \u00e9 especificada a quantidade e o tipo de rem\u00e9dio.<\/p>\n<div class=\"m-banner-wrap m-banner-rectangle m-publicity-content-middle\" style=\"text-align: justify;\">\n<div id=\"div-gpt-ad-sao-paulo-quadrado-2\" class=\"ad-displayed\" data-google-query-id=\"CJ_m66WR-IEDFQ5P3QIdgncHNg\">\n<div id=\"google_ads_iframe_\/123935210\/sao-paulo-quadrado-2_0__container__\"><span style=\"font-size: revert; color: initial;\">Al\u00e9m da medica\u00e7\u00e3o, os bombeiros encontraram manchas de sangue no sof\u00e1 e na cama da v\u00edtima. N\u00e3o havia, segundo documento policial ao qual o\u00a0<\/span><strong style=\"font-size: revert; color: initial;\">Metr\u00f3poles<\/strong><span style=\"font-size: revert; color: initial;\">\u00a0teve acesso, \u201csinais aparentes de luta corporal\u201d. O caso foi registrado como suic\u00eddio consumado pelo 27\u00ba DP (Campo Belo).<\/span><\/div>\n<\/div>\n<\/div>\n<h4 style=\"text-align: justify;\">Porteiro e PM<\/h4>\n<p style=\"text-align: justify;\">O porteiro Odair da Silva afirmou, em depoimento \u00e0\u00a0Pol\u00edcia Civil, que, por volta das 22h, no mesmo instante em que foi informado das postagens de Karol no Instagram, uma viatura da Pol\u00edcia Militar chegou ao condom\u00ednio<\/p>\n<p style=\"text-align: justify;\">Uma sargento e um soldado da PM tentaram dialogar brevemente com a influencer, da mesma forma que o porteiro. \u201cNo entanto, logo na sequ\u00eancia, a v\u00edtima se atirou do 5\u00ba andar do edif\u00edcio.\u201d<\/p>\n<p style=\"text-align: justify;\">Como revelado pelo\u00a0<strong>Metr\u00f3poles<\/strong>, Karol Eller\u00a0falou sobre sua depress\u00e3o em uma live feita com o pastor Wellington Rocha, da igreja Assembleia de Deus, e comentou sobre uma carta de suic\u00eddio que teria escrito duas semanas antes de fazer um retiro espiritual.<\/p>\n<p style=\"text-align: justify;\">Registrada como Fl\u00e1via Caroline de Andrade Eller, a influencer conversou com o religioso, no dia 17 de setembro, tamb\u00e9m sobre sua ren\u00fancia \u00e0 homossexualidade, decidida ap\u00f3s o retiro realizado em Minas Gerais, estado onde nasceu (<em>assista abaixo<\/em>).<\/p>\n<div style=\"text-align: justify;\"><iframe loading=\"lazy\" title=\"Karol Eller Exp\u00f4s Depress\u00e3o Em Live Com Pastor Antes De Retiro Religioso\" src=\"https:\/\/cdn.jwplayer.com\/players\/0XeAnlhS-HdA8q6gX.html\" width=\"100%\" height=\"100%\" frameborder=\"0\" scrolling=\"auto\" allowfullscreen=\"allowfullscreen\" data-mce-fragment=\"1\"><\/iframe><\/div>\n<p style=\"text-align: justify;\">\u201cDeus me ama como eu sou. Mas n\u00e3o como eu estava. Ele me ama como eu estava, mas ele n\u00e3o quer as minhas pr\u00e1ticas\u201d, afirma a influenciadora ao pastor.<\/p>\n<p style=\"text-align: justify;\">Ela diz ainda ao religioso e amigo, com o qual realizava transmiss\u00f5es ao vivo pela internet, que teria escrito uma carta de teor suicida duas semanas antes do retiro.<\/p>\n<h4 style=\"text-align: justify;\">Ren\u00fancia<\/h4>\n<p style=\"text-align: justify;\">Usando uma camiseta estampada com a palavra \u201cren\u00fancia\u201d, o pastor Wellington compartilhou um v\u00eddeo, por volta das 4h desta sexta-feira (13\/10), no qual afirma estar perplexo com a morte da amiga.<\/p>\n<p style=\"text-align: justify;\">Horas depois, ele compartilhou uma nota de pesar, afirmando n\u00e3o existir palavras para expressar \u201ca dor e a tristeza\u201d, e alertou os seguidores. \u201cN\u00e3o sei se pode servir como alerta. Mas algu\u00e9m com depress\u00e3o n\u00e3o pode ficar sozinho.\u201d<\/p>\n<p style=\"text-align: justify;\">\u201cVoc\u00ea iluminou o mundo com sua luz, e nem agora sua estrela h\u00e1 de apagar, seu legado permanecer\u00e1 propagado por aqueles que voc\u00ea cativou. Prefiro lembrar do seu sorriso, da sua autenticidade, sinceridade, honestidade em ser o que voc\u00ea \u00e9.\u201d<\/p>\n<h4 style=\"text-align: justify;\">Prima de Cassia Eller<\/h4>\n<p style=\"text-align: justify;\">Karol era prima de terceiro grau da cantora Cassia Eller, que morreu em 2001. Antes de se tornar influenciadora digital, chegou a ser promotora de eventos e relatava como era viver nos Estados Unidos. Ela acumulava, na ocasi\u00e3o, mais de 200 mil seguidores no Instagram e 700 mil no Facebook.<\/p>\n<p style=\"text-align: justify;\">No fim de 2019, ap\u00f3s se aproximar da fam\u00edlia Bolsonaro, foi nomeada em cargo da Empresa Brasil de Comunica\u00e7\u00e3o (EBC), mas acabou exonerada no in\u00edcio deste ano, ap\u00f3s participar dos ataques antidemocr\u00e1ticos do 8 de Janeiro.<\/p>\n<h4 style=\"text-align: justify;\"><strong>Disque 188<\/strong><\/h4>\n<p style=\"text-align: justify;\">A cada m\u00eas, em m\u00e9dia, mil pessoas procuram ajuda no Centro de Valoriza\u00e7\u00e3o da Vida (CVV). S\u00e3o 33 casos por dia, ou mais de um por hora. Se n\u00e3o for tratada, a depress\u00e3o pode levar a atitudes extremas.<\/p>\n<p style=\"text-align: justify;\">Segundo dados da Organiza\u00e7\u00e3o Mundial da Sa\u00fade (OMS), a cada dia, 32 pessoas cometem suic\u00eddio no Brasil. Hoje, o CVV \u00e9 um dos poucos servi\u00e7os em Bras\u00edlia em que se pode encontrar ajuda de gra\u00e7a. Cerca de 50 volunt\u00e1rios atendem a quem precisa, 24 horas por dia.<\/p>\n<p><em>Fonte: Metr\u00f3poles<\/em><\/p>\n","protected":false},"excerpt":{"rendered":"<p>Logo depois de a influencer bolsonarista\u00a0Karol Eller, de 36 anos,\u00a0tirar a pr\u00f3pria vida\u00a0ao se atirar do 5\u00ba andar do pr\u00e9dio em que morava, na zona sul de\u00a0S\u00e3o Paulo, o im\u00f3vel foi arrombado por bombeiros. Ela morreu logo ap\u00f3s a queda, na noite da \u00faltima quinta-feira (12\/10), no bairro do Campo Belo. Antes de pular da [&hellip;]<\/p>\n","protected":false},"author":1,"featured_media":58133,"comment_status":"closed","ping_status":"open","sticky":false,"template":"","format":"standard","meta":{"_uag_custom_page_level_css":"","_monsterinsights_skip_tracking":false,"_monsterinsights_sitenote_active":false,"_monsterinsights_sitenote_note":"","_monsterinsights_sitenote_category":0,"jetpack_post_was_ever_published":false,"_jetpack_newsletter_access":"","_jetpack_dont_email_post_to_subs":false,"_jetpack_newsletter_tier_id":0,"_jetpack_memberships_contains_paywalled_content":false,"_jetpack_memberships_contains_paid_content":false,"footnotes":"","jetpack_publicize_message":"","jetpack_publicize_feature_enabled":true,"jetpack_social_post_already_shared":true,"jetpack_social_options":{"image_generator_settings":{"template":"highway","default_image_id":0,"font":"","enabled":false},"version":2}},"categories":[201,200],"tags":[1367,14,11075],"class_list":["post-58132","post","type-post","status-publish","format-standard","has-post-thumbnail","hentry","category-bombeiro","category-brasil","tag-bombeiros","tag-brasil","tag-karol-eller"],"jetpack_publicize_connections":[],"jetpack_featured_media_url":"https:\/\/blogopara.com.br\/wp-content\/uploads\/2023\/10\/Karol-Eller-2-1-e1697376030320.webp","uagb_featured_image_src":{"full":["https:\/\/blogopara.com.br\/wp-content\/uploads\/2023\/10\/Karol-Eller-2-1-e1697376030320.webp",500,333,false],"thumbnail":["https:\/\/blogopara.com.br\/wp-content\/uploads\/2023\/10\/Karol-Eller-2-1-150x150.webp",150,150,true],"medium":["https:\/\/blogopara.com.br\/wp-content\/uploads\/2023\/10\/Karol-Eller-2-1-300x200.webp",300,200,true],"medium_large":["https:\/\/blogopara.com.br\/wp-content\/uploads\/2023\/10\/Karol-Eller-2-1-768x512.webp",640,427,true],"large":["https:\/\/blogopara.com.br\/wp-content\/uploads\/2023\/10\/Karol-Eller-2-1-e1697376030320.webp",500,333,false],"1536x1536":["https:\/\/blogopara.com.br\/wp-content\/uploads\/2023\/10\/Karol-Eller-2-1-e1697376030320.webp",500,333,false],"2048x2048":["https:\/\/blogopara.com.br\/wp-content\/uploads\/2023\/10\/Karol-Eller-2-1-e1697376030320.webp",500,333,false],"mantranews-slider-large":["https:\/\/blogopara.com.br\/wp-content\/uploads\/2023\/10\/Karol-Eller-2-1-e1697376030320.webp",500,333,false],"mantranews-featured-medium":["https:\/\/blogopara.com.br\/wp-content\/uploads\/2023\/10\/Karol-Eller-2-1-420x307.webp",420,307,true],"mantranews-featured-long":["https:\/\/blogopara.com.br\/wp-content\/uploads\/2023\/10\/Karol-Eller-2-1-300x443.webp",300,443,true],"mantranews-block-medium":["https:\/\/blogopara.com.br\/wp-content\/uploads\/2023\/10\/Karol-Eller-2-1-464x290.webp",464,290,true],"mantranews-carousel-image":["https:\/\/blogopara.com.br\/wp-content\/uploads\/2023\/10\/Karol-Eller-2-1-600x500.webp",600,500,true],"mantranews-block-thumb":["https:\/\/blogopara.com.br\/wp-content\/uploads\/2023\/10\/Karol-Eller-2-1-322x230.webp",322,230,true],"mantranews-single-large":["https:\/\/blogopara.com.br\/wp-content\/uploads\/2023\/10\/Karol-Eller-2-1-e1697376030320.webp",500,333,false]},"uagb_author_info":{"display_name":"Reda\u00e7\u00e3o geral","author_link":"https:\/\/blogopara.com.br\/index.php\/author\/blogopara"},"uagb_comment_info":0,"uagb_excerpt":"Logo depois de a influencer bolsonarista\u00a0Karol Eller, de 36 anos,\u00a0tirar a pr\u00f3pria vida\u00a0ao se atirar do 5\u00ba andar do pr\u00e9dio em que morava, na zona sul de\u00a0S\u00e3o Paulo, o im\u00f3vel foi arrombado por bombeiros. Ela morreu logo ap\u00f3s a queda, na noite da \u00faltima quinta-feira (12\/10), no bairro do Campo Belo. Antes de pular da&hellip;","jetpack_sharing_enabled":true,"jetpack_likes_enabled":true,"_links":{"self":[{"href":"https:\/\/blogopara.com.br\/index.php\/wp-json\/wp\/v2\/posts\/58132","targetHints":{"allow":["GET"]}}],"collection":[{"href":"https:\/\/blogopara.com.br\/index.php\/wp-json\/wp\/v2\/posts"}],"about":[{"href":"https:\/\/blogopara.com.br\/index.php\/wp-json\/wp\/v2\/types\/post"}],"author":[{"embeddable":true,"href":"https:\/\/blogopara.com.br\/index.php\/wp-json\/wp\/v2\/users\/1"}],"replies":[{"embeddable":true,"href":"https:\/\/blogopara.com.br\/index.php\/wp-json\/wp\/v2\/comments?post=58132"}],"version-history":[{"count":1,"href":"https:\/\/blogopara.com.br\/index.php\/wp-json\/wp\/v2\/posts\/58132\/revisions"}],"predecessor-version":[{"id":58134,"href":"https:\/\/blogopara.com.br\/index.php\/wp-json\/wp\/v2\/posts\/58132\/revisions\/58134"}],"wp:featuredmedia":[{"embeddable":true,"href":"https:\/\/blogopara.com.br\/index.php\/wp-json\/wp\/v2\/media\/58133"}],"wp:attachment":[{"href":"https:\/\/blogopara.com.br\/index.php\/wp-json\/wp\/v2\/media?parent=58132"}],"wp:term":[{"taxonomy":"category","embeddable":true,"href":"https:\/\/blogopara.com.br\/index.php\/wp-json\/wp\/v2\/categories?post=58132"},{"taxonomy":"post_tag","embeddable":true,"href":"https:\/\/blogopara.com.br\/index.php\/wp-json\/wp\/v2\/tags?post=58132"}],"curies":[{"name":"wp","href":"https:\/\/api.w.org\/{rel}","templated":true}]}}